{"id":462223,"date":"2026-03-06T17:45:22","date_gmt":"2026-03-06T22:45:22","guid":{"rendered":"https:\/\/primermomento.com\/?p=462223"},"modified":"2026-03-07T07:08:14","modified_gmt":"2026-03-07T12:08:14","slug":"presidente-abinader-arriba-a-miami-para-participar-en-cumbre-regional-convocada-por-donald-trump","status":"publish","type":"post","link":"https:\/\/primermomento.com\/?p=462223","title":{"rendered":"Presidente Abinader arriba a Miami para participar en cumbre regional convocada por Donald Trump"},"content":{"rendered":"<p><em><strong>Por Servicios de Primermomento.com<\/strong><\/em><\/p>\n<p>Miami, EEUU.- El presidente de la Rep\u00fablica Dominicana, Luis Abinader,\u00a0arrib\u00f3 este viernes a las\u00a02:24 de la tarde\u00a0(hora de Miami) al\u00a0Aeropuerto Internacional de Miami,\u00a0para asistir a la\u00a0cumbre presidencial\u00a0convocada por el mandatario de los Estados Unidos,\u00a0Donald Trump.<\/p>\n<p><strong>Agenda estrat\u00e9gica y temas de inter\u00e9s com\u00fan<\/strong><\/p>\n<p>La cumbre, que se celebrar\u00e1 este s\u00e1bado\u00a07 de marzo, reunir\u00e1 a diversos\u00a0l\u00edderes internacionales\u00a0en un encuentro orientado a abordar desaf\u00edos en el \u00e1mbito regional y global.<\/p>\n<p>Esta cumbre lleva como nombre \u201cEscudo de las Am\u00e9ricas\u201d\u00a0y tiene por objetivo promover la\u00a0libertad, la seguridad y la prosperidad\u00a0en la regi\u00f3n.<\/p>\n<p>El presidente Trump dialogar\u00e1 con los l\u00edderes de estos pa\u00edses para trabajar juntos y abordar la\u00a0migraci\u00f3n ilegal y masiva\u00a0en Estados Unidos y el hemisferio occidental, as\u00ed como la amenaza de\u00a0bandas criminales, narcotraficantes y terroristas, seguridad\u00a0y lucha contra el\u00a0crimen organizado.<\/p>\n<p><strong>Reuniones bilaterales<\/strong><\/p>\n<p>El mandatario dominicano tambi\u00e9n tiene previsto agotar una serie de\u00a0reuniones bilaterales\u00a0en el marco del evento, con el fin de promover los\u00a0intereses nacionales\u00a0y estrechar los v\u00ednculos de amistad con las naciones hermanas de la regi\u00f3n.<\/p>\n<p>Esta visita se enmarca en la intensa\u00a0agenda internacional\u00a0que el presidente Abinader desarrollar\u00e1 durante el mes de marzo, la cual incluye tambi\u00e9n compromisos oficiales\u00a0en Chile y Francia,\u00a0reafirmando el papel activo de la Rep\u00fablica Dominicana en los principales\u00a0foros de decisi\u00f3n global.<\/p>\n","protected":false},"excerpt":{"rendered":"<p>Por Servicios de Primermomento.com Miami, EEUU.- El presidente de la Rep\u00fablica Dominicana, Luis Abinader,\u00a0arrib\u00f3 este viernes a las\u00a02:24 de la tarde\u00a0(hora de Miami) al\u00a0Aeropuerto Internacional de Miami,\u00a0para asistir a la\u00a0cumbre presidencial\u00a0convocada por el mandatario de los Estados Unidos,\u00a0Donald Trump. Agenda estrat\u00e9gica y temas de inter\u00e9s com\u00fan La cumbre, que se celebrar\u00e1 este s\u00e1bado\u00a07 de marzo, [&hellip;]<\/p>\n","protected":false},"author":1,"featured_media":462227,"comment_status":"open","ping_status":"open","sticky":false,"template":"","format":"standard","meta":{"_bbp_topic_count":0,"_bbp_reply_count":0,"_bbp_total_topic_count":0,"_bbp_total_reply_count":0,"_bbp_voice_count":0,"_bbp_anonymous_reply_count":0,"_bbp_topic_count_hidden":0,"_bbp_reply_count_hidden":0,"_bbp_forum_subforum_count":0,"footnotes":""},"categories":[31],"tags":[],"class_list":{"0":"post-462223","1":"post","2":"type-post","3":"status-publish","4":"format-standard","5":"has-post-thumbnail","7":"category-estados-unidos"},"_links":{"self":[{"href":"https:\/\/primermomento.com\/index.php?rest_route=\/wp\/v2\/posts\/462223","targetHints":{"allow":["GET"]}}],"collection":[{"href":"https:\/\/primermomento.com\/index.php?rest_route=\/wp\/v2\/posts"}],"about":[{"href":"https:\/\/primermomento.com\/index.php?rest_route=\/wp\/v2\/types\/post"}],"author":[{"embeddable":true,"href":"https:\/\/primermomento.com\/index.php?rest_route=\/wp\/v2\/users\/1"}],"replies":[{"embeddable":true,"href":"https:\/\/primermomento.com\/index.php?rest_route=%2Fwp%2Fv2%2Fcomments&post=462223"}],"version-history":[{"count":1,"href":"https:\/\/primermomento.com\/index.php?rest_route=\/wp\/v2\/posts\/462223\/revisions"}],"predecessor-version":[{"id":462225,"href":"https:\/\/primermomento.com\/index.php?rest_route=\/wp\/v2\/posts\/462223\/revisions\/462225"}],"wp:featuredmedia":[{"embeddable":true,"href":"https:\/\/primermomento.com\/index.php?rest_route=\/wp\/v2\/media\/462227"}],"wp:attachment":[{"href":"https:\/\/primermomento.com\/index.php?rest_route=%2Fwp%2Fv2%2Fmedia&parent=462223"}],"wp:term":[{"taxonomy":"category","embeddable":true,"href":"https:\/\/primermomento.com\/index.php?rest_route=%2Fwp%2Fv2%2Fcategories&post=462223"},{"taxonomy":"post_tag","embeddable":true,"href":"https:\/\/primermomento.com\/index.php?rest_route=%2Fwp%2Fv2%2Ftags&post=462223"}],"curies":[{"name":"wp","href":"https:\/\/api.w.org\/{rel}","templated":true}]}}