{"id":462345,"date":"2026-03-09T15:56:46","date_gmt":"2026-03-09T19:56:46","guid":{"rendered":"https:\/\/primermomento.com\/?p=462345"},"modified":"2026-03-10T03:47:18","modified_gmt":"2026-03-10T07:47:18","slug":"partido-de-oposicion-dominicano-pld-denuncia-retrocesos-de-la-mujer","status":"publish","type":"post","link":"https:\/\/primermomento.com\/?p=462345","title":{"rendered":"Partido de oposici\u00f3n dominicano PLD denuncia retrocesos de la mujer"},"content":{"rendered":"<p><strong><em>Por Prensa Latina<\/em><\/strong><\/p>\n<p>SANTO DOMINGO, Rep\u00fablica Dominicana.- El opositor Partido de la Liberaci\u00f3n Dominicana (PLD) denunci\u00f3 hoy retrocesos en el bienestar de las mujeres en el pa\u00eds y reafirm\u00f3 su compromiso con la lucha por la igualdad, la dignidad y los derechos de este sector.<\/p>\n<div class=\"elementor-element elementor-element-0aea3a0 elementor-widget elementor-widget-theme-post-content\" data-id=\"0aea3a0\" data-element_type=\"widget\" data-widget_type=\"theme-post-content.default\">\n<div class=\"elementor-widget-container\">\n<p>Durante una rueda de prensa realizada este lunes en la Casa Nacional Reinaldo Pared P\u00e9rez, la organizaci\u00f3n pol\u00edtica reconoci\u00f3 el papel fundamental de las f\u00e9minas en la construcci\u00f3n de la naci\u00f3n y renov\u00f3 su compromiso de avanzar hacia una sociedad m\u00e1s justa e inclusiva.<\/p>\n<p>En ocasi\u00f3n de conmemorarse la v\u00edspera el D\u00eda Internacional de la Mujer, el partido opositor llam\u00f3 al gobierno del presidente Luis Abinader a fortalecer las pol\u00edticas p\u00fablicas dirigidas a este segmento de la poblaci\u00f3n.<\/p>\n<p>En ese sentido, advirti\u00f3 que existen se\u00f1ales preocupantes de deterioro en la calidad de vida de ellas durante la actual gesti\u00f3n gubernamental.<\/p>\n<p>El PLD cit\u00f3 el informe de derechos humanos publicado en diciembre pasado por el Defensor del Pueblo, en el cual \u2014seg\u00fan indic\u00f3\u2014 se evidencia una tendencia inquietante: las mujeres contin\u00faan siendo identificadas por la ciudadan\u00eda como el grupo m\u00e1s vulnerable.<\/p>\n<p>De acuerdo con el documento, en 2025 el 49 por ciento de la poblaci\u00f3n consider\u00f3 que los derechos de las mujeres se vulneran con mucha frecuencia, lo que las convierte en el segmento social m\u00e1s expuesto a la violaci\u00f3n de derechos.<\/p>\n<p>El informe tambi\u00e9n se\u00f1ala que mientras en 2024 el 20.9 por ciento de las f\u00e9minas report\u00f3 haber sido v\u00edctima de vulneraci\u00f3n de derechos, en 2025 la cifra ascendi\u00f3 a 28.5 por ciento.<\/p>\n<p>Otro dato alarmante, seg\u00fan el PLD, es que el lugar de trabajo se ha convertido en uno de los principales escenarios de abuso.<\/p>\n<p>M\u00e1s del 95 por ciento de las dominicanas identifica los espacios laborales como sitios donde pueden producirse situaciones de violencia o acoso, lo que \u2014a juicio del partido\u2014 refleja la ausencia de pol\u00edticas efectivas para prevenir la discriminaci\u00f3n.<\/p>\n<p>Asimismo, se\u00f1al\u00f3 que solo en enero y febrero del presente a\u00f1o se registraron 13 feminicidios, frente a cuatro en el mismo per\u00edodo del a\u00f1o anterior.<\/p>\n<p>El partido afirm\u00f3 que cada una de estas muertes representa una vida perdida, una familia destruida y ni\u00f1os y ni\u00f1as que quedan en la orfandad.<\/p>\n<p>Ante esta situaci\u00f3n, el PLD recomend\u00f3 impulsar una agenda nacional que garantice una legislaci\u00f3n efectiva contra el acoso laboral y la violencia de g\u00e9nero, que reconozca estas pr\u00e1cticas como figuras jur\u00eddicas espec\u00edficas.<\/p>\n<p>Tambi\u00e9n propuso promover un apoyo real para la autonom\u00eda econ\u00f3mica de las mujeres, mediante el acceso a cr\u00e9dito, financiamiento y oportunidades productivas para emprendedoras, as\u00ed como reducir la carga de cuidados que recae sobre las madres.<\/p>\n<p>Adem\u00e1s, garantizar un acceso efectivo a la justicia, eliminando las barreras que impiden a muchas mujeres obtener protecci\u00f3n judicial oportuna.<\/p>\n<p>El partido concluy\u00f3 que la igualdad no se construye con discursos un d\u00eda al a\u00f1o, sino con pol\u00edticas p\u00fablicas s\u00f3lidas, instituciones que funcionen y una sociedad consciente de que cuando las mujeres avanzan, lo hace toda la naci\u00f3n.<\/p>\n<\/div>\n<\/div>\n<div class=\"elementor-element elementor-element-4f75016 elementor-widget elementor-widget-post-info\" data-id=\"4f75016\" data-element_type=\"widget\" data-widget_type=\"post-info.default\">\n<div class=\"elementor-widget-container\">\n<ul class=\"elementor-inline-items elementor-icon-list-items elementor-post-info\">\n<li class=\"elementor-icon-list-item elementor-repeater-item-17dda3e elementor-inline-item\"><em><span class=\"elementor-icon-list-text elementor-post-info__item elementor-post-info__item--type-custom\">#<a href=\"https:\/\/primermomento.com\/?p=462345\" rel=\"tag\">pld<\/a>\u00a0#<a href=\"https:\/\/primermomento.com\/?p=462345\" rel=\"tag\">retroceso de la mujer<\/a><\/span><\/em><\/li>\n<\/ul>\n<\/div>\n<\/div>\n","protected":false},"excerpt":{"rendered":"<p>Por Prensa Latina SANTO DOMINGO, Rep\u00fablica Dominicana.- El opositor Partido de la Liberaci\u00f3n Dominicana (PLD) denunci\u00f3 hoy retrocesos en el bienestar de las mujeres en el pa\u00eds y reafirm\u00f3 su compromiso con la lucha por la igualdad, la dignidad y los derechos de este sector. Durante una rueda de prensa realizada este lunes en la [&hellip;]<\/p>\n","protected":false},"author":1,"featured_media":461450,"comment_status":"open","ping_status":"open","sticky":false,"template":"","format":"standard","meta":{"_bbp_topic_count":0,"_bbp_reply_count":0,"_bbp_total_topic_count":0,"_bbp_total_reply_count":0,"_bbp_voice_count":0,"_bbp_anonymous_reply_count":0,"_bbp_topic_count_hidden":0,"_bbp_reply_count_hidden":0,"_bbp_forum_subforum_count":0,"footnotes":""},"categories":[31],"tags":[],"class_list":{"0":"post-462345","1":"post","2":"type-post","3":"status-publish","4":"format-standard","5":"has-post-thumbnail","7":"category-estados-unidos"},"_links":{"self":[{"href":"https:\/\/primermomento.com\/index.php?rest_route=\/wp\/v2\/posts\/462345","targetHints":{"allow":["GET"]}}],"collection":[{"href":"https:\/\/primermomento.com\/index.php?rest_route=\/wp\/v2\/posts"}],"about":[{"href":"https:\/\/primermomento.com\/index.php?rest_route=\/wp\/v2\/types\/post"}],"author":[{"embeddable":true,"href":"https:\/\/primermomento.com\/index.php?rest_route=\/wp\/v2\/users\/1"}],"replies":[{"embeddable":true,"href":"https:\/\/primermomento.com\/index.php?rest_route=%2Fwp%2Fv2%2Fcomments&post=462345"}],"version-history":[{"count":1,"href":"https:\/\/primermomento.com\/index.php?rest_route=\/wp\/v2\/posts\/462345\/revisions"}],"predecessor-version":[{"id":462346,"href":"https:\/\/primermomento.com\/index.php?rest_route=\/wp\/v2\/posts\/462345\/revisions\/462346"}],"wp:featuredmedia":[{"embeddable":true,"href":"https:\/\/primermomento.com\/index.php?rest_route=\/wp\/v2\/media\/461450"}],"wp:attachment":[{"href":"https:\/\/primermomento.com\/index.php?rest_route=%2Fwp%2Fv2%2Fmedia&parent=462345"}],"wp:term":[{"taxonomy":"category","embeddable":true,"href":"https:\/\/primermomento.com\/index.php?rest_route=%2Fwp%2Fv2%2Fcategories&post=462345"},{"taxonomy":"post_tag","embeddable":true,"href":"https:\/\/primermomento.com\/index.php?rest_route=%2Fwp%2Fv2%2Ftags&post=462345"}],"curies":[{"name":"wp","href":"https:\/\/api.w.org\/{rel}","templated":true}]}}