{"id":462396,"date":"2026-03-10T04:00:57","date_gmt":"2026-03-10T08:00:57","guid":{"rendered":"https:\/\/primermomento.com\/?p=462396"},"modified":"2026-03-10T10:30:12","modified_gmt":"2026-03-10T14:30:12","slug":"francia-promueve-foro-del-g7-para-bajar-precios-de-hidrocarburos","status":"publish","type":"post","link":"https:\/\/primermomento.com\/?p=462396","title":{"rendered":"Francia promueve foro del G7 para bajar precios de hidrocarburos"},"content":{"rendered":"<p><strong><em>Por Prensa Latina<\/em><\/strong><\/p>\n<p>Par\u00eds, FRANCIA.- Francia acoger\u00e1 hoy una reuni\u00f3n del G7, foro que re\u00fane a potencias econ\u00f3micas con afinidad pol\u00edtica, para abordar la reducci\u00f3n de los precios de los hidrocarburos, disparados por la guerra en el Medio Oriente.<\/p>\n<div class=\"elementor-element elementor-element-0aea3a0 elementor-widget elementor-widget-theme-post-content\" data-id=\"0aea3a0\" data-element_type=\"widget\" data-widget_type=\"theme-post-content.default\">\n<div class=\"elementor-widget-container\">\n<p>La portavoz del Gobierno franc\u00e9s, Maud Bregeon, precis\u00f3 que el encuentro se celebrar\u00e1 entrada la tarde, en el contexto de una cumbre en esta capital sobre el tema nuclear, con la participaci\u00f3n de los pa\u00edses que integran el Grupo: Alemania,\u00a0Canad\u00e1,\u00a0Estados Unidos,\u00a0Italia,\u00a0Jap\u00f3n\u00a0y\u00a0Reino Unido, adem\u00e1s de la naci\u00f3n anfitriona y la Uni\u00f3n Europea, miembro de facto.<\/p>\n<p>El costo del petr\u00f3leo y del gas aument\u00f3 en los \u00faltimos d\u00edas como consecuencia de la guerra lanzada a finales de febrero por Estados Unidos e Israel contra Ir\u00e1n, que respondi\u00f3 con ataques a sus vecinos, donde abundan las bases militares y los intereses de Washington.<\/p>\n<p>Aunque declaraciones del presidente Donald Trump sobre una eventual cercan\u00eda del fin de las hostilidades, provocaron una ca\u00edda de precios,las grandes potencias se inquietan por el impacto del conflicto en las bombas de gasolina, ya que salvo Canad\u00e1 y Estados Unidos, las otras no son productoras de crudo ni de gas.<\/p>\n<p>Un asunto sobre la mesa en la reuni\u00f3n de hoy ser\u00eda el uso de las reservas estrat\u00e9gicas de hidrocarburos para reducir el costo, en lo que ya trabaja Par\u00eds.<\/p>\n<p>Bregeon, quien tambi\u00e9n es ministra delegada para la Energ\u00eda, se refiri\u00f3 igualmente en la televisi\u00f3n p\u00fablica al resultado de cientos de controles realizados en suelo galo para evitar la especulaci\u00f3n con el precio de la gasolina y el di\u00e9sel, con varias irregularidades detectadas, algunas sancionadas con multa.<\/p>\n<\/div>\n<\/div>\n<div class=\"elementor-element elementor-element-4f75016 elementor-widget elementor-widget-post-info\" data-id=\"4f75016\" data-element_type=\"widget\" data-widget_type=\"post-info.default\">\n<div class=\"elementor-widget-container\">\n<ul class=\"elementor-inline-items elementor-icon-list-items elementor-post-info\">\n<li class=\"elementor-icon-list-item elementor-repeater-item-17dda3e elementor-inline-item\"><span class=\"elementor-icon-list-text elementor-post-info__item elementor-post-info__item--type-custom\">#<em><a href=\"https:\/\/primermomento.com\/?p=462396\" rel=\"tag\">Francia<\/a><\/em><\/span><\/li>\n<\/ul>\n<\/div>\n<\/div>\n","protected":false},"excerpt":{"rendered":"<p>Por Prensa Latina Par\u00eds, FRANCIA.- Francia acoger\u00e1 hoy una reuni\u00f3n del G7, foro que re\u00fane a potencias econ\u00f3micas con afinidad pol\u00edtica, para abordar la reducci\u00f3n de los precios de los hidrocarburos, disparados por la guerra en el Medio Oriente. La portavoz del Gobierno franc\u00e9s, Maud Bregeon, precis\u00f3 que el encuentro se celebrar\u00e1 entrada la tarde, [&hellip;]<\/p>\n","protected":false},"author":1,"featured_media":462398,"comment_status":"open","ping_status":"open","sticky":false,"template":"","format":"standard","meta":{"_bbp_topic_count":0,"_bbp_reply_count":0,"_bbp_total_topic_count":0,"_bbp_total_reply_count":0,"_bbp_voice_count":0,"_bbp_anonymous_reply_count":0,"_bbp_topic_count_hidden":0,"_bbp_reply_count_hidden":0,"_bbp_forum_subforum_count":0,"footnotes":""},"categories":[35],"tags":[],"class_list":{"0":"post-462396","1":"post","2":"type-post","3":"status-publish","4":"format-standard","5":"has-post-thumbnail","7":"category-economia"},"_links":{"self":[{"href":"https:\/\/primermomento.com\/index.php?rest_route=\/wp\/v2\/posts\/462396","targetHints":{"allow":["GET"]}}],"collection":[{"href":"https:\/\/primermomento.com\/index.php?rest_route=\/wp\/v2\/posts"}],"about":[{"href":"https:\/\/primermomento.com\/index.php?rest_route=\/wp\/v2\/types\/post"}],"author":[{"embeddable":true,"href":"https:\/\/primermomento.com\/index.php?rest_route=\/wp\/v2\/users\/1"}],"replies":[{"embeddable":true,"href":"https:\/\/primermomento.com\/index.php?rest_route=%2Fwp%2Fv2%2Fcomments&post=462396"}],"version-history":[{"count":1,"href":"https:\/\/primermomento.com\/index.php?rest_route=\/wp\/v2\/posts\/462396\/revisions"}],"predecessor-version":[{"id":462397,"href":"https:\/\/primermomento.com\/index.php?rest_route=\/wp\/v2\/posts\/462396\/revisions\/462397"}],"wp:featuredmedia":[{"embeddable":true,"href":"https:\/\/primermomento.com\/index.php?rest_route=\/wp\/v2\/media\/462398"}],"wp:attachment":[{"href":"https:\/\/primermomento.com\/index.php?rest_route=%2Fwp%2Fv2%2Fmedia&parent=462396"}],"wp:term":[{"taxonomy":"category","embeddable":true,"href":"https:\/\/primermomento.com\/index.php?rest_route=%2Fwp%2Fv2%2Fcategories&post=462396"},{"taxonomy":"post_tag","embeddable":true,"href":"https:\/\/primermomento.com\/index.php?rest_route=%2Fwp%2Fv2%2Ftags&post=462396"}],"curies":[{"name":"wp","href":"https:\/\/api.w.org\/{rel}","templated":true}]}}