{"id":462486,"date":"2026-03-11T07:00:00","date_gmt":"2026-03-11T11:00:00","guid":{"rendered":"https:\/\/primermomento.com\/?p=462486"},"modified":"2026-03-11T13:50:31","modified_gmt":"2026-03-11T17:50:31","slug":"dominicana-sera-sede-40o-periodo-de-sesiones-de-la-cepal-en-octubre","status":"publish","type":"post","link":"https:\/\/primermomento.com\/?p=462486","title":{"rendered":"Dominicana ser\u00e1 sede 40\u00ba Per\u00edodo de Sesiones de la Cepal en octubre"},"content":{"rendered":"<p><strong><em>Por <span style=\"color: #ff0000;\">Prensa Latina<\/span><\/em><\/strong><\/p>\n<p>SANTO DOMINGO, Rep\u00fablica Dominicana.- Rep\u00fablica Dominicana ser\u00e1 el pa\u00eds anfitri\u00f3n del cuadrag\u00e9simo Primer Per\u00edodo de Sesiones de la Comisi\u00f3n Econ\u00f3mica para Am\u00e9rica Latina y el Caribe (Cepal), que se celebrar\u00e1 del 7 al 9 de octubre pr\u00f3ximo, inform\u00f3 hoy la Canciller\u00eda.<\/p>\n<div class=\"elementor-element elementor-element-0aea3a0 elementor-widget elementor-widget-theme-post-content\" data-id=\"0aea3a0\" data-element_type=\"widget\" data-widget_type=\"theme-post-content.default\">\n<div class=\"elementor-widget-container\">\n<p>El acuerdo fue firmado en Chile por el ministro de Relaciones Exteriores dominicano, Roberto \u00c1lvarez, y el secretario de la Cepal, Luis Fidel Y\u00e1\u00f1ez.<\/p>\n<p>La reuni\u00f3n tendr\u00e1 lugar en Santiago de los Caballeros y contar\u00e1 con la participaci\u00f3n de cancilleres, otras autoridades gubernamentales y especialistas de los pa\u00edses miembros, quienes dialogar\u00e1n sobre los desaf\u00edos econ\u00f3micos, sociales y ambientales de la regi\u00f3n.<\/p>\n<p>Durante el acto de firma, \u00c1lvarez se\u00f1al\u00f3 que la elecci\u00f3n de la Rep\u00fablica Dominicana como sede refleja la confianza de la Cepal en el pa\u00eds y reafirma el compromiso del Gobierno con el multilateralismo, la cooperaci\u00f3n regional y la promoci\u00f3n de pol\u00edticas orientadas al desarrollo de Am\u00e9rica Latina y el Caribe.<\/p>\n<p>El canciller tambi\u00e9n destac\u00f3 el significado de realizar la cita en Santiago de los Caballeros, una de las principales ciudades dominicanas y motor de la actividad econ\u00f3mica, cultural y acad\u00e9mica de la regi\u00f3n del Cibao.<\/p>\n<p>\u201cCelebrar esta reuni\u00f3n en el norte del pa\u00eds refleja la visi\u00f3n del Gobierno de continuar promoviendo una mayor descentralizaci\u00f3n del desarrollo y de la inversi\u00f3n p\u00fablica, impulsando posibilidades de crecimiento en todo el territorio nacional\u201d, afirm\u00f3.<\/p>\n<p>El ministro estuvo acompa\u00f1ado por el embajador dominicano en Chile, Juan Cohen.<\/p>\n<p>La Cepal es una de las cinco comisiones regionales de la Organizaci\u00f3n de las Naciones Unidas (ONU) y tiene como objetivo contribuir al desarrollo econ\u00f3mico de Am\u00e9rica Latina y el Caribe, coordinar acciones para su promoci\u00f3n y fortalecer los v\u00ednculos econ\u00f3micos entre los pa\u00edses del \u00e1rea y con el resto del mundo.<\/p>\n<p>Este per\u00edodo de sesiones constituye el principal encuentro bienal del organismo, en el que los Estados miembros analizan los avances en materia de desarrollo econ\u00f3mico y social y establecen orientaciones estrat\u00e9gicas para fortalecer la cooperaci\u00f3n regional.<\/p>\n<p>Actualmente, la Rep\u00fablica Dominicana ocupa una de las tres vicepresidencias de la Cepal y, seg\u00fan la Canciller\u00eda, se prev\u00e9 que tras la celebraci\u00f3n de la reuni\u00f3n el pa\u00eds asuma la presidencia del organismo para el per\u00edodo 2026-2028.<\/p>\n<\/div>\n<\/div>\n<div class=\"elementor-element elementor-element-4f75016 elementor-widget elementor-widget-post-info\" data-id=\"4f75016\" data-element_type=\"widget\" data-widget_type=\"post-info.default\">\n<div class=\"elementor-widget-container\">\n<ul class=\"elementor-inline-items elementor-icon-list-items elementor-post-info\">\n<li class=\"elementor-icon-list-item elementor-repeater-item-17dda3e elementor-inline-item\"><em><span class=\"elementor-icon-list-text elementor-post-info__item elementor-post-info__item--type-custom\">#<a href=\"https:\/\/primermomento.com\/?p=462486\" rel=\"tag\">Cepal<\/a>\u00a0#<a href=\"https:\/\/primermomento.com\/?p=462486\" rel=\"tag\">octubre<\/a>\u00a0#<a href=\"https:\/\/primermomento.com\/?p=462486\" rel=\"tag\">sede 40 periodo de sesiones<\/a><\/span><\/em><\/li>\n<\/ul>\n<\/div>\n<\/div>\n","protected":false},"excerpt":{"rendered":"<p>Por Prensa Latina SANTO DOMINGO, Rep\u00fablica Dominicana.- Rep\u00fablica Dominicana ser\u00e1 el pa\u00eds anfitri\u00f3n del cuadrag\u00e9simo Primer Per\u00edodo de Sesiones de la Comisi\u00f3n Econ\u00f3mica para Am\u00e9rica Latina y el Caribe (Cepal), que se celebrar\u00e1 del 7 al 9 de octubre pr\u00f3ximo, inform\u00f3 hoy la Canciller\u00eda. El acuerdo fue firmado en Chile por el ministro de Relaciones [&hellip;]<\/p>\n","protected":false},"author":1,"featured_media":462487,"comment_status":"open","ping_status":"open","sticky":false,"template":"","format":"standard","meta":{"_bbp_topic_count":0,"_bbp_reply_count":0,"_bbp_total_topic_count":0,"_bbp_total_reply_count":0,"_bbp_voice_count":0,"_bbp_anonymous_reply_count":0,"_bbp_topic_count_hidden":0,"_bbp_reply_count_hidden":0,"_bbp_forum_subforum_count":0,"footnotes":""},"categories":[35],"tags":[],"class_list":{"0":"post-462486","1":"post","2":"type-post","3":"status-publish","4":"format-standard","5":"has-post-thumbnail","7":"category-economia"},"_links":{"self":[{"href":"https:\/\/primermomento.com\/index.php?rest_route=\/wp\/v2\/posts\/462486","targetHints":{"allow":["GET"]}}],"collection":[{"href":"https:\/\/primermomento.com\/index.php?rest_route=\/wp\/v2\/posts"}],"about":[{"href":"https:\/\/primermomento.com\/index.php?rest_route=\/wp\/v2\/types\/post"}],"author":[{"embeddable":true,"href":"https:\/\/primermomento.com\/index.php?rest_route=\/wp\/v2\/users\/1"}],"replies":[{"embeddable":true,"href":"https:\/\/primermomento.com\/index.php?rest_route=%2Fwp%2Fv2%2Fcomments&post=462486"}],"version-history":[{"count":1,"href":"https:\/\/primermomento.com\/index.php?rest_route=\/wp\/v2\/posts\/462486\/revisions"}],"predecessor-version":[{"id":462488,"href":"https:\/\/primermomento.com\/index.php?rest_route=\/wp\/v2\/posts\/462486\/revisions\/462488"}],"wp:featuredmedia":[{"embeddable":true,"href":"https:\/\/primermomento.com\/index.php?rest_route=\/wp\/v2\/media\/462487"}],"wp:attachment":[{"href":"https:\/\/primermomento.com\/index.php?rest_route=%2Fwp%2Fv2%2Fmedia&parent=462486"}],"wp:term":[{"taxonomy":"category","embeddable":true,"href":"https:\/\/primermomento.com\/index.php?rest_route=%2Fwp%2Fv2%2Fcategories&post=462486"},{"taxonomy":"post_tag","embeddable":true,"href":"https:\/\/primermomento.com\/index.php?rest_route=%2Fwp%2Fv2%2Ftags&post=462486"}],"curies":[{"name":"wp","href":"https:\/\/api.w.org\/{rel}","templated":true}]}}