{"id":462661,"date":"2026-03-13T05:55:05","date_gmt":"2026-03-13T09:55:05","guid":{"rendered":"https:\/\/primermomento.com\/?p=462661"},"modified":"2026-03-13T14:01:17","modified_gmt":"2026-03-13T18:01:17","slug":"testigo-del-tiempo-fundamentalismo-religioso-y-politica","status":"publish","type":"post","link":"https:\/\/primermomento.com\/?p=462661","title":{"rendered":"Testigo del tiempo | Fundamentalismo religioso y pol\u00edtica"},"content":{"rendered":"<div class=\"gs\">\n<div class=\"\">\n<div id=\":q1\" class=\"ii gt\">\n<div id=\":q0\" class=\"a3s aiL\">\n<div id=\"avWBGd-17\">\n<div><strong><em>Por<span style=\"color: #ff0000;\"> J.C. Malone<\/span><\/em><\/strong><\/div>\n<div dir=\"ltr\">\n<div><\/div>\n<div>En Ir\u00e1n hay una guerra entre fundamentalistas religiosos; jud\u00edos apandillados con cristianos contra los musulmanes; todos apoyados en dogmas y armas poderosas.<\/div>\n<div>Todo esto empez\u00f3 en la cabeza del primer ministro israel\u00ed, Benjam\u00edn Netanyahu, quien confundi\u00f3 una cita b\u00edblica con un t\u00edtulo de propiedad.<\/div>\n<div><\/div>\n<div>En G\u00e9nesis 15:18 Jehov\u00e1 le dijo a Abram: \u201cA tu descendencia dar\u00e9 esta tierra, desde el r\u00edo de Egipto, hasta el r\u00edo grande, el r\u00edo \u00c9ufrates\u201d.<\/div>\n<div><\/div>\n<div>\n<figure id=\"attachment_442110\" aria-describedby=\"caption-attachment-442110\" style=\"width: 196px\" class=\"wp-caption alignleft\"><img loading=\"lazy\" decoding=\"async\" class=\"size-full wp-image-442110\" src=\"https:\/\/primermomento.com\/wp-content\/uploads\/2025\/05\/J.C.-Malone_Testigo-del-Tiempo.jpg\" alt=\"\" width=\"196\" height=\"244\" \/><figcaption id=\"caption-attachment-442110\" class=\"wp-caption-text\">J.C. Malone<br \/>Analista pol\u00edtico<\/figcaption><\/figure>\n<p>La \u201ctierra prometida\u201d para Netanyahu, es todo el territorio entre Egipto e Irak, el Medio Oriente completo.<\/p>\n<\/div>\n<div><\/div>\n<div>Como los grandes terratenientes, Netanyahu decidi\u00f3 exterminar a quienes invadieron \u201csus tierras\u201d.<\/div>\n<div><\/div>\n<div>Morir\u00e1n millones, desplazar\u00e1n a m\u00e1s de 400 millones de personas y destruir\u00e1n varios pa\u00edses para \u201cvalidar\u201d el \u201ct\u00edtulo de propiedad\u201d de Netanyahu; finalmente, el \u201cpueblo elegido\u201d tendr\u00e1 su \u201ctierra prometida\u201d.<\/div>\n<div><\/div>\n<div>Todos pagaremos las consecuencias, pero esa \u201ctierra prometida\u201d ser\u00e1 exclusivamente para el \u201cpueblo elegido\u201d, no para los \u201cgentiles\u201d.<\/div>\n<div><\/div>\n<div>Si esto no es una locura absoluta, ruego que, por favor, alguien me explique: \u00bfqu\u00e9 es la cordura?<\/div>\n<div><\/div>\n<div>Los iran\u00edes descienden de los persas; ese pueblo ha resistido invasiones de todos los imperios desde el a\u00f1o 900 antes de Cristo, cuando los asirios invadieron.<\/div>\n<div><\/div>\n<div>En 1941, Inglaterra y Rusia, aliadas contra Alemania en la Segunda Guerra Europea, ocuparon Ir\u00e1n; sustituyeron al proalem\u00e1n Shah Pahlavi por su hijo proaliado, Mohammad Reza Pahlavi.<\/div>\n<div><\/div>\n<div>La Revoluci\u00f3n Isl\u00e1mica triunf\u00f3 en 1979; desde entonces, Ir\u00e1n se prepara para un ataque estadounidense. Washington atac\u00f3, 47 a\u00f1os despu\u00e9s, sin estar preparado, y los iran\u00edes est\u00e1n haciendo lo que ensayaron.<\/div>\n<div><\/div>\n<div>Ir\u00e1n rechaza un cese al fuego y sus misiles castigan a Israel. Quiz\u00e1 David vencer\u00e1 a Goliat otra vez.<\/div>\n<div><\/div>\n<div>Washington e Israel no pueden ganarle a Ir\u00e1n, ni huir, est\u00e1n atrapados en su locura fundamentalista.<\/div>\n<div><\/div>\n<div>Trump sabe que no ganar\u00e1, por eso declara \u201cvictoria\u201d y, como constructor, dice: \u201cNo queda nada por destruir\u201d, la brigada de demolici\u00f3n termin\u00f3.<\/div>\n<div><\/div>\n<div>La aventura contin\u00faa, debe combatir la corrupci\u00f3n de los dem\u00f3cratas en California.<br \/>\nAhora, como Superman, Trump gritar\u00e1: \u201c\u00a1A luchar por la justicia!\u201d y levantar\u00e1 vuelo, alej\u00e1ndose de Ir\u00e1n.<\/div>\n<div><\/div>\n<\/div>\n<div>\n<p>S\u00edgueme en Youtube&#8230;<a href=\"https:\/\/www.youtube.com\/channel\/UCC_JSYrYV93iklTEhAjiBqQ?view_as=subscriber\" target=\"_blank\" rel=\"noopener\" data-saferedirecturl=\"https:\/\/www.google.com\/url?q=https:\/\/www.youtube.com\/channel\/UCC_JSYrYV93iklTEhAjiBqQ?view_as%3Dsubscriber&amp;source=gmail&amp;ust=1773510977216000&amp;usg=AOvVaw2BRfVOsqqpI2dtrKUV3EBe\">https:\/\/www.youtube.com\/<wbr \/>channel\/UCC_<wbr \/>JSYrYV93iklTEhAjiBqQ?view_as=<wbr \/>subscriber<\/a><\/p>\n<div>\n<div class=\"adL\"><\/div>\n<\/div>\n<\/div>\n<\/div>\n<\/div>\n<\/div>\n<\/div>\n<\/div>\n","protected":false},"excerpt":{"rendered":"<p>Por J.C. Malone En Ir\u00e1n hay una guerra entre fundamentalistas religiosos; jud\u00edos apandillados con cristianos contra los musulmanes; todos apoyados en dogmas y armas poderosas. Todo esto empez\u00f3 en la cabeza del primer ministro israel\u00ed, Benjam\u00edn Netanyahu, quien confundi\u00f3 una cita b\u00edblica con un t\u00edtulo de propiedad. En G\u00e9nesis 15:18 Jehov\u00e1 le dijo a Abram: [&hellip;]<\/p>\n","protected":false},"author":1,"featured_media":429804,"comment_status":"open","ping_status":"open","sticky":false,"template":"","format":"standard","meta":{"_bbp_topic_count":0,"_bbp_reply_count":0,"_bbp_total_topic_count":0,"_bbp_total_reply_count":0,"_bbp_voice_count":0,"_bbp_anonymous_reply_count":0,"_bbp_topic_count_hidden":0,"_bbp_reply_count_hidden":0,"_bbp_forum_subforum_count":0,"footnotes":""},"categories":[33],"tags":[],"class_list":{"0":"post-462661","1":"post","2":"type-post","3":"status-publish","4":"format-standard","5":"has-post-thumbnail","7":"category-opinion"},"_links":{"self":[{"href":"https:\/\/primermomento.com\/index.php?rest_route=\/wp\/v2\/posts\/462661","targetHints":{"allow":["GET"]}}],"collection":[{"href":"https:\/\/primermomento.com\/index.php?rest_route=\/wp\/v2\/posts"}],"about":[{"href":"https:\/\/primermomento.com\/index.php?rest_route=\/wp\/v2\/types\/post"}],"author":[{"embeddable":true,"href":"https:\/\/primermomento.com\/index.php?rest_route=\/wp\/v2\/users\/1"}],"replies":[{"embeddable":true,"href":"https:\/\/primermomento.com\/index.php?rest_route=%2Fwp%2Fv2%2Fcomments&post=462661"}],"version-history":[{"count":3,"href":"https:\/\/primermomento.com\/index.php?rest_route=\/wp\/v2\/posts\/462661\/revisions"}],"predecessor-version":[{"id":462664,"href":"https:\/\/primermomento.com\/index.php?rest_route=\/wp\/v2\/posts\/462661\/revisions\/462664"}],"wp:featuredmedia":[{"embeddable":true,"href":"https:\/\/primermomento.com\/index.php?rest_route=\/wp\/v2\/media\/429804"}],"wp:attachment":[{"href":"https:\/\/primermomento.com\/index.php?rest_route=%2Fwp%2Fv2%2Fmedia&parent=462661"}],"wp:term":[{"taxonomy":"category","embeddable":true,"href":"https:\/\/primermomento.com\/index.php?rest_route=%2Fwp%2Fv2%2Fcategories&post=462661"},{"taxonomy":"post_tag","embeddable":true,"href":"https:\/\/primermomento.com\/index.php?rest_route=%2Fwp%2Fv2%2Ftags&post=462661"}],"curies":[{"name":"wp","href":"https:\/\/api.w.org\/{rel}","templated":true}]}}