{"id":462876,"date":"2026-03-16T18:56:50","date_gmt":"2026-03-16T22:56:50","guid":{"rendered":"https:\/\/primermomento.com\/?p=462876"},"modified":"2026-03-17T07:02:10","modified_gmt":"2026-03-17T11:02:10","slug":"pld-cuestiona-subida-de-precio-de-combustibles-en-republica-dominicana","status":"publish","type":"post","link":"https:\/\/primermomento.com\/?p=462876","title":{"rendered":"PLD cuestiona subida de precio de combustibles en Rep\u00fablica Dominicana"},"content":{"rendered":"<p><strong><em>Por Prensa Latina<\/em><\/strong><\/p>\n<p>SANTO DOMINGO, Rep\u00fablica Dominicana.- El Partido de la Liberaci\u00f3n Dominicana (PLD) critic\u00f3 hoy el aumento por el gobierno del valor a la gasolina y el gasoil, pese a asegurar que contaba con una cadena de suministro segura.<\/p>\n<div class=\"elementor-element elementor-element-0aea3a0 elementor-widget elementor-widget-theme-post-content\" data-id=\"0aea3a0\" data-element_type=\"widget\" data-widget_type=\"theme-post-content.default\">\n<div class=\"elementor-widget-container\">\n<p>Mart\u00edn Matos, titular de la Secretar\u00eda de Energ\u00eda y Minas del partido opositor, advirti\u00f3 que la poblaci\u00f3n ya comienza a sentir el impacto.<\/p>\n<p>\u201cEn solo 15 d\u00edas, tras la subida del petr\u00f3leo, los precios se elevaron cinco pesos (nueve centavos de d\u00f3lar). La ciudadan\u00eda no lo soporta\u201d, afirm\u00f3 Matos.<\/p>\n<p>El funcionario cuestion\u00f3 la metodolog\u00eda de c\u00e1lculo del Gobierno, recordando que durante casi cinco a\u00f1os los combustibles se mantuvieron por debajo de 70 d\u00f3lares. \u201c\u00bfPor qu\u00e9 un aumento tan r\u00e1pido con solo 15 d\u00edas de subida en los derivados?\u201d, se\u00f1al\u00f3.<\/p>\n<p>Advirti\u00f3 que el incremento afectar\u00e1 directamente los pasajes del transporte p\u00fablico y consider\u00f3 que la medida evidencia la falta de planes de contingencia por parte del Gobierno o un aprovechamiento de la situaci\u00f3n.<\/p>\n<p>El Ejecutivo dispuso el viernes pasado un subsidio de mil 189.8 millones de pesos (19.53 millones de d\u00f3lares) para amortiguar el impacto de la volatilidad de los mercados petroleros internacionales, por la escalada del conflicto en Medio Oriente.<\/p>\n<p>El Ministerio de Industria, Comercio y Mipymes (MICM) explic\u00f3 que la medida busca evitar un mayor traslado del alza de los hidrocarburos al consumidor y proteger la econom\u00eda de los hogares, la canasta b\u00e1sica y el transporte p\u00fablico.<\/p>\n<p>Como parte de esta pol\u00edtica, las autoridades decidieron mantener congelado el precio del Gas Licuado de Petr\u00f3leo (GLP), uno de los combustibles de mayor consumo dom\u00e9stico, mientras aplicaron un reajuste de cinco pesos (0.09 d\u00f3lares) por gal\u00f3n en las gasolinas y el gasoil.<\/p>\n<p>El avtur subi\u00f3 1.11 d\u00f3lares; el kerosene 1.20 d\u00f3lares; el Fuel oil #6, 0.53 centavos de d\u00f3lar; y el Fuel oil 1 %S, 44 centavos.<\/p>\n<\/div>\n<\/div>\n<div class=\"elementor-element elementor-element-4f75016 elementor-widget elementor-widget-post-info\" data-id=\"4f75016\" data-element_type=\"widget\" data-widget_type=\"post-info.default\">\n<div class=\"elementor-widget-container\">\n<ul class=\"elementor-inline-items elementor-icon-list-items elementor-post-info\">\n<li class=\"elementor-icon-list-item elementor-repeater-item-17dda3e elementor-inline-item\"><em><span class=\"elementor-icon-list-text elementor-post-info__item elementor-post-info__item--type-custom\">#<a href=\"https:\/\/primermomento.com\/?p=462876\" rel=\"tag\">alzas combustibles<\/a>\u00a0#<a href=\"https:\/\/primermomento.com\/?p=462876\" rel=\"tag\">cr\u00edtica Gobierno<\/a>\u00a0#<a href=\"https:\/\/primermomento.com\/?p=462876\" rel=\"tag\">pld<\/a><\/span><\/em><\/li>\n<\/ul>\n<\/div>\n<\/div>\n","protected":false},"excerpt":{"rendered":"<p>Por Prensa Latina SANTO DOMINGO, Rep\u00fablica Dominicana.- El Partido de la Liberaci\u00f3n Dominicana (PLD) critic\u00f3 hoy el aumento por el gobierno del valor a la gasolina y el gasoil, pese a asegurar que contaba con una cadena de suministro segura. Mart\u00edn Matos, titular de la Secretar\u00eda de Energ\u00eda y Minas del partido opositor, advirti\u00f3 que [&hellip;]<\/p>\n","protected":false},"author":1,"featured_media":462877,"comment_status":"open","ping_status":"open","sticky":false,"template":"","format":"standard","meta":{"_bbp_topic_count":0,"_bbp_reply_count":0,"_bbp_total_topic_count":0,"_bbp_total_reply_count":0,"_bbp_voice_count":0,"_bbp_anonymous_reply_count":0,"_bbp_topic_count_hidden":0,"_bbp_reply_count_hidden":0,"_bbp_forum_subforum_count":0,"footnotes":""},"categories":[31],"tags":[],"class_list":{"0":"post-462876","1":"post","2":"type-post","3":"status-publish","4":"format-standard","5":"has-post-thumbnail","7":"category-estados-unidos"},"_links":{"self":[{"href":"https:\/\/primermomento.com\/index.php?rest_route=\/wp\/v2\/posts\/462876","targetHints":{"allow":["GET"]}}],"collection":[{"href":"https:\/\/primermomento.com\/index.php?rest_route=\/wp\/v2\/posts"}],"about":[{"href":"https:\/\/primermomento.com\/index.php?rest_route=\/wp\/v2\/types\/post"}],"author":[{"embeddable":true,"href":"https:\/\/primermomento.com\/index.php?rest_route=\/wp\/v2\/users\/1"}],"replies":[{"embeddable":true,"href":"https:\/\/primermomento.com\/index.php?rest_route=%2Fwp%2Fv2%2Fcomments&post=462876"}],"version-history":[{"count":1,"href":"https:\/\/primermomento.com\/index.php?rest_route=\/wp\/v2\/posts\/462876\/revisions"}],"predecessor-version":[{"id":462878,"href":"https:\/\/primermomento.com\/index.php?rest_route=\/wp\/v2\/posts\/462876\/revisions\/462878"}],"wp:featuredmedia":[{"embeddable":true,"href":"https:\/\/primermomento.com\/index.php?rest_route=\/wp\/v2\/media\/462877"}],"wp:attachment":[{"href":"https:\/\/primermomento.com\/index.php?rest_route=%2Fwp%2Fv2%2Fmedia&parent=462876"}],"wp:term":[{"taxonomy":"category","embeddable":true,"href":"https:\/\/primermomento.com\/index.php?rest_route=%2Fwp%2Fv2%2Fcategories&post=462876"},{"taxonomy":"post_tag","embeddable":true,"href":"https:\/\/primermomento.com\/index.php?rest_route=%2Fwp%2Fv2%2Ftags&post=462876"}],"curies":[{"name":"wp","href":"https:\/\/api.w.org\/{rel}","templated":true}]}}