{"id":462933,"date":"2026-03-17T19:53:19","date_gmt":"2026-03-17T23:53:19","guid":{"rendered":"https:\/\/primermomento.com\/?p=462933"},"modified":"2026-03-18T05:38:19","modified_gmt":"2026-03-18T09:38:19","slug":"presidente-dominicano-aprecia-produccion-de-capa-en-finca-tabacalera","status":"publish","type":"post","link":"https:\/\/primermomento.com\/?p=462933","title":{"rendered":"Presidente dominicano aprecia producci\u00f3n de capa en finca tabacalera"},"content":{"rendered":"<p><em><strong>Por Prensa Latina<\/strong><\/em><\/p>\n<p>SANTO DOMINGO, Rep\u00fablica Dominicana.- El presidente dominicano, Luis Abinader, visit\u00f3 hoy la finca tabacalera \u201cLa Milagrosa\u201d, propiedad de la empresa Arturo Fuente, con el objetivo de replicar su avanzada tecnolog\u00eda en otras partes del pa\u00eds.<\/p>\n<div class=\"elementor-element elementor-element-0aea3a0 elementor-widget elementor-widget-theme-post-content\" data-id=\"0aea3a0\" data-element_type=\"widget\" data-widget_type=\"theme-post-content.default\">\n<div class=\"elementor-widget-container\">\n<p>La visita del mandatario a esta finca en Monte Plata respondi\u00f3 tambi\u00e9n al inter\u00e9s de conocer la experiencia en la producci\u00f3n de capa, considerada la hoja m\u00e1s fina utilizada en la elaboraci\u00f3n de cigarros.<\/p>\n<p>Durante el recorrido, el CEO de la empresa, Ciro Cascella, en compa\u00f1\u00eda del presidente del consejo, Carlos Fuente, mostr\u00f3 al mandatario la inversi\u00f3n y el impacto econ\u00f3mico de este proyecto clave para el fortalecimiento de la producci\u00f3n de tabaco premium en el pa\u00eds.<\/p>\n<p>Cascella destac\u00f3 que el programa es continuidad de la visi\u00f3n iniciada hace m\u00e1s de 30 a\u00f1os por la familia Fuente, pionera en la siembra de capa de tabaco en el pa\u00eds.<\/p>\n<p>Tambi\u00e9n detall\u00f3 que \u201cLa Milagrosa\u201d cuenta con tecnolog\u00eda de \u00faltima generaci\u00f3n, incluyendo sistemas de irrigaci\u00f3n que permiten un riego y fertilizaci\u00f3n precisos, as\u00ed como el uso de paneles solares que aportan sostenibilidad al proceso productivo.<\/p>\n<p>Adem\u00e1s, dispone de seis ranchos de curado con capacidad para 50 mil libras cada uno.<\/p>\n<p>En el \u00e1mbito social, el ejecutivo resalt\u00f3 que la finca genera alrededor de 400 empleos directos en esta comunidad, con lo cual contribuye al dinamismo econ\u00f3mico de la zona.<\/p>\n<p>De su lado, el director del Instituto del Tabaco (Intabaco), Iv\u00e1n Hern\u00e1ndez, destac\u00f3 que el tabaco contin\u00faa siendo el principal rubro agropecuario de exportaci\u00f3n de la Rep\u00fablica Dominicana, generando aproximadamente mil 385 millones de d\u00f3lares en divisas.<\/p>\n<p>Precis\u00f3 que esta industria genera cerca de 40 mil empleos directos en zonas francas, consolidada como uno de los pilares fundamentales para la dinamizaci\u00f3n econ\u00f3mica y el desarrollo social del pa\u00eds.<\/p>\n<p>Destac\u00f3 que un 62 por ciento de estos puestos de trabajo son ocupados por mujeres, lo que evidencia el papel del sector en la inclusi\u00f3n laboral femenina y la igualdad de g\u00e9nero.<\/p>\n<\/div>\n<\/div>\n<div class=\"elementor-element elementor-element-4f75016 elementor-widget elementor-widget-post-info\" data-id=\"4f75016\" data-element_type=\"widget\" data-widget_type=\"post-info.default\">\n<div class=\"elementor-widget-container\">\n<ul class=\"elementor-inline-items elementor-icon-list-items elementor-post-info\">\n<li class=\"elementor-icon-list-item elementor-repeater-item-17dda3e elementor-inline-item\"><span class=\"elementor-icon-list-text elementor-post-info__item elementor-post-info__item--type-custom\">#<em><a href=\"https:\/\/primermomento.com\/?p=462933\" rel=\"tag\">finca tabacalera<\/a><\/em><\/span><\/li>\n<\/ul>\n<\/div>\n<\/div>\n","protected":false},"excerpt":{"rendered":"<p>Por Prensa Latina SANTO DOMINGO, Rep\u00fablica Dominicana.- El presidente dominicano, Luis Abinader, visit\u00f3 hoy la finca tabacalera \u201cLa Milagrosa\u201d, propiedad de la empresa Arturo Fuente, con el objetivo de replicar su avanzada tecnolog\u00eda en otras partes del pa\u00eds. La visita del mandatario a esta finca en Monte Plata respondi\u00f3 tambi\u00e9n al inter\u00e9s de conocer la [&hellip;]<\/p>\n","protected":false},"author":1,"featured_media":462934,"comment_status":"open","ping_status":"open","sticky":false,"template":"","format":"standard","meta":{"_bbp_topic_count":0,"_bbp_reply_count":0,"_bbp_total_topic_count":0,"_bbp_total_reply_count":0,"_bbp_voice_count":0,"_bbp_anonymous_reply_count":0,"_bbp_topic_count_hidden":0,"_bbp_reply_count_hidden":0,"_bbp_forum_subforum_count":0,"footnotes":""},"categories":[35],"tags":[],"class_list":{"0":"post-462933","1":"post","2":"type-post","3":"status-publish","4":"format-standard","5":"has-post-thumbnail","7":"category-economia"},"_links":{"self":[{"href":"https:\/\/primermomento.com\/index.php?rest_route=\/wp\/v2\/posts\/462933","targetHints":{"allow":["GET"]}}],"collection":[{"href":"https:\/\/primermomento.com\/index.php?rest_route=\/wp\/v2\/posts"}],"about":[{"href":"https:\/\/primermomento.com\/index.php?rest_route=\/wp\/v2\/types\/post"}],"author":[{"embeddable":true,"href":"https:\/\/primermomento.com\/index.php?rest_route=\/wp\/v2\/users\/1"}],"replies":[{"embeddable":true,"href":"https:\/\/primermomento.com\/index.php?rest_route=%2Fwp%2Fv2%2Fcomments&post=462933"}],"version-history":[{"count":1,"href":"https:\/\/primermomento.com\/index.php?rest_route=\/wp\/v2\/posts\/462933\/revisions"}],"predecessor-version":[{"id":462935,"href":"https:\/\/primermomento.com\/index.php?rest_route=\/wp\/v2\/posts\/462933\/revisions\/462935"}],"wp:featuredmedia":[{"embeddable":true,"href":"https:\/\/primermomento.com\/index.php?rest_route=\/wp\/v2\/media\/462934"}],"wp:attachment":[{"href":"https:\/\/primermomento.com\/index.php?rest_route=%2Fwp%2Fv2%2Fmedia&parent=462933"}],"wp:term":[{"taxonomy":"category","embeddable":true,"href":"https:\/\/primermomento.com\/index.php?rest_route=%2Fwp%2Fv2%2Fcategories&post=462933"},{"taxonomy":"post_tag","embeddable":true,"href":"https:\/\/primermomento.com\/index.php?rest_route=%2Fwp%2Fv2%2Ftags&post=462933"}],"curies":[{"name":"wp","href":"https:\/\/api.w.org\/{rel}","templated":true}]}}