{"id":462991,"date":"2026-03-18T05:50:56","date_gmt":"2026-03-18T09:50:56","guid":{"rendered":"https:\/\/primermomento.com\/?p=462991"},"modified":"2026-03-18T11:22:08","modified_gmt":"2026-03-18T15:22:08","slug":"testigo-del-tiempo-enganandonos-con-puras-mentiras","status":"publish","type":"post","link":"https:\/\/primermomento.com\/?p=462991","title":{"rendered":"Testigo del tiempo | Enga\u00f1\u00e1ndonos con puras mentiras"},"content":{"rendered":"<div dir=\"ltr\">\n<div><em><strong>Por J.C. Malone<\/strong><\/em><\/div>\n<div><\/div>\n<div>Una breve revisi\u00f3n de los grandes acontecimientos hist\u00f3ricos demuestra que el gobierno siempre miente, que nada de lo que ha dicho tiene relaci\u00f3n alguna con la verdad.<\/div>\n<div>Aunque todos creyeron que Espa\u00f1a atac\u00f3 el destructor USS Maine, anclado en el puerto de La Habana, lo que inici\u00f3 la guerra hispanoamericana de 1898, fue falso.<\/div>\n<div>\n<figure id=\"attachment_442110\" aria-describedby=\"caption-attachment-442110\" style=\"width: 196px\" class=\"wp-caption alignleft\"><img loading=\"lazy\" decoding=\"async\" class=\"size-full wp-image-442110\" src=\"https:\/\/primermomento.com\/wp-content\/uploads\/2025\/05\/J.C.-Malone_Testigo-del-Tiempo.jpg\" alt=\"\" width=\"196\" height=\"244\" \/><figcaption id=\"caption-attachment-442110\" class=\"wp-caption-text\">J.C. Malone<br \/>Analista pol\u00edtico<\/figcaption><\/figure>\n<p>Aunque todos creyeron en 1964 que Vietnam del Norte atac\u00f3 un buque estadounidense en el golfo de Tonk\u00edn, por eso iniciaron la guerra de Vietnam, fue falso.<\/p>\n<\/div>\n<div>Aunque todos cre\u00edamos, en 2001, que Osama Bin Laden dirigi\u00f3 los ataques contra Nueva York y Washington del 11 de septiembre, hoy muchos cuestionan esa versi\u00f3n.<\/div>\n<div>Tomando en cuenta estos antecedentes, debemos cuestionar la versi\u00f3n oficial que justifica o explica la guerra que Israel y los Estados Unidos declararon contra Ir\u00e1n.<\/div>\n<div>\u00bfSer\u00e1 cierto que el presidente Donald Trump, al atacar a Ir\u00e1n, es v\u00edctima de inexperiencia pol\u00edtica y de los \u201cmalos consejos\u201d del primer ministro israel\u00ed, Benjam\u00edn Netanyahu?<\/div>\n<div>Esta versi\u00f3n es tan com\u00fan hoy como lo fueron ayer aquellas sobre el Maine, en La Habana; el Golfo de Tonk\u00edn, en Vietnam; y los ataques del 11\/9.<\/div>\n<div>Hoy, la \u201cmala influencia\u201d de Netanyahu sobre Trump es como la saliva, todos la tenemos en la boca, aunque nadie sabe de d\u00f3nde viene, la estamos repitiendo.<\/div>\n<div>Descendientes de los inocentes que creyeron en el ataque al Maine, creyeron en los ataques de Vietnam y el 11\/9; hoy ellos creen que Trump es \u201cinstrumento\u201d de Netanyahu.<\/div>\n<div>Las mentiras de ayer se desvanecieron solas. No hace falta cuestionar las versiones oficiales, basta con observar, porque siempre se repiten los mismos patrones. Nos atacaron en La Habana, en Vietnam y el 11\/9.<\/div>\n<div>El orden de los factores no altera el producto. Hoy nosotros atacamos, por eso debemos esperar un contraataque.<\/div>\n<div>Ese ser\u00e1 el verdadero inicio.<\/div>\n<div>Lo que buscaba el Foro Econ\u00f3mico Mundial (FEM), el control medi\u00e1tico, el cambio energ\u00e9tico y mucho m\u00e1s, lo lograr\u00e1n con Ir\u00e1n.<\/div>\n<div>\u201cPor nuestra seguridad\u201d, nos arrancar\u00e1n las migajas de libertad que nos quedan, como siempre, enga\u00f1\u00e1ndonos con puras mentiras.<\/div>\n<\/div>\n<div>\n<p>S\u00edgueme en Youtube&#8230;<\/p>\n<div>\n<p><a href=\"https:\/\/www.youtube.com\/channel\/UCC_JSYrYV93iklTEhAjiBqQ?view_as=subscriber\" target=\"_blank\" rel=\"noopener\" data-saferedirecturl=\"https:\/\/www.google.com\/url?q=https:\/\/www.youtube.com\/channel\/UCC_JSYrYV93iklTEhAjiBqQ?view_as%3Dsubscriber&amp;source=gmail&amp;ust=1773933438238000&amp;usg=AOvVaw23IjezZAUKYRThBJJJtfRp\">https:\/\/www.youtube.com\/<wbr \/>channel\/UCC_<wbr \/>JSYrYV93iklTEhAjiBqQ?view_as=<wbr \/>subscriber<\/a><\/p>\n<div class=\"yj6qo\"><\/div>\n<div class=\"adL\"><\/div>\n<\/div>\n<\/div>\n","protected":false},"excerpt":{"rendered":"<p>Por J.C. Malone Una breve revisi\u00f3n de los grandes acontecimientos hist\u00f3ricos demuestra que el gobierno siempre miente, que nada de lo que ha dicho tiene relaci\u00f3n alguna con la verdad. Aunque todos creyeron que Espa\u00f1a atac\u00f3 el destructor USS Maine, anclado en el puerto de La Habana, lo que inici\u00f3 la guerra hispanoamericana de 1898, [&hellip;]<\/p>\n","protected":false},"author":1,"featured_media":334260,"comment_status":"open","ping_status":"open","sticky":false,"template":"","format":"standard","meta":{"_bbp_topic_count":0,"_bbp_reply_count":0,"_bbp_total_topic_count":0,"_bbp_total_reply_count":0,"_bbp_voice_count":0,"_bbp_anonymous_reply_count":0,"_bbp_topic_count_hidden":0,"_bbp_reply_count_hidden":0,"_bbp_forum_subforum_count":0,"footnotes":""},"categories":[33],"tags":[],"class_list":{"0":"post-462991","1":"post","2":"type-post","3":"status-publish","4":"format-standard","5":"has-post-thumbnail","7":"category-opinion"},"_links":{"self":[{"href":"https:\/\/primermomento.com\/index.php?rest_route=\/wp\/v2\/posts\/462991","targetHints":{"allow":["GET"]}}],"collection":[{"href":"https:\/\/primermomento.com\/index.php?rest_route=\/wp\/v2\/posts"}],"about":[{"href":"https:\/\/primermomento.com\/index.php?rest_route=\/wp\/v2\/types\/post"}],"author":[{"embeddable":true,"href":"https:\/\/primermomento.com\/index.php?rest_route=\/wp\/v2\/users\/1"}],"replies":[{"embeddable":true,"href":"https:\/\/primermomento.com\/index.php?rest_route=%2Fwp%2Fv2%2Fcomments&post=462991"}],"version-history":[{"count":2,"href":"https:\/\/primermomento.com\/index.php?rest_route=\/wp\/v2\/posts\/462991\/revisions"}],"predecessor-version":[{"id":462993,"href":"https:\/\/primermomento.com\/index.php?rest_route=\/wp\/v2\/posts\/462991\/revisions\/462993"}],"wp:featuredmedia":[{"embeddable":true,"href":"https:\/\/primermomento.com\/index.php?rest_route=\/wp\/v2\/media\/334260"}],"wp:attachment":[{"href":"https:\/\/primermomento.com\/index.php?rest_route=%2Fwp%2Fv2%2Fmedia&parent=462991"}],"wp:term":[{"taxonomy":"category","embeddable":true,"href":"https:\/\/primermomento.com\/index.php?rest_route=%2Fwp%2Fv2%2Fcategories&post=462991"},{"taxonomy":"post_tag","embeddable":true,"href":"https:\/\/primermomento.com\/index.php?rest_route=%2Fwp%2Fv2%2Ftags&post=462991"}],"curies":[{"name":"wp","href":"https:\/\/api.w.org\/{rel}","templated":true}]}}