{"id":463011,"date":"2026-03-19T12:12:53","date_gmt":"2026-03-19T16:12:53","guid":{"rendered":"https:\/\/primermomento.com\/?p=463011"},"modified":"2026-03-19T14:50:18","modified_gmt":"2026-03-19T18:50:18","slug":"fuerza-del-pueblo-denuncia-intentos-eliminar-cesantia-en-dominicana","status":"publish","type":"post","link":"https:\/\/primermomento.com\/?p=463011","title":{"rendered":"Fuerza del Pueblo denuncia intentos de eliminar cesant\u00eda en Rep\u00fablica Dominicana"},"content":{"rendered":"<p><strong><em>Por Prensa Latina<\/em><\/strong><\/p>\n<p>SANTO DOMINGO, Rep\u00fablica Dominicana.- La Secretar\u00eda de Asuntos Laborales de la Fuerza del Pueblo (FP) denunci\u00f3 hoy que en Rep\u00fablica Dominicana se estar\u00edan produciendo nuevos intentos de eliminar o debilitar el derecho a la cesant\u00eda laboral.<\/p>\n<div class=\"elementor-element elementor-element-0aea3a0 elementor-widget elementor-widget-theme-post-content\" data-id=\"0aea3a0\" data-element_type=\"widget\" data-widget_type=\"theme-post-content.default\">\n<div class=\"elementor-widget-container\">\n<p>La fuerza pol\u00edtica opositora llam\u00f3 a su militancia y a la clase trabajadora a mantenerse vigilantes frente a cualquier iniciativa que represente un retroceso en derechos adquiridos.<\/p>\n<p>Mediante un comunicado, afirm\u00f3 que el Congreso Nacional, donde el oficialista Partido Revolucionario Moderno (PRM) ostenta mayor\u00eda, mantiene paralizado el acuerdo tripartito alcanzado entre el Gobierno, el sector empresarial y los trabajadores en torno a la modificaci\u00f3n del C\u00f3digo de Trabajo.<\/p>\n<p>A su juicio, esta situaci\u00f3n genera incertidumbre y abre espacio a maniobras que podr\u00edan perjudicar a los empleados.<\/p>\n<p>En ese sentido, la FP advirti\u00f3 que existen indicios de intentos por parte de sectores interesados en alterar aspectos fundamentales del r\u00e9gimen laboral vigente, especialmente en lo relativo a la cesant\u00eda, uno de los principales mecanismos de protecci\u00f3n para los trabajadores en caso de terminaci\u00f3n de sus contratos.<\/p>\n<p>La entidad consider\u00f3 inexplicable que una iniciativa con m\u00e1s de una d\u00e9cada de discusiones y consensos a\u00fan no haya sido conocida ni aprobada, mientras otros proyectos impulsados por el Poder Ejecutivo han sido tramitados con celeridad en el Congreso.<\/p>\n<p>Asimismo, cuestion\u00f3 que, pese a los acuerdos alcanzados en el marco del di\u00e1logo tripartito, se pretenda introducir modificaciones que no responden a lo pactado, lo que \u2014seg\u00fan advirti\u00f3\u2014 podr\u00eda romper el equilibrio logrado entre empleadores y trabajadores. La Secretar\u00eda de Asuntos Laborales sostuvo que gran parte de las reformas consensuadas incluyen flexibilizaci\u00f3n de la jornada laboral, optimizaci\u00f3n administrativa y el fortalecimiento de las facultades del Ministerio de Trabajo para intervenir en la resoluci\u00f3n de conflictos, lo que tambi\u00e9n beneficia al sector empleador al agilizar los procesos.<\/p>\n<p>En ese contexto, la organizaci\u00f3n reiter\u00f3 su respaldo a la postura del movimiento sindical, que ha alertado sobre posibles retrocesos en materia de derechos laborales, y exhort\u00f3 a preservar los avances alcanzados a lo largo de los a\u00f1os en las relaciones de trabajo.<\/p>\n<\/div>\n<\/div>\n<div class=\"elementor-element elementor-element-4f75016 elementor-widget elementor-widget-post-info\" data-id=\"4f75016\" data-element_type=\"widget\" data-widget_type=\"post-info.default\">\n<div class=\"elementor-widget-container\">\n<ul class=\"elementor-inline-items elementor-icon-list-items elementor-post-info\">\n<li class=\"elementor-icon-list-item elementor-repeater-item-17dda3e elementor-inline-item\"><span class=\"elementor-icon-list-text elementor-post-info__item elementor-post-info__item--type-custom\">#<em><a href=\"https:\/\/primermomento.com\/?p=463011\" rel=\"tag\">derechos trabajadores<\/a><\/em><\/span><\/li>\n<\/ul>\n<\/div>\n<\/div>\n","protected":false},"excerpt":{"rendered":"<p>Por Prensa Latina SANTO DOMINGO, Rep\u00fablica Dominicana.- La Secretar\u00eda de Asuntos Laborales de la Fuerza del Pueblo (FP) denunci\u00f3 hoy que en Rep\u00fablica Dominicana se estar\u00edan produciendo nuevos intentos de eliminar o debilitar el derecho a la cesant\u00eda laboral. La fuerza pol\u00edtica opositora llam\u00f3 a su militancia y a la clase trabajadora a mantenerse vigilantes [&hellip;]<\/p>\n","protected":false},"author":1,"featured_media":434078,"comment_status":"open","ping_status":"open","sticky":false,"template":"","format":"standard","meta":{"_bbp_topic_count":0,"_bbp_reply_count":0,"_bbp_total_topic_count":0,"_bbp_total_reply_count":0,"_bbp_voice_count":0,"_bbp_anonymous_reply_count":0,"_bbp_topic_count_hidden":0,"_bbp_reply_count_hidden":0,"_bbp_forum_subforum_count":0,"footnotes":""},"categories":[31],"tags":[],"class_list":{"0":"post-463011","1":"post","2":"type-post","3":"status-publish","4":"format-standard","5":"has-post-thumbnail","7":"category-estados-unidos"},"_links":{"self":[{"href":"https:\/\/primermomento.com\/index.php?rest_route=\/wp\/v2\/posts\/463011","targetHints":{"allow":["GET"]}}],"collection":[{"href":"https:\/\/primermomento.com\/index.php?rest_route=\/wp\/v2\/posts"}],"about":[{"href":"https:\/\/primermomento.com\/index.php?rest_route=\/wp\/v2\/types\/post"}],"author":[{"embeddable":true,"href":"https:\/\/primermomento.com\/index.php?rest_route=\/wp\/v2\/users\/1"}],"replies":[{"embeddable":true,"href":"https:\/\/primermomento.com\/index.php?rest_route=%2Fwp%2Fv2%2Fcomments&post=463011"}],"version-history":[{"count":2,"href":"https:\/\/primermomento.com\/index.php?rest_route=\/wp\/v2\/posts\/463011\/revisions"}],"predecessor-version":[{"id":463024,"href":"https:\/\/primermomento.com\/index.php?rest_route=\/wp\/v2\/posts\/463011\/revisions\/463024"}],"wp:featuredmedia":[{"embeddable":true,"href":"https:\/\/primermomento.com\/index.php?rest_route=\/wp\/v2\/media\/434078"}],"wp:attachment":[{"href":"https:\/\/primermomento.com\/index.php?rest_route=%2Fwp%2Fv2%2Fmedia&parent=463011"}],"wp:term":[{"taxonomy":"category","embeddable":true,"href":"https:\/\/primermomento.com\/index.php?rest_route=%2Fwp%2Fv2%2Fcategories&post=463011"},{"taxonomy":"post_tag","embeddable":true,"href":"https:\/\/primermomento.com\/index.php?rest_route=%2Fwp%2Fv2%2Ftags&post=463011"}],"curies":[{"name":"wp","href":"https:\/\/api.w.org\/{rel}","templated":true}]}}