{"id":463038,"date":"2026-03-19T15:37:05","date_gmt":"2026-03-19T19:37:05","guid":{"rendered":"https:\/\/primermomento.com\/?p=463038"},"modified":"2026-03-20T09:55:37","modified_gmt":"2026-03-20T13:55:37","slug":"camara-de-diputados-de-la-republica-dominicana-elimina-candidaturas-independientes","status":"publish","type":"post","link":"https:\/\/primermomento.com\/?p=463038","title":{"rendered":"C\u00e1mara de Diputados de la Rep\u00fablica Dominicana elimina candidaturas independientes"},"content":{"rendered":"<p><strong><em>Por Prensa Latina<\/em><\/strong><\/p>\n<p>SANTO DOMINGO, Rep\u00fablica Dominicana.- La C\u00e1mara de Diputados de la Rep\u00fablica Dominicana aprob\u00f3 hoy la eliminaci\u00f3n de las candidaturas independientes de la Ley Electoral, en medio de cr\u00edticas por la ausencia de un proceso previo de an\u00e1lisis sobre la medida.<\/p>\n<p>La decisi\u00f3n se enmarca en la discusi\u00f3n sobre la adecuaci\u00f3n del sistema pol\u00edtico a la Constituci\u00f3n, la cual reconoce a los partidos pol\u00edticos como los principales canales para la postulaci\u00f3n de candidaturas.<\/p>\n<p>El presidente de la C\u00e1mara de Diputados, Alfredo Pacheco, sostuvo que las inscripciones independientes carecen de sustento constitucional, por lo que no deber\u00edan formar parte del ordenamiento electoral vigente.<\/p>\n<p>No obstante, diversos sectores han criticado que la aprobaci\u00f3n se realizara sin una discusi\u00f3n amplia ni consultas, al tratarse de un tema que incide directamente en la participaci\u00f3n pol\u00edtica y en el modelo democr\u00e1tico del pa\u00eds.<\/p>\n<p>El debate sobre las candidaturas independientes cobr\u00f3 fuerza tras una decisi\u00f3n del Tribunal Constitucional de la Rep\u00fablica Dominicana que orden\u00f3 regular esta figura, lo que abri\u00f3 interrogantes sobre su viabilidad dentro del marco jur\u00eddico nacional.<\/p>\n<p>El pasado d\u00eda 11 el Senado aprob\u00f3 en segunda lectura el proyecto de ley que deroga los art\u00edculos 156, 157 y 158 de la Ley 20-23, Org\u00e1nica del R\u00e9gimen Electoral, eliminando las nominaciones sin el respaldo de un partido.<\/p>\n<p>Esta figura permit\u00eda que ciudadanos aspiraran a cargos de elecci\u00f3n popular sin pertenecer a una agrupaci\u00f3n pol\u00edtica.<\/p>\n<p>Antes de la aprobaci\u00f3n, el senador Bernardo Alem\u00e1n, del oficialista Partido Revolucionario Moderno (PRM) solicit\u00f3 vistas p\u00fablicas para escuchar a partidos, sociedad civil y la Junta Central Electoral, pero su petici\u00f3n fue rechazada.<\/p>\n<p>Tambi\u00e9n se opuso Antonio Taveras Guzm\u00e1n (PRM), quien afirm\u00f3 que permitir postulaciones fuera de los partidos podr\u00eda fortalecer la democracia.<\/p>\n","protected":false},"excerpt":{"rendered":"<p>Por Prensa Latina SANTO DOMINGO, Rep\u00fablica Dominicana.- La C\u00e1mara de Diputados de la Rep\u00fablica Dominicana aprob\u00f3 hoy la eliminaci\u00f3n de las candidaturas independientes de la Ley Electoral, en medio de cr\u00edticas por la ausencia de un proceso previo de an\u00e1lisis sobre la medida. La decisi\u00f3n se enmarca en la discusi\u00f3n sobre la adecuaci\u00f3n del sistema [&hellip;]<\/p>\n","protected":false},"author":1,"featured_media":457148,"comment_status":"open","ping_status":"open","sticky":false,"template":"","format":"standard","meta":{"_bbp_topic_count":0,"_bbp_reply_count":0,"_bbp_total_topic_count":0,"_bbp_total_reply_count":0,"_bbp_voice_count":0,"_bbp_anonymous_reply_count":0,"_bbp_topic_count_hidden":0,"_bbp_reply_count_hidden":0,"_bbp_forum_subforum_count":0,"footnotes":""},"categories":[31],"tags":[],"class_list":{"0":"post-463038","1":"post","2":"type-post","3":"status-publish","4":"format-standard","5":"has-post-thumbnail","7":"category-estados-unidos"},"_links":{"self":[{"href":"https:\/\/primermomento.com\/index.php?rest_route=\/wp\/v2\/posts\/463038","targetHints":{"allow":["GET"]}}],"collection":[{"href":"https:\/\/primermomento.com\/index.php?rest_route=\/wp\/v2\/posts"}],"about":[{"href":"https:\/\/primermomento.com\/index.php?rest_route=\/wp\/v2\/types\/post"}],"author":[{"embeddable":true,"href":"https:\/\/primermomento.com\/index.php?rest_route=\/wp\/v2\/users\/1"}],"replies":[{"embeddable":true,"href":"https:\/\/primermomento.com\/index.php?rest_route=%2Fwp%2Fv2%2Fcomments&post=463038"}],"version-history":[{"count":1,"href":"https:\/\/primermomento.com\/index.php?rest_route=\/wp\/v2\/posts\/463038\/revisions"}],"predecessor-version":[{"id":463039,"href":"https:\/\/primermomento.com\/index.php?rest_route=\/wp\/v2\/posts\/463038\/revisions\/463039"}],"wp:featuredmedia":[{"embeddable":true,"href":"https:\/\/primermomento.com\/index.php?rest_route=\/wp\/v2\/media\/457148"}],"wp:attachment":[{"href":"https:\/\/primermomento.com\/index.php?rest_route=%2Fwp%2Fv2%2Fmedia&parent=463038"}],"wp:term":[{"taxonomy":"category","embeddable":true,"href":"https:\/\/primermomento.com\/index.php?rest_route=%2Fwp%2Fv2%2Fcategories&post=463038"},{"taxonomy":"post_tag","embeddable":true,"href":"https:\/\/primermomento.com\/index.php?rest_route=%2Fwp%2Fv2%2Ftags&post=463038"}],"curies":[{"name":"wp","href":"https:\/\/api.w.org\/{rel}","templated":true}]}}