{"id":463064,"date":"2026-03-20T13:34:01","date_gmt":"2026-03-20T17:34:01","guid":{"rendered":"https:\/\/primermomento.com\/?p=463064"},"modified":"2026-03-20T18:43:39","modified_gmt":"2026-03-20T22:43:39","slug":"pld-demanda-de-gobierno-dominicano-plan-de-crisis-por-guerra","status":"publish","type":"post","link":"https:\/\/primermomento.com\/?p=463064","title":{"rendered":"PLD demanda de Gobierno dominicano plan de crisis por guerra en Medio Oriente"},"content":{"rendered":"<p><em><strong>Por Prensa Latina<\/strong><\/em><\/p>\n<p>SANTO DOMINGO, Rep\u00fablica Dominicana.- El Partido de la Liberaci\u00f3n Dominicana exigi\u00f3 hoy al Gobierno presentar al pa\u00eds las medidas que adoptar\u00e1 para mitigar los efectos de la situaci\u00f3n econ\u00f3mica derivada de la guerra en Medio Oriente.<\/p>\n<div class=\"elementor-element elementor-element-0aea3a0 elementor-widget elementor-widget-theme-post-content\" data-id=\"0aea3a0\" data-element_type=\"widget\" data-widget_type=\"theme-post-content.default\">\n<div class=\"elementor-widget-container\">\n<p>La organizaci\u00f3n pol\u00edtica advirti\u00f3 que, aunque reconoce que el pa\u00eds enfrenta un contexto complejo que podr\u00eda obligar a aplicar medidas dr\u00e1sticas para preservar la estabilidad econ\u00f3mica, la sociedad requiere informaci\u00f3n clara y ha faltado transparencia por parte de las autoridades.<\/p>\n<p>El tema fue abordado por el secretario general del PLD, Johnny Pujols; la vicepresidenta Zoraima Cuello; as\u00ed como por Richard Medina y Margarita Pimentel, miembros del Comit\u00e9 Pol\u00edtico, y Luis Reyes, integrante del Comit\u00e9 Central.<\/p>\n<p>Pujols expres\u00f3 que el PLD tiene preocupaciones sobre la capacidad del Gobierno para enfrentar la coyuntura geopol\u00edtica actual, al considerar que las autoridades han actuado de manera \u00abreactiva\u00bb.<\/p>\n<p>En ese sentido, indic\u00f3 que uno de los aspectos clave es definir c\u00f3mo se mitigar\u00e1 el aumento de los costos de los insumos agr\u00edcolas.<\/p>\n<p>\u201cEl Gobierno act\u00faa de manera reactiva cuando tiene el problema encima\u2026 deber\u00eda explicar desde ahora cu\u00e1les cultivos se van a sustituir en la producci\u00f3n, as\u00ed como las facilidades t\u00e9cnicas, financiamiento y subsidios\u201d, apunt\u00f3.<\/p>\n<p>Por su parte, Reyes consider\u00f3 que el Ejecutivo debe recortar el gasto y enviar una se\u00f1al de austeridad para contar con la autoridad necesaria al momento de solicitar ajustes a la poblaci\u00f3n.<\/p>\n<p>\u201cEl Gobierno debe dirigirse a la naci\u00f3n y explicar claramente cu\u00e1les son las circunstancias que enfrenta, adem\u00e1s de enviar una se\u00f1al de austeridad. De lo contrario, no tendr\u00e1 la credibilidad ni el reconocimiento social para pedir a la poblaci\u00f3n que asuma los ajustes necesarios\u201d, expres\u00f3.<\/p>\n<p>En tanto, Medina sostuvo que es necesario conocer los planes a mediano y largo plazo. Expres\u00f3 que, si la situaci\u00f3n es temporal, se asume la aplicaci\u00f3n de subsidios, y advirti\u00f3 que no deben repetirse errores de la pandemia de la Covid-19, cuando se mantuvieron aranceles sobre los fletes tras la inflaci\u00f3n de 2020 y 2021.<\/p>\n<p>\u201cAbogamos por conocer la planificaci\u00f3n y crear conciencia en la poblaci\u00f3n sobre la situaci\u00f3n del petr\u00f3leo. Sin embargo, nada de eso est\u00e1 ocurriendo, y se insiste en que todo est\u00e1 bajo control, cuando no depende de la Rep\u00fablica Dominicana\u201d, afirm\u00f3.<\/p>\n<p>Al ser cuestionados sobre la aplicaci\u00f3n de la Ley de Hidrocarburos, en relaci\u00f3n con el traspaso de aumentos a los consumidores, Reyes indic\u00f3 que este es un instrumento adecuado en contextos de baja volatilidad de precios.<\/p>\n<p>No obstante, reconoci\u00f3 que su aplicaci\u00f3n impacta la calidad de vida y el poder adquisitivo de los ciudadanos debido a la inflaci\u00f3n y a las dificultades para cubrir la canasta b\u00e1sica.<\/p>\n<p>Cuello afirm\u00f3 que, pese a la ley, en 2022 el Gobierno aument\u00f3 los precios de los combustibles y luego no la aplic\u00f3 en los a\u00f1os siguientes cuando el petr\u00f3leo baj\u00f3, lo que, a su juicio, evidencia falta de transparencia y coherencia.<\/p>\n<p>A\u00f1adi\u00f3 que en 2025 el subsidio fue mayor que en la actualidad y que ha beneficiado principalmente a los sectores de mayores ingresos.<\/p>\n<p>Los dirigentes del partido opositor consideraron que esta situaci\u00f3n podr\u00eda impactar el crecimiento econ\u00f3mico de la Rep\u00fablica Dominicana, el cual, seg\u00fan indicaron, se ha estancado en los \u00faltimos dos a\u00f1os.<\/p>\n<p>Medina y Reyes estimaron que el crecimiento podr\u00eda situarse por debajo del 3.5 por ciento previsto antes del conflicto.<\/p>\n<p>Como consecuencia del alza en los precios del petr\u00f3leo provocada por la guerra en el Golfo P\u00e9rsico, el Gobierno dominicano dispuso una partida adicional de 10 mil millones de pesos (unos 169 millones de d\u00f3lares), que podr\u00edan ser reasignados para ampliar el subsidio a los combustibles.<\/p>\n<p>Esta medida forma parte de un conjunto de acciones anunciadas la v\u00edspera por el ministro de Hacienda y Econom\u00eda, Mag\u00edn D\u00edaz.<\/p>\n<p>El funcionario explic\u00f3 que el subsidio vigente fue estimado tomando como referencia un precio del petr\u00f3leo WTI de 65 d\u00f3lares. Sin embargo, este ha registrado un incremento considerable, al pasar de menos de 60 d\u00f3lares al cierre del a\u00f1o pasado a un rango de entre 95 y 100 d\u00f3lares en la actualidad.<\/p>\n<p>Asimismo, calific\u00f3 como grave la situaci\u00f3n del mercado petrolero internacional en el contexto del conflicto en Medio Oriente, y advirti\u00f3 que esta coyuntura tiene un impacto directo sobre la econom\u00eda de la Rep\u00fablica Dominicana.<\/p>\n<\/div>\n<\/div>\n<div class=\"elementor-element elementor-element-4f75016 elementor-widget elementor-widget-post-info\" data-id=\"4f75016\" data-element_type=\"widget\" data-widget_type=\"post-info.default\">\n<div class=\"elementor-widget-container\">\n<ul class=\"elementor-inline-items elementor-icon-list-items elementor-post-info\">\n<li class=\"elementor-icon-list-item elementor-repeater-item-17dda3e elementor-inline-item\"><em><span class=\"elementor-icon-list-text elementor-post-info__item elementor-post-info__item--type-custom\">#<a href=\"https:\/\/primermomento.com\/?p=463064\" rel=\"tag\">efectos econ\u00f3micos<\/a>\u00a0#<a href=\"https:\/\/primermomento.com\/?p=463064\" rel=\"tag\">pld<\/a><\/span><\/em><\/li>\n<\/ul>\n<\/div>\n<\/div>\n","protected":false},"excerpt":{"rendered":"<p>Por Prensa Latina SANTO DOMINGO, Rep\u00fablica Dominicana.- El Partido de la Liberaci\u00f3n Dominicana exigi\u00f3 hoy al Gobierno presentar al pa\u00eds las medidas que adoptar\u00e1 para mitigar los efectos de la situaci\u00f3n econ\u00f3mica derivada de la guerra en Medio Oriente. La organizaci\u00f3n pol\u00edtica advirti\u00f3 que, aunque reconoce que el pa\u00eds enfrenta un contexto complejo que podr\u00eda [&hellip;]<\/p>\n","protected":false},"author":1,"featured_media":463065,"comment_status":"open","ping_status":"open","sticky":false,"template":"","format":"standard","meta":{"_bbp_topic_count":0,"_bbp_reply_count":0,"_bbp_total_topic_count":0,"_bbp_total_reply_count":0,"_bbp_voice_count":0,"_bbp_anonymous_reply_count":0,"_bbp_topic_count_hidden":0,"_bbp_reply_count_hidden":0,"_bbp_forum_subforum_count":0,"footnotes":""},"categories":[31],"tags":[],"class_list":{"0":"post-463064","1":"post","2":"type-post","3":"status-publish","4":"format-standard","5":"has-post-thumbnail","7":"category-estados-unidos"},"_links":{"self":[{"href":"https:\/\/primermomento.com\/index.php?rest_route=\/wp\/v2\/posts\/463064","targetHints":{"allow":["GET"]}}],"collection":[{"href":"https:\/\/primermomento.com\/index.php?rest_route=\/wp\/v2\/posts"}],"about":[{"href":"https:\/\/primermomento.com\/index.php?rest_route=\/wp\/v2\/types\/post"}],"author":[{"embeddable":true,"href":"https:\/\/primermomento.com\/index.php?rest_route=\/wp\/v2\/users\/1"}],"replies":[{"embeddable":true,"href":"https:\/\/primermomento.com\/index.php?rest_route=%2Fwp%2Fv2%2Fcomments&post=463064"}],"version-history":[{"count":2,"href":"https:\/\/primermomento.com\/index.php?rest_route=\/wp\/v2\/posts\/463064\/revisions"}],"predecessor-version":[{"id":463067,"href":"https:\/\/primermomento.com\/index.php?rest_route=\/wp\/v2\/posts\/463064\/revisions\/463067"}],"wp:featuredmedia":[{"embeddable":true,"href":"https:\/\/primermomento.com\/index.php?rest_route=\/wp\/v2\/media\/463065"}],"wp:attachment":[{"href":"https:\/\/primermomento.com\/index.php?rest_route=%2Fwp%2Fv2%2Fmedia&parent=463064"}],"wp:term":[{"taxonomy":"category","embeddable":true,"href":"https:\/\/primermomento.com\/index.php?rest_route=%2Fwp%2Fv2%2Fcategories&post=463064"},{"taxonomy":"post_tag","embeddable":true,"href":"https:\/\/primermomento.com\/index.php?rest_route=%2Fwp%2Fv2%2Ftags&post=463064"}],"curies":[{"name":"wp","href":"https:\/\/api.w.org\/{rel}","templated":true}]}}