{"id":463068,"date":"2026-03-20T13:36:47","date_gmt":"2026-03-20T17:36:47","guid":{"rendered":"https:\/\/primermomento.com\/?p=463068"},"modified":"2026-03-20T18:46:39","modified_gmt":"2026-03-20T22:46:39","slug":"fuerza-del-pueblo-dice-dominicana-sin-estrategia-ante-criminalidad","status":"publish","type":"post","link":"https:\/\/primermomento.com\/?p=463068","title":{"rendered":"Fuerza del Pueblo dice Dominicana sin estrategia ante criminalidad"},"content":{"rendered":"<p><em><strong>Por Prensa Latina<\/strong><\/em><\/p>\n<p>SANTO DOMINGO, Rep\u00fablica Dominicana.- El partido Fuerza del Pueblo afirm\u00f3 hoy que la Rep\u00fablica Dominicana contin\u00faa sin una estrategia definida para enfrentar la criminalidad, al tiempo que cuestion\u00f3 la efectividad de las acciones implementadas por el Gobierno en materia de seguridad ciudadana.<\/p>\n<div class=\"elementor-element elementor-element-0aea3a0 elementor-widget elementor-widget-theme-post-content\" data-id=\"0aea3a0\" data-element_type=\"widget\" data-widget_type=\"theme-post-content.default\">\n<div class=\"elementor-widget-container\">\n<p>A trav\u00e9s de su Secretar\u00eda de Seguridad Ciudadana, la organizaci\u00f3n pol\u00edtica critic\u00f3 que, pese a los anuncios reiterados de las autoridades, no se percibe un plan integral que logre resultados sostenibles en la reducci\u00f3n del delito.<\/p>\n<p>La posici\u00f3n fue expuesta por Josefina Reynoso, titular de esa secretar\u00eda, quien sostuvo que la actual gesti\u00f3n se caracteriza por la improvisaci\u00f3n y la aplicaci\u00f3n de medidas que no han producido cambios significativos.<\/p>\n<p>Seg\u00fan indic\u00f3, los planes ejecutados hasta el momento no han logrado transformar la realidad de la seguridad en el pa\u00eds.<\/p>\n<p>Reynoso subray\u00f3 que la inseguridad sigue siendo una de las principales preocupaciones de la poblaci\u00f3n, lo que atribuy\u00f3 a la falta de avances consistentes en la prevenci\u00f3n del delito, debilidades en los sistemas de inteligencia policial y la ausencia de reformas estructurales tanto en el Ministerio de Interior y Polic\u00eda como en la Polic\u00eda Nacional.<\/p>\n<p>En ese contexto, la dirigente del partido opositor Fuerza del Pueblo tambi\u00e9n cuestion\u00f3 la calidad y coherencia de la informaci\u00f3n oficial sobre criminalidad, al se\u00f1alar que existen contradicciones entre los datos ofrecidos por distintas instituciones estatales.<\/p>\n<p>No obstante, de acuerdo con cifras oficiales, se han reportado reducciones en algunos indicadores, como la tasa de homicidios, que en determinados per\u00edodos recientes se ha situado en niveles cercanos o por debajo de 10 por cada 100 mil habitantes, considerada una de las m\u00e1s bajas de los \u00faltimos a\u00f1os.<\/p>\n<p>En su discurso de Rendici\u00f3n de Cuentas ante la Asamblea Nacional en febrero pasado, el presidente Luis Abinader afirm\u00f3 que la seguridad ciudadana constituye uno de los ejes centrales de su gesti\u00f3n, y asegur\u00f3 que el 2025 marc\u00f3 un punto de consolidaci\u00f3n en la estrategia del Gobierno para garantizar el orden p\u00fablico y la paz social.<\/p>\n<p>El jefe de Estado resalt\u00f3 que la tasa de homicidios en 2025 se situ\u00f3 en 8.15 por cada 100 mil habitantes, lo que representa una reducci\u00f3n de casi 15 por ciento respecto al a\u00f1o anterior y confirma la tendencia a la baja que se mantiene desde 2023, a\u00f1adi\u00f3.<\/p>\n<\/div>\n<\/div>\n<div class=\"elementor-element elementor-element-4f75016 elementor-widget elementor-widget-post-info\" data-id=\"4f75016\" data-element_type=\"widget\" data-widget_type=\"post-info.default\">\n<div class=\"elementor-widget-container\">\n<ul class=\"elementor-inline-items elementor-icon-list-items elementor-post-info\">\n<li class=\"elementor-icon-list-item elementor-repeater-item-17dda3e elementor-inline-item\"><span class=\"elementor-icon-list-text elementor-post-info__item elementor-post-info__item--type-custom\">#<em><a href=\"https:\/\/primermomento.com\/?p=463068\" rel=\"tag\">alta criminalidad<\/a><\/em><\/span><\/li>\n<\/ul>\n<\/div>\n<\/div>\n","protected":false},"excerpt":{"rendered":"<p>Por Prensa Latina SANTO DOMINGO, Rep\u00fablica Dominicana.- El partido Fuerza del Pueblo afirm\u00f3 hoy que la Rep\u00fablica Dominicana contin\u00faa sin una estrategia definida para enfrentar la criminalidad, al tiempo que cuestion\u00f3 la efectividad de las acciones implementadas por el Gobierno en materia de seguridad ciudadana. A trav\u00e9s de su Secretar\u00eda de Seguridad Ciudadana, la organizaci\u00f3n [&hellip;]<\/p>\n","protected":false},"author":1,"featured_media":434078,"comment_status":"open","ping_status":"open","sticky":false,"template":"","format":"standard","meta":{"_bbp_topic_count":0,"_bbp_reply_count":0,"_bbp_total_topic_count":0,"_bbp_total_reply_count":0,"_bbp_voice_count":0,"_bbp_anonymous_reply_count":0,"_bbp_topic_count_hidden":0,"_bbp_reply_count_hidden":0,"_bbp_forum_subforum_count":0,"footnotes":""},"categories":[31],"tags":[],"class_list":{"0":"post-463068","1":"post","2":"type-post","3":"status-publish","4":"format-standard","5":"has-post-thumbnail","7":"category-estados-unidos"},"_links":{"self":[{"href":"https:\/\/primermomento.com\/index.php?rest_route=\/wp\/v2\/posts\/463068","targetHints":{"allow":["GET"]}}],"collection":[{"href":"https:\/\/primermomento.com\/index.php?rest_route=\/wp\/v2\/posts"}],"about":[{"href":"https:\/\/primermomento.com\/index.php?rest_route=\/wp\/v2\/types\/post"}],"author":[{"embeddable":true,"href":"https:\/\/primermomento.com\/index.php?rest_route=\/wp\/v2\/users\/1"}],"replies":[{"embeddable":true,"href":"https:\/\/primermomento.com\/index.php?rest_route=%2Fwp%2Fv2%2Fcomments&post=463068"}],"version-history":[{"count":1,"href":"https:\/\/primermomento.com\/index.php?rest_route=\/wp\/v2\/posts\/463068\/revisions"}],"predecessor-version":[{"id":463069,"href":"https:\/\/primermomento.com\/index.php?rest_route=\/wp\/v2\/posts\/463068\/revisions\/463069"}],"wp:featuredmedia":[{"embeddable":true,"href":"https:\/\/primermomento.com\/index.php?rest_route=\/wp\/v2\/media\/434078"}],"wp:attachment":[{"href":"https:\/\/primermomento.com\/index.php?rest_route=%2Fwp%2Fv2%2Fmedia&parent=463068"}],"wp:term":[{"taxonomy":"category","embeddable":true,"href":"https:\/\/primermomento.com\/index.php?rest_route=%2Fwp%2Fv2%2Fcategories&post=463068"},{"taxonomy":"post_tag","embeddable":true,"href":"https:\/\/primermomento.com\/index.php?rest_route=%2Fwp%2Fv2%2Ftags&post=463068"}],"curies":[{"name":"wp","href":"https:\/\/api.w.org\/{rel}","templated":true}]}}