{"id":463099,"date":"2026-03-20T15:43:44","date_gmt":"2026-03-20T19:43:44","guid":{"rendered":"https:\/\/primermomento.com\/?p=463099"},"modified":"2026-03-21T05:23:30","modified_gmt":"2026-03-21T09:23:30","slug":"dominicana-cuenta-con-sistema-petrolero-pero-evalua-su-rentabilidad","status":"publish","type":"post","link":"https:\/\/primermomento.com\/?p=463099","title":{"rendered":"Dominicana cuenta con sistema petrolero, pero eval\u00faa su rentabilidad"},"content":{"rendered":"<p><strong><em>Por Prensa Latina<\/em><\/strong><\/p>\n<p>SANTO DOMINGO, Rep\u00fablica Dominicana.- El viceministro de Hidrocarburos, Noel B\u00e1ez, afirm\u00f3 hoy que la Rep\u00fablica Dominicana cuenta con un sistema petrolero confirmado, aunque subray\u00f3 que el principal desaf\u00edo radica en determinar la rentabilidad econ\u00f3mica de su posible explotaci\u00f3n mediante estudios geol\u00f3gicos y geof\u00edsicos.<\/p>\n<div class=\"elementor-element elementor-element-0aea3a0 elementor-widget elementor-widget-theme-post-content\" data-id=\"0aea3a0\" data-element_type=\"widget\" data-widget_type=\"theme-post-content.default\">\n<div class=\"elementor-widget-container\">\n<p>Durante su participaci\u00f3n en el programa \u201cAula del Saber\u201d, de la Direcci\u00f3n de Gesti\u00f3n Social en colaboraci\u00f3n con la Universidad APEC (Unapec), B\u00e1ez explic\u00f3 que, mediante alianzas estrat\u00e9gicas y rondas petroleras, el Estado busca atraer inversi\u00f3n extranjera para explorar cuencas sedimentarias tanto terrestres como marinas.<\/p>\n<p>\u201cEn Rep\u00fablica Dominicana existe un sistema petrolero, pero es necesario evaluar su rentabilidad\u201d, recalc\u00f3 B\u00e1ez.<\/p>\n<p>Record\u00f3 que entre 2019 y 2021 se adjudic\u00f3 a la empresa Apache el bloque costa afuera SP2, que posteriormente fue abandonado porque la compa\u00f1\u00eda prioriz\u00f3 sus operaciones en la cuenca Guyana-Surinam, donde invirti\u00f3 16 millones de d\u00f3lares solo en estudios s\u00edsmicos, ejemplificando as\u00ed el alto costo y la complejidad de esta etapa exploratoria.<\/p>\n<p>El viceministro enfatiz\u00f3 que, mientras el pa\u00eds avanza hacia una matriz energ\u00e9tica m\u00e1s limpia, los hidrocarburos cumplen un papel estrat\u00e9gico como \u201cpuente de transici\u00f3n\u201d para la implementaci\u00f3n de energ\u00edas renovables.<\/p>\n<p>\u201cNecesitamos explorar si contamos con fuentes propias que permitan reducir la dependencia de las importaciones, especialmente ante un escenario pol\u00edtico internacional vol\u00e1til\u201d, se\u00f1al\u00f3.<\/p>\n<p>B\u00e1ez tambi\u00e9n destac\u00f3 la importancia de la Base Nacional de Datos de Hidrocarburos, una herramienta p\u00fablica que permite a los inversionistas analizar la estructura geol\u00f3gica del subsuelo dominicano y que est\u00e1 disponible para todo interesado.<\/p>\n<p>Por su parte, el viceministro de Energ\u00eda, Ricardo Guerrero, resalt\u00f3 la transformaci\u00f3n del sistema el\u00e9ctrico nacional en los \u00faltimos cinco a\u00f1os, incluyendo la diversificaci\u00f3n de la matriz energ\u00e9tica, en la que las energ\u00edas renovables han tenido un crecimiento significativo.<\/p>\n<p>Cit\u00f3 que la capacidad solar y e\u00f3lica se cuadruplic\u00f3, superando los dos mil megavatios (MW), y elevando su participaci\u00f3n del 11 por ciento al 29 por ciento de la capacidad instalada.<\/p>\n<p>Esto, asegur\u00f3, representa mayor diversificaci\u00f3n energ\u00e9tica, menor dependencia externa y una transici\u00f3n real hacia fuentes m\u00e1s limpias.<\/p>\n<p>Guerrero explic\u00f3 que la modernizaci\u00f3n el\u00e9ctrica tambi\u00e9n se centra en el almacenamiento y la estabilidad del sistema, proyectando la incorporaci\u00f3n de m\u00e1s de 400 MW en bater\u00edas entre 2026 y 2027. Asimismo, subray\u00f3 que la expansi\u00f3n de la infraestructura h\u00eddrica funciona como un catalizador del desarrollo social y territorial.<\/p>\n<p>Los representantes de Energ\u00eda y Minas opinaron que Rep\u00fablica Dominicana ocupa un lugar destacado en la agenda internacional, no solo por su potencial energ\u00e9tico, sino tambi\u00e9n por el inter\u00e9s en las tierras raras, tema que se abordar\u00e1 en el Primer Foro Internacional sobre Tierras Raras (27 y 28 de mayo).<\/p>\n<p>Al respecto, el rector de APEC, Erik P\u00e9rez Vega, valor\u00f3 la oportunidad de conocer de primera mano los avances y desaf\u00edos del sector minero y energ\u00e9tico del pa\u00eds, especialmente en un contexto global marcado por la transformaci\u00f3n energ\u00e9tica, la innovaci\u00f3n tecnol\u00f3gica y los retos ambientales.<\/p>\n<p>\u201cEs fundamental generar espacios de reflexi\u00f3n que permitan comprender estos procesos y contribuir a la construcci\u00f3n de soluciones sostenibles, pues el sector energ\u00e9tico y el uso responsable de los recursos minerales constituyen pilares clave para el crecimiento econ\u00f3mico, la competitividad y la sostenibilidad de nuestro pa\u00eds\u201d, destac\u00f3 P\u00e9rez.<\/p>\n<\/div>\n<\/div>\n<div class=\"elementor-element elementor-element-4f75016 elementor-widget elementor-widget-post-info\" data-id=\"4f75016\" data-element_type=\"widget\" data-widget_type=\"post-info.default\">\n<div class=\"elementor-widget-container\">\n<ul class=\"elementor-inline-items elementor-icon-list-items elementor-post-info\">\n<li class=\"elementor-icon-list-item elementor-repeater-item-17dda3e elementor-inline-item\"><em><span class=\"elementor-icon-list-text elementor-post-info__item elementor-post-info__item--type-custom\">#<a href=\"https:\/\/primermomento.com\/?p=463099\" rel=\"tag\">rentabilidad econ\u00f3mica<\/a>\u00a0#<a href=\"https:\/\/www.prensa-latina.cu\/etiqueta\/sistema-petrolero\/\" rel=\"tag\">sistema petrolero<\/a><\/span><\/em><\/li>\n<\/ul>\n<\/div>\n<\/div>\n","protected":false},"excerpt":{"rendered":"<p>Por Prensa Latina SANTO DOMINGO, Rep\u00fablica Dominicana.- El viceministro de Hidrocarburos, Noel B\u00e1ez, afirm\u00f3 hoy que la Rep\u00fablica Dominicana cuenta con un sistema petrolero confirmado, aunque subray\u00f3 que el principal desaf\u00edo radica en determinar la rentabilidad econ\u00f3mica de su posible explotaci\u00f3n mediante estudios geol\u00f3gicos y geof\u00edsicos. Durante su participaci\u00f3n en el programa \u201cAula del Saber\u201d, [&hellip;]<\/p>\n","protected":false},"author":1,"featured_media":459574,"comment_status":"open","ping_status":"open","sticky":false,"template":"","format":"standard","meta":{"_bbp_topic_count":0,"_bbp_reply_count":0,"_bbp_total_topic_count":0,"_bbp_total_reply_count":0,"_bbp_voice_count":0,"_bbp_anonymous_reply_count":0,"_bbp_topic_count_hidden":0,"_bbp_reply_count_hidden":0,"_bbp_forum_subforum_count":0,"footnotes":""},"categories":[35],"tags":[],"class_list":{"0":"post-463099","1":"post","2":"type-post","3":"status-publish","4":"format-standard","5":"has-post-thumbnail","7":"category-economia"},"_links":{"self":[{"href":"https:\/\/primermomento.com\/index.php?rest_route=\/wp\/v2\/posts\/463099","targetHints":{"allow":["GET"]}}],"collection":[{"href":"https:\/\/primermomento.com\/index.php?rest_route=\/wp\/v2\/posts"}],"about":[{"href":"https:\/\/primermomento.com\/index.php?rest_route=\/wp\/v2\/types\/post"}],"author":[{"embeddable":true,"href":"https:\/\/primermomento.com\/index.php?rest_route=\/wp\/v2\/users\/1"}],"replies":[{"embeddable":true,"href":"https:\/\/primermomento.com\/index.php?rest_route=%2Fwp%2Fv2%2Fcomments&post=463099"}],"version-history":[{"count":1,"href":"https:\/\/primermomento.com\/index.php?rest_route=\/wp\/v2\/posts\/463099\/revisions"}],"predecessor-version":[{"id":463100,"href":"https:\/\/primermomento.com\/index.php?rest_route=\/wp\/v2\/posts\/463099\/revisions\/463100"}],"wp:featuredmedia":[{"embeddable":true,"href":"https:\/\/primermomento.com\/index.php?rest_route=\/wp\/v2\/media\/459574"}],"wp:attachment":[{"href":"https:\/\/primermomento.com\/index.php?rest_route=%2Fwp%2Fv2%2Fmedia&parent=463099"}],"wp:term":[{"taxonomy":"category","embeddable":true,"href":"https:\/\/primermomento.com\/index.php?rest_route=%2Fwp%2Fv2%2Fcategories&post=463099"},{"taxonomy":"post_tag","embeddable":true,"href":"https:\/\/primermomento.com\/index.php?rest_route=%2Fwp%2Fv2%2Ftags&post=463099"}],"curies":[{"name":"wp","href":"https:\/\/api.w.org\/{rel}","templated":true}]}}