{"id":463104,"date":"2026-03-20T13:50:24","date_gmt":"2026-03-20T17:50:24","guid":{"rendered":"https:\/\/primermomento.com\/?p=463104"},"modified":"2026-03-20T18:54:18","modified_gmt":"2026-03-20T22:54:18","slug":"el-empleo-no-basta-para-salir-de-la-pobreza-segun-la-oit","status":"publish","type":"post","link":"https:\/\/primermomento.com\/?p=463104","title":{"rendered":"El empleo no basta para salir de la pobreza, seg\u00fan la OIT"},"content":{"rendered":"<p><strong><em>Por Prensa Latina<\/em><\/strong><\/p>\n<p>Ginebra, SUIZA.- Un nuevo reporte de la Organizaci\u00f3n Internacional del Trabajo (OIT) reflej\u00f3 que 284 millones de trabajadores \u2014el 7,9 por ciento de la poblaci\u00f3n activa mundial\u2014 viv\u00edan en condiciones de pobreza extrema en 2025.<\/p>\n<div class=\"elementor-element elementor-element-0aea3a0 elementor-widget elementor-widget-theme-post-content\" data-id=\"0aea3a0\" data-element_type=\"widget\" data-widget_type=\"theme-post-content.default\">\n<div class=\"elementor-widget-container\">\n<p>La persistencia de la pobreza laboral pone de manifiesto que la ocupaci\u00f3n no garantiza la seguridad econ\u00f3mica, apunt\u00f3 el referido organismo especializado de las Naciones Unidas al realizar un balance de los \u00faltimos 10 a\u00f1os.<\/p>\n<p>En \u00c1frica subsahariana y los pa\u00edses menos adelantados, alrededor del 40 por ciento de los trabajadores siguen siendo pobres, apenas dos puntos porcentuales por debajo de los niveles de 2015.<\/p>\n<p>A su vez, en los pa\u00edses en desarrollo sin litoral y Ocean\u00eda, casi una de cada tres personas empleadas vive en la pobreza extrema.<\/p>\n<p>La situaci\u00f3n de los j\u00f3venes es especialmente grave y las edades entre 15 y 24 a\u00f1os tienen m\u00e1s del doble de probabilidades que los adultos de ser trabajadores en situaci\u00f3n de pobreza.<\/p>\n<p>En \u00c1frica subsahariana, casi la mitad de los j\u00f3venes con empleo entran en esta categor\u00eda, lo cual pone de manifiesto que el acceso a la ocupaci\u00f3n es una condici\u00f3n necesaria, pero insuficiente, para salir de la pobreza.<\/p>\n<p>Tambi\u00e9n, m\u00e1s de la mitad de los trabajadores del mundo siguen en el sector informal.<\/p>\n<p>En 2025, el 57,9 por ciento de la poblaci\u00f3n activa mundial trabajaba en la ocupaci\u00f3n informal, una cifra pr\u00e1cticamente sin cambios respecto al 57,4 por ciento registrado en 2015.<\/p>\n<p>En los pa\u00edses menos adelantados, la informalidad se sit\u00faa en 88,6 por ciento, lo cual supone un descenso apenas marginal con respecto al 90,0 por ciento de hace una d\u00e9cada.<\/p>\n<p>En \u00c1frica subsahariana se sit\u00faa en 87,6 por ciento, y en Asia Central y Asia Meridional, en 83,9 por ciento.<\/p>\n<\/div>\n<\/div>\n<div class=\"elementor-element elementor-element-4f75016 elementor-widget elementor-widget-post-info\" data-id=\"4f75016\" data-element_type=\"widget\" data-widget_type=\"post-info.default\">\n<div class=\"elementor-widget-container\">\n<ul class=\"elementor-inline-items elementor-icon-list-items elementor-post-info\">\n<li class=\"elementor-icon-list-item elementor-repeater-item-17dda3e elementor-inline-item\"><em><span class=\"elementor-icon-list-text elementor-post-info__item elementor-post-info__item--type-custom\">#<a href=\"https:\/\/primermomento.com\/?p=463104\" rel=\"tag\">empleo<\/a>\u00a0#<a href=\"https:\/\/primermomento.com\/?p=463104\" rel=\"tag\">oit<\/a>\u00a0#<a href=\"https:\/\/primermomento.com\/?p=463104\" rel=\"tag\">pobreza<\/a>\u00a0#<a href=\"https:\/\/primermomento.com\/?p=463104\" rel=\"tag\">trabajo<\/a><\/span><\/em><\/li>\n<\/ul>\n<\/div>\n<\/div>\n","protected":false},"excerpt":{"rendered":"<p>Por Prensa Latina Ginebra, SUIZA.- Un nuevo reporte de la Organizaci\u00f3n Internacional del Trabajo (OIT) reflej\u00f3 que 284 millones de trabajadores \u2014el 7,9 por ciento de la poblaci\u00f3n activa mundial\u2014 viv\u00edan en condiciones de pobreza extrema en 2025. La persistencia de la pobreza laboral pone de manifiesto que la ocupaci\u00f3n no garantiza la seguridad econ\u00f3mica, [&hellip;]<\/p>\n","protected":false},"author":1,"featured_media":463105,"comment_status":"open","ping_status":"open","sticky":false,"template":"","format":"standard","meta":{"_bbp_topic_count":0,"_bbp_reply_count":0,"_bbp_total_topic_count":0,"_bbp_total_reply_count":0,"_bbp_voice_count":0,"_bbp_anonymous_reply_count":0,"_bbp_topic_count_hidden":0,"_bbp_reply_count_hidden":0,"_bbp_forum_subforum_count":0,"footnotes":""},"categories":[35],"tags":[],"class_list":{"0":"post-463104","1":"post","2":"type-post","3":"status-publish","4":"format-standard","5":"has-post-thumbnail","7":"category-economia"},"_links":{"self":[{"href":"https:\/\/primermomento.com\/index.php?rest_route=\/wp\/v2\/posts\/463104","targetHints":{"allow":["GET"]}}],"collection":[{"href":"https:\/\/primermomento.com\/index.php?rest_route=\/wp\/v2\/posts"}],"about":[{"href":"https:\/\/primermomento.com\/index.php?rest_route=\/wp\/v2\/types\/post"}],"author":[{"embeddable":true,"href":"https:\/\/primermomento.com\/index.php?rest_route=\/wp\/v2\/users\/1"}],"replies":[{"embeddable":true,"href":"https:\/\/primermomento.com\/index.php?rest_route=%2Fwp%2Fv2%2Fcomments&post=463104"}],"version-history":[{"count":1,"href":"https:\/\/primermomento.com\/index.php?rest_route=\/wp\/v2\/posts\/463104\/revisions"}],"predecessor-version":[{"id":463106,"href":"https:\/\/primermomento.com\/index.php?rest_route=\/wp\/v2\/posts\/463104\/revisions\/463106"}],"wp:featuredmedia":[{"embeddable":true,"href":"https:\/\/primermomento.com\/index.php?rest_route=\/wp\/v2\/media\/463105"}],"wp:attachment":[{"href":"https:\/\/primermomento.com\/index.php?rest_route=%2Fwp%2Fv2%2Fmedia&parent=463104"}],"wp:term":[{"taxonomy":"category","embeddable":true,"href":"https:\/\/primermomento.com\/index.php?rest_route=%2Fwp%2Fv2%2Fcategories&post=463104"},{"taxonomy":"post_tag","embeddable":true,"href":"https:\/\/primermomento.com\/index.php?rest_route=%2Fwp%2Fv2%2Ftags&post=463104"}],"curies":[{"name":"wp","href":"https:\/\/api.w.org\/{rel}","templated":true}]}}