{"id":463142,"date":"2026-03-22T07:59:50","date_gmt":"2026-03-22T11:59:50","guid":{"rendered":"https:\/\/primermomento.com\/?p=463142"},"modified":"2026-03-22T13:53:49","modified_gmt":"2026-03-22T17:53:49","slug":"oposicion-dominicana-pld-considera-limitado-fondo-agricola-gobierno","status":"publish","type":"post","link":"https:\/\/primermomento.com\/?p=463142","title":{"rendered":"Oposici\u00f3n dominicana PLD considera limitado fondo agr\u00edcola Gobierno"},"content":{"rendered":"<p><strong><em>Por Prensa Latina<\/em><\/strong><\/p>\n<p>SANTO DOMINGO, Rep\u00fablica Dominicana.- El Partido de la Liberaci\u00f3n Dominicana (PLD) consider\u00f3 que el fondo gubernamental de mil millones de pesos (16 millones de d\u00f3lares) para mitigar el alza de los fertilizantes es insuficiente.<\/p>\n<div class=\"elementor-element elementor-element-0aea3a0 elementor-widget elementor-widget-theme-post-content\" data-id=\"0aea3a0\" data-element_type=\"widget\" data-e-type=\"widget\" data-widget_type=\"theme-post-content.default\">\n<div class=\"elementor-widget-container\">\n<p>El titular de la Secretar\u00eda de Asuntos Agropecuarios del PLD, Adriano S\u00e1nchez, sostuvo que, aunque es un paso positivo, es poco para enfrentar la crisis de precios que afecta la producci\u00f3n nacional y golpea directamente a los productores.<\/p>\n<p>S\u00e1nchez sostuvo que la medida del Gobierno debe ampliarse para abarcar pesticidas, herbicidas y maquinarias agr\u00edcolas, al considerar que estos insumos son esenciales para mantener niveles adecuados de productividad y evitar nuevas ca\u00eddas en la oferta de alimentos.<\/p>\n<p>Explic\u00f3 que, con la llegada de la primavera, las autoridades deben ejecutar de inmediato un plan masivo de siembra que permita incrementar la producci\u00f3n local y reducir la creciente dependencia de importaciones costosas.<\/p>\n<p>Record\u00f3 que la Rep\u00fablica Dominicana mantiene una alta dependencia de alimentos importados, situaci\u00f3n que calific\u00f3 como preocupante para la seguridad alimentaria y la estabilidad de precios.<\/p>\n<p>Advirti\u00f3 que este panorama podr\u00eda agravarse por el impacto del conflicto en Medio Oriente, que ha provocado aumentos en los precios internacionales de los productos agropecuarios.<\/p>\n<p>\u201cEn consecuencia, esperamos que en los pr\u00f3ximos d\u00edas se anuncien nuevas partidas que ampl\u00eden y fortalezcan este apoyo al sector productivo\u201d, indic\u00f3.<\/p>\n<p>Agreg\u00f3 que el respaldo a los fertilizantes debe abarcar tanto los granulados como los hidrosolubles, por su alta incidencia en los rendimientos de los cultivos.<\/p>\n<p>Asimismo, se\u00f1al\u00f3 que el apoyo debe extenderse a todo el territorio nacional y beneficiar a productores peque\u00f1os, medianos y grandes.<\/p>\n<p>\u201cSi el Gobierno respalda \u00fanicamente a los fertilizantes, el valor de los alimentos seguir\u00e1 aumentando en el mercado local, lo que afectar\u00e1 directamente el poder adquisitivo de las familias dominicanas\u201d, alert\u00f3.<\/p>\n<\/div>\n<\/div>\n<div class=\"elementor-element elementor-element-4f75016 elementor-widget elementor-widget-post-info\" data-id=\"4f75016\" data-element_type=\"widget\" data-e-type=\"widget\" data-widget_type=\"post-info.default\">\n<div class=\"elementor-widget-container\">\n<ul class=\"elementor-inline-items elementor-icon-list-items elementor-post-info\">\n<li class=\"elementor-icon-list-item elementor-repeater-item-17dda3e elementor-inline-item\"><em><span class=\"elementor-icon-list-text elementor-post-info__item elementor-post-info__item--type-custom\">#<a href=\"https:\/\/primermomento.com\/?p=463142\" rel=\"tag\">fertilizantes<\/a>\u00a0#<a href=\"https:\/\/primermomento.com\/?p=463142\" rel=\"tag\">fondo gubernamental<\/a>\u00a0#<a href=\"https:\/\/primermomento.com\/?p=463142\" rel=\"tag\">pld<\/a><\/span><\/em><\/li>\n<\/ul>\n<\/div>\n<\/div>\n","protected":false},"excerpt":{"rendered":"<p>Por Prensa Latina SANTO DOMINGO, Rep\u00fablica Dominicana.- El Partido de la Liberaci\u00f3n Dominicana (PLD) consider\u00f3 que el fondo gubernamental de mil millones de pesos (16 millones de d\u00f3lares) para mitigar el alza de los fertilizantes es insuficiente. El titular de la Secretar\u00eda de Asuntos Agropecuarios del PLD, Adriano S\u00e1nchez, sostuvo que, aunque es un paso [&hellip;]<\/p>\n","protected":false},"author":1,"featured_media":426645,"comment_status":"open","ping_status":"open","sticky":false,"template":"","format":"standard","meta":{"_bbp_topic_count":0,"_bbp_reply_count":0,"_bbp_total_topic_count":0,"_bbp_total_reply_count":0,"_bbp_voice_count":0,"_bbp_anonymous_reply_count":0,"_bbp_topic_count_hidden":0,"_bbp_reply_count_hidden":0,"_bbp_forum_subforum_count":0,"footnotes":""},"categories":[31],"tags":[],"class_list":{"0":"post-463142","1":"post","2":"type-post","3":"status-publish","4":"format-standard","5":"has-post-thumbnail","7":"category-estados-unidos"},"_links":{"self":[{"href":"https:\/\/primermomento.com\/index.php?rest_route=\/wp\/v2\/posts\/463142","targetHints":{"allow":["GET"]}}],"collection":[{"href":"https:\/\/primermomento.com\/index.php?rest_route=\/wp\/v2\/posts"}],"about":[{"href":"https:\/\/primermomento.com\/index.php?rest_route=\/wp\/v2\/types\/post"}],"author":[{"embeddable":true,"href":"https:\/\/primermomento.com\/index.php?rest_route=\/wp\/v2\/users\/1"}],"replies":[{"embeddable":true,"href":"https:\/\/primermomento.com\/index.php?rest_route=%2Fwp%2Fv2%2Fcomments&post=463142"}],"version-history":[{"count":1,"href":"https:\/\/primermomento.com\/index.php?rest_route=\/wp\/v2\/posts\/463142\/revisions"}],"predecessor-version":[{"id":463143,"href":"https:\/\/primermomento.com\/index.php?rest_route=\/wp\/v2\/posts\/463142\/revisions\/463143"}],"wp:featuredmedia":[{"embeddable":true,"href":"https:\/\/primermomento.com\/index.php?rest_route=\/wp\/v2\/media\/426645"}],"wp:attachment":[{"href":"https:\/\/primermomento.com\/index.php?rest_route=%2Fwp%2Fv2%2Fmedia&parent=463142"}],"wp:term":[{"taxonomy":"category","embeddable":true,"href":"https:\/\/primermomento.com\/index.php?rest_route=%2Fwp%2Fv2%2Fcategories&post=463142"},{"taxonomy":"post_tag","embeddable":true,"href":"https:\/\/primermomento.com\/index.php?rest_route=%2Fwp%2Fv2%2Ftags&post=463142"}],"curies":[{"name":"wp","href":"https:\/\/api.w.org\/{rel}","templated":true}]}}