{"id":463194,"date":"2026-03-23T06:30:32","date_gmt":"2026-03-23T10:30:32","guid":{"rendered":"https:\/\/primermomento.com\/?p=463194"},"modified":"2026-03-23T07:50:11","modified_gmt":"2026-03-23T11:50:11","slug":"enterate-ny-383","status":"publish","type":"post","link":"https:\/\/primermomento.com\/?p=463194","title":{"rendered":"Ent\u00e9rate NY"},"content":{"rendered":"<div>\n<p><b>PERIODISMO INFORMATIVO Y CR\u00cdTICO AL SERVICIO DE LA COMUNIDAD<\/b><b>\u00a0<\/b><\/p>\n<p><em><b>Por Ram\u00f3n Mercedes<\/b><\/em><\/p>\n<p><b>\u25ba Embajada de EE. UU. en RD:<\/b>\u00a0El mundo se encuentra muy convulso. Hay m\u00e1s de 400 mil dominicanos naturalizados en EE. UU. El Programa de Registro de Viajeros Inteligentes (STEP)\u00a0<b>=\u00a0<\/b><a href=\"https:\/\/travel.state.gov\/en\/international-travel\/travel-advisories\/smart-traveler-enrollment-program.html\" target=\"_blank\" rel=\"nofollow noopener\" data-saferedirecturl=\"https:\/\/www.google.com\/url?q=https:\/\/travel.state.gov\/en\/international-travel\/travel-advisories\/smart-traveler-enrollment-program.html&amp;source=gmail&amp;ust=1774352106033000&amp;usg=AOvVaw2-A7jVK380qVJgLRcaFyTU\">https:\/\/travel.state.gov\/en\/<wbr \/>international-travel\/travel-<wbr \/>advisories\/smart-traveler-<wbr \/>enrollment-program.html<\/a>\u00a0un servicio gratuito para los ciudadanos estadounidenses que viajan o viven en el exterior; deben inscribirse en la embajada o consulado al visitar o residir en cualquier pa\u00eds, porque permite localizar a la persona y enviarle a su correo electr\u00f3nico casos de emergencias, disturbios, alertas de seguridad, manifestaciones, asuntos sanitarios, meteorol\u00f3gicos o de desastres naturales. Este proceso no es obligatorio, pero es fundamental para la seguridad durante estancias temporales o permanentes. Saber las alertas de viaje del pa\u00eds de destino:\u00a0<a href=\"https:\/\/travel.state.gov\/en\/international-travel\/travel-advisories\" target=\"_blank\" rel=\"nofollow noopener\" data-saferedirecturl=\"https:\/\/www.google.com\/url?q=https:\/\/travel.state.gov\/en\/international-travel\/travel-advisories&amp;source=gmail&amp;ust=1774352106033000&amp;usg=AOvVaw0QINm1FNevdIe0Jq012esB\">https:\/\/travel.state.gov\/en\/<wbr \/>international-travel\/travel-<wbr \/>advisories<\/a>.\u00a0Usted puede revisar los informes de seguridad de la Oficina de Asuntos Consulares del Departamento de Estado. Esto le permite conocer el nivel de riesgo asignado a cada pa\u00eds:\u00a0<b>Nivel 1:<\/b>\u00a0Tomar precauciones normales.\u00a0<b>Nivel 2:<\/b>\u00a0Tenga mayor precauci\u00f3n.\u00a0<b>Nivel 3:<\/b>\u00a0Reconsidere el viaje.\u00a0<b>Nivel 4:<\/b>\u00a0No viaje. Las advertencias dependen de ciertas condiciones de los pa\u00edses, por ejemplo: cr\u00edmenes, terrorismo, disturbios civiles, brotes de enfermedades, desastres naturales.<\/p>\n<figure id=\"attachment_407821\" aria-describedby=\"caption-attachment-407821\" style=\"width: 143px\" class=\"wp-caption alignleft\"><img loading=\"lazy\" decoding=\"async\" class=\"size-full wp-image-407821\" src=\"https:\/\/primermomento.com\/wp-content\/uploads\/2024\/02\/000-NUEVA-FOTO-PARA-LA-COLUMNA.-GRACIAS-e1712001194427.jpg\" alt=\"\" width=\"143\" height=\"140\" \/><figcaption id=\"caption-attachment-407821\" class=\"wp-caption-text\">Ram\u00f3n Mercedes<br \/>Periodista<\/figcaption><\/figure>\n<p><b>\u25ba Ins\u00f3lito e incre\u00edble:<\/b>\u00a0\u00abHa estremecido los cimientos del coraz\u00f3n de muchos dominicanos en NYC que comentan por doquier, con estupor, la ins\u00f3lita, incre\u00edble y desgarradora noticia:\u00a0<i>\u201cCondenan a padre e hijo por violar y embarazar menor de 12 a\u00f1os en La Vega\u201d.<\/i>\u00a0La v\u00edctima, que dio a luz, es hija y nieta, respectivamente, de los violadores. El padre de la menor fue condenado a 20 a\u00f1os, y su abuelo, a cinco. Ambos deber\u00e1n cumplir condena en El Pinito, en La Vega.\u00a0<b>Ver:<\/b>\u00a0<a href=\"https:\/\/www.diariolibre.com\/actualidad\/justicia\/2026\/03\/20\/la-vega-condenan-padre-e-hijo-por-abusar-sexualmente-contra-menor\/3476736\" target=\"_blank\" rel=\"nofollow noopener\" data-saferedirecturl=\"https:\/\/www.google.com\/url?q=https:\/\/www.diariolibre.com\/actualidad\/justicia\/2026\/03\/20\/la-vega-condenan-padre-e-hijo-por-abusar-sexualmente-contra-menor\/3476736&amp;source=gmail&amp;ust=1774352106033000&amp;usg=AOvVaw1ewv9w7jVAvsif6UOU5tEM\">https:\/\/www.diariolibre.com\/<wbr \/>actualidad\/justicia\/2026\/03\/<wbr \/>20\/la-vega-condenan-padre-e-<wbr \/>hijo-por-abusar-sexualmente-<wbr \/>contra-menor\/3476736<\/a>.\u00a0Entre las expresiones que se escuchan entre hombres y mujeres en el Alto Manhattan y El Bronx, podemos citar: por su acto vil, cruel, inhumano, deleznable, perverso, abyecto y ruin, \u201cdeben confinarlos en celdas junto a homosexuales y criminales confesos\u201d. \u201cAplicarles la ley de fuga\u201d. \u201cCastrarlos a sangre fr\u00eda y luego echarles creolina\u201d. \u201cEncerrarlos estrechamente con 10 panales de avispas por una semana\u201d. Y \u201cdarles durante un mes una pela con un chucho de alambre de p\u00faas y luego untarles lim\u00f3n con sal\u201d, entre otras expresiones. Un ciudadano en el Alto Manhattan vocifer\u00f3: \u201cque se apruebe el proyecto del senador por la provincia Duarte, Franklin Romero, para la castraci\u00f3n contra los violadores sexuales\u201d. Existe en Alemania, Francia, Reino Unido, Suecia, Polonia, varios estados de EE. UU. y Corea del Sur; y no son dictaduras. \u00bfPor qu\u00e9 no puede existir en RD? Dicen.\u00a0<b>Ver =<\/b>\u00a0<a href=\"https:\/\/elnuevodiario.com.do\/franklin-romero-reabre-el-debate-propone-retomar-castracion-quimica-contra-violadores-en-rd\/\" target=\"_blank\" rel=\"nofollow noopener\" data-saferedirecturl=\"https:\/\/www.google.com\/url?q=https:\/\/elnuevodiario.com.do\/franklin-romero-reabre-el-debate-propone-retomar-castracion-quimica-contra-violadores-en-rd\/&amp;source=gmail&amp;ust=1774352106033000&amp;usg=AOvVaw0s1ISZZdFUxtMs74k_LrvI\">https:\/\/elnuevodiario.com.do\/<wbr \/>franklin-romero-reabre-el-<wbr \/>debate-propone-retomar-<wbr \/>castracion-quimica-contra-<wbr \/>violadores-en-rd\/<\/a>.\u00a0Otro contest\u00f3: \u201cManos a la obra\u201d, que indica el inicio inmediato de un trabajo, tarea o proyecto, a menudo con entusiasmo o energ\u00eda. Diiicen que son las finales del mundo.<\/p>\n<p><b>\u25baLectura obligada:<\/b><b>\u00a0<\/b>El poder sin rostro\u00a0<b>=<\/b>\u00a0<a href=\"https:\/\/www.diariolibre.com\/opinion\/agora\/2026\/03\/20\/el-poder-no-tiene-rostro\/3476542\" target=\"_blank\" rel=\"nofollow noopener\" data-saferedirecturl=\"https:\/\/www.google.com\/url?q=https:\/\/www.diariolibre.com\/opinion\/agora\/2026\/03\/20\/el-poder-no-tiene-rostro\/3476542&amp;source=gmail&amp;ust=1774352106033000&amp;usg=AOvVaw1ggP-50pFspSIahgeSz-p4\">https:\/\/www.diariolibre.com\/<wbr \/>opinion\/agora\/2026\/03\/20\/el-<wbr \/>poder-no-tiene-rostro\/3476542<\/a><\/p>\n<p><b>\u25ba Se ha devuelto la confianza a los que invierten en RD:<\/b><b>\u00a0<\/b>El c\u00f3nsul dominicano en esta ciudad, Jes\u00fas \u00abChu\u00bb V\u00e1squez, declar\u00f3 a\u00a0<b>Ent\u00e9rate NY:<\/b>\u00a0\u201cLa feria inmobiliaria del Banreservas, que se celebra en EE. UU., es una demostraci\u00f3n de la cercan\u00eda del Estado dominicano y sus instituciones a la comunidad\u201d. \u201cEstamos muy emocionados con la cantidad de personas que est\u00e1n aplicando y haciendo citas para venir a ver las diferentes ofertas\u201d. \u201cSin lugar a dudas, se ha devuelto la confianza a los dominicanos para que inviertan seguro en dominicana\u201d. Lo que se hizo con el tema de las inmobiliarias fue una gu\u00eda elaborada por el Ministerio de Vivienda, \u201cde c\u00f3mo invertir en la RD; en gran parte, la confianza de los dominicanos en adquirir una vivienda, y, sobre todo, lo anunciado por el presidente del banco, Leonardo Aguilera, con las tasas de inter\u00e9s y muchas ofertas\u201d.\u00a0<b>Lo que dijo el c\u00f3nsul =<\/b>\u00a0<a href=\"https:\/\/www.youtube.com\/watch?v=_Dje4jDxbGw\" target=\"_blank\" rel=\"nofollow noopener\" data-saferedirecturl=\"https:\/\/www.google.com\/url?q=https:\/\/www.youtube.com\/watch?v%3D_Dje4jDxbGw&amp;source=gmail&amp;ust=1774352106033000&amp;usg=AOvVaw2EpcTZ0miJuq49yV-TUXiz\">https:\/\/www.youtube.com\/watch?<wbr \/>v=_Dje4jDxbGw<\/a>. A Chu le cantan en El Bronx\u00a0<b>=<\/b>\u00a0\u00a0<a href=\"https:\/\/www.youtube.com\/watch?v=VPdGO59k_dU&amp;list=RDVPdGO59k_dU&amp;start_radio=1\" target=\"_blank\" rel=\"nofollow noopener\" data-saferedirecturl=\"https:\/\/www.google.com\/url?q=https:\/\/www.youtube.com\/watch?v%3DVPdGO59k_dU%26list%3DRDVPdGO59k_dU%26start_radio%3D1&amp;source=gmail&amp;ust=1774352106033000&amp;usg=AOvVaw37_8OpAxMwHw4G9B4wfU80\">https:\/\/www.youtube.com\/<wbr \/>watch?v=VPdGO59k_dU&amp;list=<wbr \/>RDVPdGO59k_dU&amp;start_radio=1<\/a><\/p>\n<p><b>\u25ba Marzo: D\u00eda Internacional de la Mujer:<\/b><b>\u00a0<\/b>la celebraci\u00f3n de este d\u00eda, hace dos semanas, por directivos y simpatizantes de la FP-NY, inexplicablemente termin\u00f3 haci\u00e9ndole fanfarrias al flamante bar\u00f3n y presidente de ese partido, Carlos Feliz. El cuchicheo entre muchos\/as no se hizo esperar: que feministas y representantes de ese g\u00e9nero hicieran el rid\u00edculo al cambiar el honor por una chercha a un hombre. Dicen que en el partido NY se ufanan mucho en tratar de proyectarlo, cambiando el trabajo pol\u00edtico por figureo. \u00a1Uff! Qued\u00f3 demostrado que las mujeres de la entidad est\u00e1n rendidas a sus pies. Dicen que en RD ya conocen los ABM\u00a0<b>=<\/b>\u00a0Allantes, Bultos y Movimientos que se dan en NY. A una de las tres damas expositoras (Leidy, y no Diana) le toc\u00f3 el tema \u201cMujer en Pol\u00edtica\u201d, y una fuente inform\u00f3 que hubo desd\u00e9n en El Bronx y el Alto Manhattan, ya que los cienci\u00f3logos que por all\u00ed pululan se preguntaban: \u201cfalt\u00f3 experiencia y\u2026 para dar la charla\u201d. Algunos aspirantes a diputado indican que a Laura le ayudan en la promoci\u00f3n\u2026 constante a esa posici\u00f3n y siempre es tomada en cuenta \u2026, aunque sea en detrimento de los dem\u00e1s aspirantes, pero por detr\u00e1s dicen barbaridades del favoritismo. \u00a1Ah! Dicen que la dama lo quiere todo. \u00bfSer\u00e1 verdad? \u00a1Ay, ay, ay!<\/p>\n<p><b>\u25ba PLD-NY sigue con FJG:<\/b><b>\u00a0<\/b>una fuente de entero cr\u00e9dito confirm\u00f3 a Ent\u00e9rate NY que el PLD-NY sigue firme con el aspirante presidencial Francisco Javier Garc\u00eda, porque de 36 miembros del Comit\u00e9 Central (CC), 33 permanecen fieles a \u00e9l, y tres lo abandonaron: Francisco Fern\u00e1ndez, Carlos Est\u00e9vez y William Est\u00e9vez (no son primos). Dicen que en la circunscripci\u00f3n 1-USA hay 54 del CC, y el 97 % de ellos sigue con el exministro de Turismo, porque ha escuchado la voz de la base, conoce el sentir del pueblo, ha estado al frente cara a cara, ha estado en contacto directo provincia por provincia, municipio por municipio y distrito municipal por distrito municipal, con los sectores de la juventud, agropecuarios, independientes, detallistas, motoristas, pescadores, religiosos, salud, empresariales, clase media y visitas familiares. Has hecho todo eso cuando el partido estaba abajo y sali\u00f3 a levantarlo, a reconectar con la gente y a reactivar cada estructura del PLD, diiicen.<\/p>\n<p><b>\u25baLa soledad del poder acompa\u00f1a a Ydanis<\/b><b>:<\/b>\u00a0El excomisionado del DOT-NY, fundador e impulsor de la organizaci\u00f3n Desarrollo y Empoderamiento Econ\u00f3mico Latino (LEEAD), ejerciendo su liderazgo hispano en NYC, se mantiene todav\u00eda con un Down, nos inform\u00f3 una fuente. No se arrima a la ventana de su apartamento para que no lo vayan a ver, diiice la dama informante. El pasado fin de semana se efectu\u00f3 en el Alto Manhattan\u00a0<i>\u201cINDEX realiza en NY su primer Foro de L\u00edderes Dominicanos en USA\u201d.<\/i>\u00a0<b>Ver =<\/b>\u00a0<a href=\"https:\/\/actualidadneoyorkina.com\/?p=9574\" target=\"_blank\" rel=\"nofollow noopener\" data-saferedirecturl=\"https:\/\/www.google.com\/url?q=https:\/\/actualidadneoyorkina.com\/?p%3D9574&amp;source=gmail&amp;ust=1774352106033000&amp;usg=AOvVaw32pFs79TmBwZF8q1R0CDPH\">https:\/\/actualidadneoyorkina.<wbr \/>com\/?p=9574<\/a>\u00a0\u00a0Le enviaron 5 invitaciones y no contest\u00f3. La soledad es una consecuencia com\u00fan al dejar el poder, transformando el entorno del exfuncionario de un c\u00edrculo de colaboradores a menudo interesado a un aislamiento personal y profesional. Esta transici\u00f3n suele evidenciar la p\u00e9rdida de influencia y la desaparici\u00f3n de relaciones basadas \u00fanicamente en la utilidad del cargo. Diiicen que ayud\u00f3 mucho a algunos que lucharon, a muchos que lucharon un poquito, y a otros que lucharon much\u00edsimos nada. Un ciudadano en El Bronx vocifer\u00f3: \u201cYdanis, los cargos p\u00fablicos son temporales, pasajeros y no una propiedad personal. En democracia, el poder es transitorio y limitado por mandatos.\u00a0<b>Ahora le cantan =<\/b>\u00a0<a href=\"https:\/\/www.youtube.com\/watch?v=Iknyl-1sATM&amp;list=RDIknyl-1sATM&amp;start_radio=1\" target=\"_blank\" rel=\"nofollow noopener\" data-saferedirecturl=\"https:\/\/www.google.com\/url?q=https:\/\/www.youtube.com\/watch?v%3DIknyl-1sATM%26list%3DRDIknyl-1sATM%26start_radio%3D1&amp;source=gmail&amp;ust=1774352106033000&amp;usg=AOvVaw2Yuc_PDdjOJRGMSMu34TbK\">https:\/\/www.youtube.com\/watch?<wbr \/>v=Iknyl-1sATM&amp;list=RDIknyl-<wbr \/>1sATM&amp;start_radio=1<\/a><\/p>\n<p><b>\u25ba Los dominicanos que ser\u00e1n reelectos:\u00a0<\/b>Sabi\u00f3logos dominicanos en la Gran Manzana coinciden con la mayor\u00eda de los votantes en que el congresista Adriano Espaillat (D-13) y el asamble\u00edsta George \u00c1lvarez (D-78-Bronx) ganar\u00e1n con seguridad en la pr\u00f3xima primaria dem\u00f3crata, a efectuarse el pr\u00f3ximo 23 de junio, por sus excelentes labores a favor de sus constituyentes, como ning\u00fan otro funcionario electo lo hab\u00eda hecho en esos distritos. El asamble\u00edsta \u00c1lvarez lo ha hecho tan bien que no tiene contrincante en las primarias. Del congresista Espaillat, hay hasta apostadores que dan mil d\u00f3lares contra cien a su favor, y quien quiera apostar debe avisar al autor de esta columna (\u00a0<a href=\"mailto:santodomingoaldia@yahoo.com\" target=\"_blank\" rel=\"nofollow noopener\">santodomingoaldia@yahoo.com<\/a>\u00a0), quien servir\u00e1 de intermediario. \u00a1Bueeeno! Compiten contra Adriano, con 1,113,593.27 d\u00f3lares recaudados, los siguientes candidatos: Darializa Chevalier \u00c1vila, con 136,806.35 d\u00f3lares; Jaliel Amador, con 5,698.76 d\u00f3lares; Oscar Romero, con 5,684.68 d\u00f3lares; Davies Matt Miller, con 0 d\u00f3lares; Theo Bruce \u00abChino\u00bb Tav\u00e1rez, con 0 d\u00f3lares; Felton James Keith, con 0 d\u00f3lares; Catherine Megan Rodr\u00edguez, con 0 d\u00f3lares; Martina Candace Niles, con 0 d\u00f3lares; y Michael Hano, con 0 d\u00f3lares. Dicen algunos votantes que Adriano est\u00e1 tan fuerte (como Superman) que el candidato Felton James Keith se retir\u00f3 de la contienda para no perder su tiempo y dinero. Un sabelotodo en el Alto Manhattan vocifer\u00f3: \u201cAdriano tendr\u00e1 9 reelecciones m\u00e1s. \u00a1Wepa!\u201d<\/p>\n<p><b>\u25ba Un valor dominicano en NY:<\/b>\u00a0Niurka Rivera, oriunda de la capital dominicana, ha tomado la defensa de sus connacionales en la Gran Manzana a trav\u00e9s de d\u00e9cadas. Como periodista profesional (graduada en la UASD en 1996), desde sus diferentes tribunas (peri\u00f3dicos, revistas, canales de TV y programas radiales) ha sido defensora de los mejores intereses de su comunidad, enarbolando con ello la bandera tricolor. Actualmente, produce y conduce \u201cMujeres en Din\u00e1mica\u201d, una plataforma comunicacional, dual e incluyente, de aqu\u00ed y all\u00e1, y del all\u00e1, por la que se promueve una simbiosis de informaci\u00f3n asertiva, noticiosa y educativa, fundamentada en la objetividad, transparencia y el respeto a la diversidad. Se transmite los s\u00e1bados por YouTube; a las 5:00 p.m. por TV Quisqueya, y en Vega-TV a las 7:00 p.m. para toda RD. Si usted la ve caminar por ah\u00ed, como lo hace de costumbre, d\u00edgale: \u00abNiurka, usted es un valor dominicano en NY\u00bb.<\/p>\n<p><b>\u25baServicio comunitario:<\/b>\u00a0Los dominicanos y otras etnias propietarios de casas en NYC ya podr\u00e1n construir una vivienda auxiliar o mini casa en su patio trasero, apartamento en el s\u00f3tano; de manera independiente, una unidad sobre un garaje nuevo o existente, manteniendo el car\u00e1cter del vecindario; para que los propietarios de viviendas unifamiliares y bifamiliares pudieran a\u00f1adir una peque\u00f1a unidad adicional a su propiedad. Este tipo de opciones, que antes eran ilegales en NYC, podr\u00edan ayudar a las familias a mantener cerca a sus parientes mayores, a sus hijos adultos o a obtener ingresos por alquiler con nuevos inquilinos. \u201cUna de las soluciones a la crisis en NYC\u201d, ha dicho el alcalde Zohran Mamdani. La alcald\u00eda lanz\u00f3 el sitio web ADU for You\u00a0<b>=<\/b>\u00a0\u00a0<a href=\"https:\/\/housing.hpd.nyc.gov\/adu\" target=\"_blank\" rel=\"nofollow noopener\" data-saferedirecturl=\"https:\/\/www.google.com\/url?q=https:\/\/housing.hpd.nyc.gov\/adu&amp;source=gmail&amp;ust=1774352106033000&amp;usg=AOvVaw2Ob_t02vTQ4ia-RcRVhyGX\">https:\/\/housing.hpd.nyc.gov\/<wbr \/>adu<\/a>, dise\u00f1ado por WXY Architecture and Urban Design\u00a0<b>=<\/b>\u00a0<a href=\"https:\/\/www.wxystudio.com\/\" target=\"_blank\" rel=\"nofollow noopener\" data-saferedirecturl=\"https:\/\/www.google.com\/url?q=https:\/\/www.wxystudio.com&amp;source=gmail&amp;ust=1774352106033000&amp;usg=AOvVaw1SwhgLZcOXABdPOp8Hwe2X\">https:\/\/www.wxystudio.com<\/a>,\u00a0\u00a0que incluye 11 planos diferentes, ya revisados por el Departamento de Edificios y, por lo tanto, con m\u00e1s probabilidades de superar f\u00e1cilmente el proceso de obtenci\u00f3n de permisos.<\/p>\n<p><b>\u25baCultura General:<\/b><b>\u00a0<\/b>La distancia a\u00e9rea entre la capital de EE. UU. (Washington, D.C.) y la de Ir\u00e1n (Teher\u00e1n), es de aproximadamente 10,178 kil\u00f3metros. Este recorrido atraviesa el Oc\u00e9ano Atl\u00e1ntico y gran parte de Europa o el norte de \u00c1frica, requiriendo vuelos de 19 horas de duraci\u00f3n con escalas. No existiendo rutas terrestres viables.<\/p>\n<p><b>\u25baSalud:<\/b>\u00a0A muchos nos ha pasado alguna vez que al levantarnos r\u00e1pido, tras haber estado un largo periodo de tiempo sentado o tumbado, sentimos un mareo inc\u00f3modo que nos hace detenernos un minuto. \u00bfPor qu\u00e9 nos pasa? Se debe a una adaptaci\u00f3n lenta del organismo al cambio de presi\u00f3n arterial, la llamada hipotensi\u00f3n ortost\u00e1tica o postural. El organismo debe ajustar a toda velocidad la tonicidad de los vasos sangu\u00edneos y la frecuencia card\u00edaca para asegurar un flujo sangu\u00edneo adecuado al cerebro.<\/p>\n<p><b>\u25baCita:<\/b>\u00a0\u00abUn pueblo ignorante es el instrumento ciego de su propia destrucci\u00f3n\u00bb (Sim\u00f3n Bolivar).<\/p>\n<p><b>\u25baD\u00f3lar y Euro hasta este domingo 22:\u00a0<\/b>Compra del d\u00f3lar 58.72 y venta 61.24; Compra euro 66.89 y venta 71.95<\/p>\n<p><b>\u25baCombustibles:<\/b>\u00a0Del 21 al 27 de este mes subieron RD$10.00: Gasolina Premium $305.10. Regular $287.50. Gasoil Optimo $257.10. Regular $239.80. Se quedan con los mismos precios, el Gas Licuado a $137.20 y Gas Natural $43.97.<\/p>\n<p><b>\u25ba Para comunicarse con nosotros:<\/b><b>\u00a0<\/b>Escribir a\u00a0<a href=\"mailto:santodomingoaldia@yahoo.com\" target=\"_blank\" rel=\"nofollow noopener\">santodomingoaldia@yahoo.com<\/a><\/p>\n<\/div>\n","protected":false},"excerpt":{"rendered":"<p>PERIODISMO INFORMATIVO Y CR\u00cdTICO AL SERVICIO DE LA COMUNIDAD\u00a0 Por Ram\u00f3n Mercedes \u25ba Embajada de EE. UU. en RD:\u00a0El mundo se encuentra muy convulso. Hay m\u00e1s de 400 mil dominicanos naturalizados en EE. UU. El Programa de Registro de Viajeros Inteligentes (STEP)\u00a0=\u00a0https:\/\/travel.state.gov\/en\/international-travel\/travel-advisories\/smart-traveler-enrollment-program.html\u00a0un servicio gratuito para los ciudadanos estadounidenses que viajan o viven en el exterior; [&hellip;]<\/p>\n","protected":false},"author":1,"featured_media":463195,"comment_status":"open","ping_status":"open","sticky":false,"template":"","format":"standard","meta":{"_bbp_topic_count":0,"_bbp_reply_count":0,"_bbp_total_topic_count":0,"_bbp_total_reply_count":0,"_bbp_voice_count":0,"_bbp_anonymous_reply_count":0,"_bbp_topic_count_hidden":0,"_bbp_reply_count_hidden":0,"_bbp_forum_subforum_count":0,"footnotes":""},"categories":[33],"tags":[],"class_list":{"0":"post-463194","1":"post","2":"type-post","3":"status-publish","4":"format-standard","5":"has-post-thumbnail","7":"category-opinion"},"_links":{"self":[{"href":"https:\/\/primermomento.com\/index.php?rest_route=\/wp\/v2\/posts\/463194","targetHints":{"allow":["GET"]}}],"collection":[{"href":"https:\/\/primermomento.com\/index.php?rest_route=\/wp\/v2\/posts"}],"about":[{"href":"https:\/\/primermomento.com\/index.php?rest_route=\/wp\/v2\/types\/post"}],"author":[{"embeddable":true,"href":"https:\/\/primermomento.com\/index.php?rest_route=\/wp\/v2\/users\/1"}],"replies":[{"embeddable":true,"href":"https:\/\/primermomento.com\/index.php?rest_route=%2Fwp%2Fv2%2Fcomments&post=463194"}],"version-history":[{"count":1,"href":"https:\/\/primermomento.com\/index.php?rest_route=\/wp\/v2\/posts\/463194\/revisions"}],"predecessor-version":[{"id":463196,"href":"https:\/\/primermomento.com\/index.php?rest_route=\/wp\/v2\/posts\/463194\/revisions\/463196"}],"wp:featuredmedia":[{"embeddable":true,"href":"https:\/\/primermomento.com\/index.php?rest_route=\/wp\/v2\/media\/463195"}],"wp:attachment":[{"href":"https:\/\/primermomento.com\/index.php?rest_route=%2Fwp%2Fv2%2Fmedia&parent=463194"}],"wp:term":[{"taxonomy":"category","embeddable":true,"href":"https:\/\/primermomento.com\/index.php?rest_route=%2Fwp%2Fv2%2Fcategories&post=463194"},{"taxonomy":"post_tag","embeddable":true,"href":"https:\/\/primermomento.com\/index.php?rest_route=%2Fwp%2Fv2%2Ftags&post=463194"}],"curies":[{"name":"wp","href":"https:\/\/api.w.org\/{rel}","templated":true}]}}