{"id":463229,"date":"2026-03-23T11:00:52","date_gmt":"2026-03-23T15:00:52","guid":{"rendered":"https:\/\/primermomento.com\/?p=463229"},"modified":"2026-03-23T12:51:03","modified_gmt":"2026-03-23T16:51:03","slug":"guerra-dispara-ciclo-alcista-de-fletamento-de-portacontenedores","status":"publish","type":"post","link":"https:\/\/primermomento.com\/?p=463229","title":{"rendered":"Guerra dispara ciclo alcista de fletamento de portacontenedores"},"content":{"rendered":"<p><strong><em>Por Prensa Latina<\/em><\/strong><\/p>\n<p>Londres, INGLATERRA.- El fletamento de portacontenedores prolonga su ciclo alcista en medio de la guerra en Medio Oriente, mientras la fuerte demanda de capacidad y la escasez de buques sostienen tarifas elevadas en el mercado, se divulg\u00f3 hoy.<\/p>\n<div class=\"elementor-element elementor-element-0aea3a0 elementor-widget elementor-widget-theme-post-content\" data-id=\"0aea3a0\" data-element_type=\"widget\" data-e-type=\"widget\" data-widget_type=\"theme-post-content.default\">\n<div class=\"elementor-widget-container\">\n<p>Seg\u00fan el proveedor de an\u00e1lisis especializado del transporte mar\u00edtimo de contenedores, Alphaliner, la demanda de capacidad se mantiene alta en todos los segmentos, con tarifas evolucionando a niveles robustos, mientras los contratos a futuro siguen cerr\u00e1ndose sin pausa y por plazos prolongados, afirma la consultora.<\/p>\n<p>Uno de los rasgos m\u00e1s destacados del mercado actual es la duraci\u00f3n de los contratos y de acuerdo con Alphaliner, los periodos siguen siendo largos, con buques \u2014tanto de gran tama\u00f1o como unidades modernas m\u00e1s peque\u00f1as\u2014 asegurando empleo por entre 24 y 60 meses.<\/p>\n<p>Dicha tendencia confirma la confianza de las l\u00edneas navieras en la necesidad de asegurar capacidad en el mediano plazo.<\/p>\n<p>Adem\u00e1s, advierte que la oferta de buques de armadores no operadores contin\u00faa siendo baja y se espera que se mantenga as\u00ed en los pr\u00f3ximos meses, lo cual deber\u00eda sostener el impulso de las tarifas en el corto plazo.<\/p>\n<p>No obstante, el impacto del conflicto en Medio Oriente a\u00fan no se manifiesta plenamente. Si bien en teor\u00eda la disrupci\u00f3n \u2014con cerca de 140 portacontenedores retenidos en el Golfo P\u00e9rsico, congesti\u00f3n portuaria y desv\u00edos de rutas\u2014 deber\u00eda favorecer a los armadores, en la pr\u00e1ctica el efecto es m\u00e1s complejo.<\/p>\n<p>El cierre operativo del Estrecho de Ormuz est\u00e1 obligando a las navieras a ajustar sus servicios, y en efecto, muchas l\u00edneas han debido acortar rutas, reducir capacidad e incluso disminuir el n\u00famero de buques desplegados.<\/p>\n<p>Como consecuencia, comienza a emerger el fen\u00f3meno de la capacidad subarrendada podr\u00eda empezar a aparecer en el mercado.<\/p>\n<p>En ese escenario, la consultora advierte que se necesita m\u00e1s tiempo para evaluar plenamente el impacto de la guerra en el mercado de fletamento, el cual depender\u00e1 tanto de la duraci\u00f3n de la crisis como de la evoluci\u00f3n del precio del petr\u00f3leo.<\/p>\n<\/div>\n<\/div>\n<div class=\"elementor-element elementor-element-4f75016 elementor-widget elementor-widget-post-info\" data-id=\"4f75016\" data-element_type=\"widget\" data-e-type=\"widget\" data-widget_type=\"post-info.default\">\n<div class=\"elementor-widget-container\">\n<ul class=\"elementor-inline-items elementor-icon-list-items elementor-post-info\">\n<li class=\"elementor-icon-list-item elementor-repeater-item-17dda3e elementor-inline-item\"><em><span class=\"elementor-icon-list-text elementor-post-info__item elementor-post-info__item--type-custom\">#<a href=\"https:\/\/primermomento.com\/?p=463229\" rel=\"tag\">comercio<\/a>\u00a0#<a href=\"https:\/\/primermomento.com\/?p=463229\" rel=\"tag\">guerra<\/a>\u00a0#<a href=\"https:\/\/primermomento.com\/?p=463229\" rel=\"tag\">portacontenedores<\/a>\u00a0#<a href=\"https:\/\/primermomento.com\/?p=463229\" rel=\"tag\">transporte<\/a><\/span><\/em><\/li>\n<\/ul>\n<\/div>\n<\/div>\n","protected":false},"excerpt":{"rendered":"<p>Por Prensa Latina Londres, INGLATERRA.- El fletamento de portacontenedores prolonga su ciclo alcista en medio de la guerra en Medio Oriente, mientras la fuerte demanda de capacidad y la escasez de buques sostienen tarifas elevadas en el mercado, se divulg\u00f3 hoy. Seg\u00fan el proveedor de an\u00e1lisis especializado del transporte mar\u00edtimo de contenedores, Alphaliner, la demanda [&hellip;]<\/p>\n","protected":false},"author":1,"featured_media":463230,"comment_status":"open","ping_status":"open","sticky":false,"template":"","format":"standard","meta":{"_bbp_topic_count":0,"_bbp_reply_count":0,"_bbp_total_topic_count":0,"_bbp_total_reply_count":0,"_bbp_voice_count":0,"_bbp_anonymous_reply_count":0,"_bbp_topic_count_hidden":0,"_bbp_reply_count_hidden":0,"_bbp_forum_subforum_count":0,"footnotes":""},"categories":[35],"tags":[],"class_list":{"0":"post-463229","1":"post","2":"type-post","3":"status-publish","4":"format-standard","5":"has-post-thumbnail","7":"category-economia"},"_links":{"self":[{"href":"https:\/\/primermomento.com\/index.php?rest_route=\/wp\/v2\/posts\/463229","targetHints":{"allow":["GET"]}}],"collection":[{"href":"https:\/\/primermomento.com\/index.php?rest_route=\/wp\/v2\/posts"}],"about":[{"href":"https:\/\/primermomento.com\/index.php?rest_route=\/wp\/v2\/types\/post"}],"author":[{"embeddable":true,"href":"https:\/\/primermomento.com\/index.php?rest_route=\/wp\/v2\/users\/1"}],"replies":[{"embeddable":true,"href":"https:\/\/primermomento.com\/index.php?rest_route=%2Fwp%2Fv2%2Fcomments&post=463229"}],"version-history":[{"count":1,"href":"https:\/\/primermomento.com\/index.php?rest_route=\/wp\/v2\/posts\/463229\/revisions"}],"predecessor-version":[{"id":463231,"href":"https:\/\/primermomento.com\/index.php?rest_route=\/wp\/v2\/posts\/463229\/revisions\/463231"}],"wp:featuredmedia":[{"embeddable":true,"href":"https:\/\/primermomento.com\/index.php?rest_route=\/wp\/v2\/media\/463230"}],"wp:attachment":[{"href":"https:\/\/primermomento.com\/index.php?rest_route=%2Fwp%2Fv2%2Fmedia&parent=463229"}],"wp:term":[{"taxonomy":"category","embeddable":true,"href":"https:\/\/primermomento.com\/index.php?rest_route=%2Fwp%2Fv2%2Fcategories&post=463229"},{"taxonomy":"post_tag","embeddable":true,"href":"https:\/\/primermomento.com\/index.php?rest_route=%2Fwp%2Fv2%2Ftags&post=463229"}],"curies":[{"name":"wp","href":"https:\/\/api.w.org\/{rel}","templated":true}]}}