{"id":463276,"date":"2026-03-24T06:18:10","date_gmt":"2026-03-24T10:18:10","guid":{"rendered":"https:\/\/primermomento.com\/?p=463276"},"modified":"2026-03-24T06:18:10","modified_gmt":"2026-03-24T10:18:10","slug":"apoyan-ny-posicion-lf-la-ciudadania-demanda-respuestas-concretas-y-efectivas-por-efectos-de-crisis-externas","status":"publish","type":"post","link":"https:\/\/primermomento.com\/?p=463276","title":{"rendered":"Apoyan NY posici\u00f3n LF: \u201cLa ciudadan\u00eda demanda respuestas concretas y efectivas\u201d por efectos de crisis externas"},"content":{"rendered":"<p><em><b>Por Ram\u00f3n Mercedes<\/b><\/em><\/p>\n<p>Nueva York, EEUU.- La posici\u00f3n planteada por el expresidente Leonel Fern\u00e1ndez, frente al reciente discurso del presidente de la Rep\u00fablica, Luis Abinader, refleja una preocupaci\u00f3n leg\u00edtima y profundamente conectada con la realidad que vive el pueblo dominicano.<\/p>\n<p>As\u00ed lo manifest\u00f3 el aguerrido dirigente pol\u00edtico Geraldo Rosario, coordinador del proyecto \u201c300 con Leonel\u201d (los multiplicadores en NY).<\/p>\n<p>\u201cEn un contexto marcado por el alza internacional del petr\u00f3leo y su impacto directo en el costo de la vida, no bastan los diagn\u00f3sticos o las explicaciones t\u00e9cnicas; lo que la ciudadan\u00eda demanda son respuestas concretas y efectivas\u201d, precisa el documento de prensa.<\/p>\n<p>Fern\u00e1ndez acierta al recordar que la Rep\u00fablica Dominicana ha enfrentado escenarios similares en el pasado, como en 2008, demostrando que s\u00ed es posible implementar medidas que amortig\u00fcen los efectos de crisis externas.<\/p>\n<p>Su planteamiento no es simplemente cr\u00edtico, a\u00f1ade Rosario, sino propositivo. Urge un plan claro que priorice la protecci\u00f3n del bolsillo de la gente, asunto que el gobierno no ha abordado hasta ahora; muy por el contrario, Abinader se ufanaba de que est\u00e1bamos listos para enfrentar esa crisis, como si la RD fuera un pa\u00eds productor de petr\u00f3leo, sentenci\u00f3.<\/p>\n<p>El se\u00f1alamiento de Fern\u00e1ndez de que \u201cla gente no resiste m\u00e1s presi\u00f3n\u201d sintetiza el sentir popular. Hoy, miles de familias enfrentan dificultades reales para cubrir necesidades b\u00e1sicas, y trasladarles el peso de factores internacionales solo agrava la situaci\u00f3n de un pueblo que ya est\u00e1 cansado de la improvisaci\u00f3n.<\/p>\n<p>Al respaldar esta postura, apostamos por una gesti\u00f3n gubernamental m\u00e1s sensible, orientada a resultados tangibles.<\/p>\n<p>El pa\u00eds necesita acci\u00f3n inmediata, pol\u00edticas eficaces y un liderazgo que convierta los desaf\u00edos en soluciones concretas para su gente; sin embargo, Abinader y su gobierno llevan seis a\u00f1os vendiendo sue\u00f1os, indic\u00f3.<\/p>\n<p>Exhortamos al gobierno a prestar atenci\u00f3n a las propuestas de un estadista experimentado que desea lo mejor para el pa\u00eds, puntualiz\u00f3 Rosario.<\/p>\n","protected":false},"excerpt":{"rendered":"<p>Por Ram\u00f3n Mercedes Nueva York, EEUU.- La posici\u00f3n planteada por el expresidente Leonel Fern\u00e1ndez, frente al reciente discurso del presidente de la Rep\u00fablica, Luis Abinader, refleja una preocupaci\u00f3n leg\u00edtima y profundamente conectada con la realidad que vive el pueblo dominicano. As\u00ed lo manifest\u00f3 el aguerrido dirigente pol\u00edtico Geraldo Rosario, coordinador del proyecto \u201c300 con Leonel\u201d [&hellip;]<\/p>\n","protected":false},"author":1,"featured_media":463277,"comment_status":"open","ping_status":"open","sticky":false,"template":"","format":"standard","meta":{"_bbp_topic_count":0,"_bbp_reply_count":0,"_bbp_total_topic_count":0,"_bbp_total_reply_count":0,"_bbp_voice_count":0,"_bbp_anonymous_reply_count":0,"_bbp_topic_count_hidden":0,"_bbp_reply_count_hidden":0,"_bbp_forum_subforum_count":0,"footnotes":""},"categories":[31],"tags":[],"class_list":{"0":"post-463276","1":"post","2":"type-post","3":"status-publish","4":"format-standard","5":"has-post-thumbnail","7":"category-estados-unidos"},"_links":{"self":[{"href":"https:\/\/primermomento.com\/index.php?rest_route=\/wp\/v2\/posts\/463276","targetHints":{"allow":["GET"]}}],"collection":[{"href":"https:\/\/primermomento.com\/index.php?rest_route=\/wp\/v2\/posts"}],"about":[{"href":"https:\/\/primermomento.com\/index.php?rest_route=\/wp\/v2\/types\/post"}],"author":[{"embeddable":true,"href":"https:\/\/primermomento.com\/index.php?rest_route=\/wp\/v2\/users\/1"}],"replies":[{"embeddable":true,"href":"https:\/\/primermomento.com\/index.php?rest_route=%2Fwp%2Fv2%2Fcomments&post=463276"}],"version-history":[{"count":1,"href":"https:\/\/primermomento.com\/index.php?rest_route=\/wp\/v2\/posts\/463276\/revisions"}],"predecessor-version":[{"id":463278,"href":"https:\/\/primermomento.com\/index.php?rest_route=\/wp\/v2\/posts\/463276\/revisions\/463278"}],"wp:featuredmedia":[{"embeddable":true,"href":"https:\/\/primermomento.com\/index.php?rest_route=\/wp\/v2\/media\/463277"}],"wp:attachment":[{"href":"https:\/\/primermomento.com\/index.php?rest_route=%2Fwp%2Fv2%2Fmedia&parent=463276"}],"wp:term":[{"taxonomy":"category","embeddable":true,"href":"https:\/\/primermomento.com\/index.php?rest_route=%2Fwp%2Fv2%2Fcategories&post=463276"},{"taxonomy":"post_tag","embeddable":true,"href":"https:\/\/primermomento.com\/index.php?rest_route=%2Fwp%2Fv2%2Ftags&post=463276"}],"curies":[{"name":"wp","href":"https:\/\/api.w.org\/{rel}","templated":true}]}}