{"id":463319,"date":"2026-03-24T14:13:23","date_gmt":"2026-03-24T18:13:23","guid":{"rendered":"https:\/\/primermomento.com\/?p=463319"},"modified":"2026-03-25T06:36:11","modified_gmt":"2026-03-25T10:36:11","slug":"ayuntamiento-de-bani-reconoce-al-periodista-fidias-mateo-como-hijo-meritorio-del-municipio","status":"publish","type":"post","link":"https:\/\/primermomento.com\/?p=463319","title":{"rendered":"Ayuntamiento de Ban\u00ed reconoce al periodista Fidias Mateo como Hijo Meritorio del municipio"},"content":{"rendered":"<div style=\"width: 696px;\" class=\"wp-video\"><video class=\"wp-video-shortcode\" id=\"video-463319-1\" width=\"696\" height=\"392\" preload=\"metadata\" controls=\"controls\"><source type=\"video\/mp4\" src=\"https:\/\/primermomento.com\/wp-content\/uploads\/2026\/03\/Reconocimiento-Fidias-Mateo-Como-Hijo-Meritorio.mp4?_=1\" \/><a href=\"https:\/\/primermomento.com\/wp-content\/uploads\/2026\/03\/Reconocimiento-Fidias-Mateo-Como-Hijo-Meritorio.mp4\">https:\/\/primermomento.com\/wp-content\/uploads\/2026\/03\/Reconocimiento-Fidias-Mateo-Como-Hijo-Meritorio.mp4<\/a><\/video><\/div>\n<p><strong><em>Por <span style=\"color: #ff0000;\">Servicios de Primermomento.com<\/span><\/em><\/strong><\/p>\n<p>BAN\u00cd, Rep\u00fablica Dominicana.- El Ayuntamiento de Ban\u00ed reconoci\u00f3 este martes al periodista Fidias Mateo como Hijo Meritorio del municipio, en reconocimiento a su labor como principal impulsor de la extensi\u00f3n universitaria de la UASD en Ban\u00ed.<\/p>\n<p>La iniciativa fue presentada por el alcalde Santo Ram\u00edrez y aprobada a unanimidad por el Concejo de Regidores; con ella, el cabildo destaca la trayectoria, el compromiso y la entrega de Mateo con el desarrollo del municipio, especialmente con la zona norte.<\/p>\n<figure id=\"attachment_463320\" aria-describedby=\"caption-attachment-463320\" style=\"width: 300px\" class=\"wp-caption alignleft\"><img loading=\"lazy\" decoding=\"async\" class=\"size-medium wp-image-463320\" src=\"https:\/\/primermomento.com\/wp-content\/uploads\/2026\/03\/Fidias-Mateo-300x200.jpg\" alt=\"\" width=\"300\" height=\"200\" srcset=\"https:\/\/primermomento.com\/wp-content\/uploads\/2026\/03\/Fidias-Mateo-300x200.jpg 300w, https:\/\/primermomento.com\/wp-content\/uploads\/2026\/03\/Fidias-Mateo-1024x682.jpg 1024w, https:\/\/primermomento.com\/wp-content\/uploads\/2026\/03\/Fidias-Mateo-768x511.jpg 768w, https:\/\/primermomento.com\/wp-content\/uploads\/2026\/03\/Fidias-Mateo-696x463.jpg 696w, https:\/\/primermomento.com\/wp-content\/uploads\/2026\/03\/Fidias-Mateo.jpg 1056w\" sizes=\"auto, (max-width: 300px) 100vw, 300px\" \/><figcaption id=\"caption-attachment-463320\" class=\"wp-caption-text\">Fidias Mateo<\/figcaption><\/figure>\n<p>El alcalde Ram\u00edrez record\u00f3 que Mateo se involucr\u00f3 desde joven en causas sociales y que, tras graduarse como periodista en la UASD, construy\u00f3 una carrera marcada por ideas firmes y propuestas que dejaron huella en la comunidad.<\/p>\n<p>\u00abTu esfuerzo no fue en vano, porque hoy tenemos la universidad y Ban\u00ed siempre tendr\u00e1 que recordarte\u00bb, afirm\u00f3.<\/p>\n<p>El ejecutivo municipal anunci\u00f3 que se eval\u00faa designar con el nombre del comunicador una calle en los alrededores de la Ciudad Universitaria, como parte del reconocimiento a su legado.<\/p>\n<p>La presidenta del Concejo Edilicio, Carolina D\u00edaz, destac\u00f3 la importancia de honrar una trayectoria como la de Mateo y subray\u00f3 que su lucha por traer la UASD a Ban\u00ed es motivo de orgullo para toda la zona norte.<\/p>\n<p>\u00abCon esta distinci\u00f3n, no solo resaltamos los m\u00e9ritos y valores de Fidias, sino que su perseverancia y vocaci\u00f3n de servicio deben inspirarnos a todos\u00bb, expres\u00f3.<\/p>\n<p>Visiblemente emocionado, Fidias Mateo repas\u00f3 las gestiones que hicieron posible la extensi\u00f3n universitaria y agradeci\u00f3 a quienes acompa\u00f1aron ese proceso.<\/p>\n<p>\u00abLa peor diligencia es la que no se hace. Dios nos dio libre albedr\u00edo para actuar; eso significa que cada uno tiene la capacidad de llegar m\u00e1s lejos\u00bb, manifest\u00f3.<\/p>\n<p>El acto incluy\u00f3 la lectura de la semblanza oficial que sustenta la declaratoria, a cargo del secretario municipal Fidel Su\u00e1rez, y estuvo amenizado por el Ballet Folcl\u00f3rico Municipal, cuyas piezas de carabin\u00e9 pusieron a bailar a todos los presentes.<\/p>\n<p>A la entrega del reconocimiento asistieron regidores, representantes del Patronato de Apoyo al Centro UASD Ban\u00ed, familiares y allegados del homenajeado, as\u00ed como autoridades provinciales y personalidades destacadas de la ciudad.<\/p>\n","protected":false},"excerpt":{"rendered":"<p>Por Servicios de Primermomento.com BAN\u00cd, Rep\u00fablica Dominicana.- El Ayuntamiento de Ban\u00ed reconoci\u00f3 este martes al periodista Fidias Mateo como Hijo Meritorio del municipio, en reconocimiento a su labor como principal impulsor de la extensi\u00f3n universitaria de la UASD en Ban\u00ed. La iniciativa fue presentada por el alcalde Santo Ram\u00edrez y aprobada a unanimidad por el [&hellip;]<\/p>\n","protected":false},"author":1,"featured_media":463320,"comment_status":"open","ping_status":"open","sticky":false,"template":"","format":"video","meta":{"_bbp_topic_count":0,"_bbp_reply_count":0,"_bbp_total_topic_count":0,"_bbp_total_reply_count":0,"_bbp_voice_count":0,"_bbp_anonymous_reply_count":0,"_bbp_topic_count_hidden":0,"_bbp_reply_count_hidden":0,"_bbp_forum_subforum_count":0,"footnotes":""},"categories":[32,106],"tags":[],"class_list":{"0":"post-463319","1":"post","2":"type-post","3":"status-publish","4":"format-video","5":"has-post-thumbnail","7":"category-lo-ultimo","8":"category-video-news","9":"post_format-post-format-video"},"_links":{"self":[{"href":"https:\/\/primermomento.com\/index.php?rest_route=\/wp\/v2\/posts\/463319","targetHints":{"allow":["GET"]}}],"collection":[{"href":"https:\/\/primermomento.com\/index.php?rest_route=\/wp\/v2\/posts"}],"about":[{"href":"https:\/\/primermomento.com\/index.php?rest_route=\/wp\/v2\/types\/post"}],"author":[{"embeddable":true,"href":"https:\/\/primermomento.com\/index.php?rest_route=\/wp\/v2\/users\/1"}],"replies":[{"embeddable":true,"href":"https:\/\/primermomento.com\/index.php?rest_route=%2Fwp%2Fv2%2Fcomments&post=463319"}],"version-history":[{"count":11,"href":"https:\/\/primermomento.com\/index.php?rest_route=\/wp\/v2\/posts\/463319\/revisions"}],"predecessor-version":[{"id":463335,"href":"https:\/\/primermomento.com\/index.php?rest_route=\/wp\/v2\/posts\/463319\/revisions\/463335"}],"wp:featuredmedia":[{"embeddable":true,"href":"https:\/\/primermomento.com\/index.php?rest_route=\/wp\/v2\/media\/463320"}],"wp:attachment":[{"href":"https:\/\/primermomento.com\/index.php?rest_route=%2Fwp%2Fv2%2Fmedia&parent=463319"}],"wp:term":[{"taxonomy":"category","embeddable":true,"href":"https:\/\/primermomento.com\/index.php?rest_route=%2Fwp%2Fv2%2Fcategories&post=463319"},{"taxonomy":"post_tag","embeddable":true,"href":"https:\/\/primermomento.com\/index.php?rest_route=%2Fwp%2Fv2%2Ftags&post=463319"}],"curies":[{"name":"wp","href":"https:\/\/api.w.org\/{rel}","templated":true}]}}