{"id":463361,"date":"2026-03-24T17:36:47","date_gmt":"2026-03-24T21:36:47","guid":{"rendered":"https:\/\/primermomento.com\/?p=463361"},"modified":"2026-03-25T09:23:30","modified_gmt":"2026-03-25T13:23:30","slug":"pld-de-dominicana-avanza-en-eleccion-de-su-aspirante-presidencial","status":"publish","type":"post","link":"https:\/\/primermomento.com\/?p=463361","title":{"rendered":"PLD de Dominicana avanza en elecci\u00f3n de su aspirante presidencial"},"content":{"rendered":"<p><strong><em>Por <span style=\"color: #ff0000;\">Prensa Latina<\/span><\/em><\/strong><\/p>\n<p>SANTO DOMINGO, Rep\u00fablica Dominicana.- El Partido de la Liberaci\u00f3n Dominicana (PLD) conform\u00f3 hoy la comisi\u00f3n encargada de organizar el proceso de consulta para elegir a su aspirante presidencial de cara a las elecciones generales previstas para 2028.<\/p>\n<div class=\"elementor-element elementor-element-0aea3a0 elementor-widget elementor-widget-theme-post-content\" data-id=\"0aea3a0\" data-element_type=\"widget\" data-e-type=\"widget\" data-widget_type=\"theme-post-content.default\">\n<div class=\"elementor-widget-container\">\n<p>La informaci\u00f3n fue ofrecida a la prensa por el secretario general de la organizaci\u00f3n, Johnny Pujols, tras concluir la reuni\u00f3n ordinaria del Comit\u00e9 Pol\u00edtico.<\/p>\n<p>Pujols explic\u00f3 que, a propuesta de los precandidatos y sus representantes, el \u00f3rgano decidi\u00f3 por consenso la composici\u00f3n de la Comisi\u00f3n de Consulta sobre Aspirantes Presidenciales, la cual ser\u00e1 presidida por Cristina Lizardo e integrada por Yv\u00e1n Lorenzo, Margarita Pimentel, Alejandrina Germ\u00e1n y Armando Garc\u00eda.<\/p>\n<p>Indic\u00f3 que, conforme a las normativas internas, la misi\u00f3n contar\u00e1 con el acompa\u00f1amiento de la Secretar\u00eda de Asuntos Electorales, encabezada por Danilo D\u00edaz, y de la Secretar\u00eda de Organizaci\u00f3n, dirigida por Mayobanex Escoto.<\/p>\n<p>Durante la reuni\u00f3n se acord\u00f3, adem\u00e1s, que la consulta ciudadana se realizar\u00e1 el 18 de octubre de este a\u00f1o y estar\u00e1 abierta tanto a miembros del PLD como a ciudadanos no afiliados a otras organizaciones pol\u00edticas, utilizando el padr\u00f3n de la Junta Central Electoral.<\/p>\n<p>Pujols record\u00f3 que, en el encuentro del Comit\u00e9 Central celebrado el 22 de febrero, ocho dirigentes manifestaron su inter\u00e9s en aspirar a la candidatura presidencial: Francisco Javier Garc\u00eda, Charles Mariotti, Francisco Dom\u00ednguez Brito, Ram\u00f3n Ventura Camejo, Manfred Mata, Luis de Le\u00f3n, Gonzalo Castillo y Mario Bruno, mientras otros indicaron que podr\u00edan pronunciarse m\u00e1s adelante.<\/p>\n<p>El vocero del PLD asegur\u00f3 que el proceso de selecci\u00f3n avanza conforme a lo previsto y subray\u00f3 que ser\u00e1 escogido dentro de los plazos establecidos por la ley electoral.<\/p>\n<p>Las elecciones generales en la Rep\u00fablica Dominicana est\u00e1n programadas para mayo de 2028, siguiendo el calendario constitucional que fija comicios cada cuatro a\u00f1os.<\/p>\n<p>En los \u00faltimos comicios, celebrados en mayo de 2024, el actual presidente Luis Abinader fue reelegido en primera vuelta con alrededor del 57 por ciento de los votos, mientras que el PLD qued\u00f3 en tercer lugar, por detr\u00e1s de la Fuerza del Pueblo.<\/p>\n<\/div>\n<\/div>\n<div class=\"elementor-element elementor-element-4f75016 elementor-widget elementor-widget-post-info\" data-id=\"4f75016\" data-element_type=\"widget\" data-e-type=\"widget\" data-widget_type=\"post-info.default\">\n<div class=\"elementor-widget-container\">\n<ul class=\"elementor-inline-items elementor-icon-list-items elementor-post-info\">\n<li class=\"elementor-icon-list-item elementor-repeater-item-17dda3e elementor-inline-item\"><em><span class=\"elementor-icon-list-text elementor-post-info__item elementor-post-info__item--type-custom\">#<a href=\"https:\/\/primermomento.com\/?p=463361\" rel=\"tag\">pld<\/a>\u00a0#<a href=\"https:\/\/primermomento.com\/?p=463361\" rel=\"tag\">selecci\u00f3n candidato presidencial<\/a><\/span><\/em><\/li>\n<\/ul>\n<\/div>\n<\/div>\n","protected":false},"excerpt":{"rendered":"<p>Por Prensa Latina SANTO DOMINGO, Rep\u00fablica Dominicana.- El Partido de la Liberaci\u00f3n Dominicana (PLD) conform\u00f3 hoy la comisi\u00f3n encargada de organizar el proceso de consulta para elegir a su aspirante presidencial de cara a las elecciones generales previstas para 2028. La informaci\u00f3n fue ofrecida a la prensa por el secretario general de la organizaci\u00f3n, Johnny [&hellip;]<\/p>\n","protected":false},"author":1,"featured_media":463362,"comment_status":"open","ping_status":"open","sticky":false,"template":"","format":"standard","meta":{"_bbp_topic_count":0,"_bbp_reply_count":0,"_bbp_total_topic_count":0,"_bbp_total_reply_count":0,"_bbp_voice_count":0,"_bbp_anonymous_reply_count":0,"_bbp_topic_count_hidden":0,"_bbp_reply_count_hidden":0,"_bbp_forum_subforum_count":0,"footnotes":""},"categories":[31],"tags":[],"class_list":{"0":"post-463361","1":"post","2":"type-post","3":"status-publish","4":"format-standard","5":"has-post-thumbnail","7":"category-estados-unidos"},"_links":{"self":[{"href":"https:\/\/primermomento.com\/index.php?rest_route=\/wp\/v2\/posts\/463361","targetHints":{"allow":["GET"]}}],"collection":[{"href":"https:\/\/primermomento.com\/index.php?rest_route=\/wp\/v2\/posts"}],"about":[{"href":"https:\/\/primermomento.com\/index.php?rest_route=\/wp\/v2\/types\/post"}],"author":[{"embeddable":true,"href":"https:\/\/primermomento.com\/index.php?rest_route=\/wp\/v2\/users\/1"}],"replies":[{"embeddable":true,"href":"https:\/\/primermomento.com\/index.php?rest_route=%2Fwp%2Fv2%2Fcomments&post=463361"}],"version-history":[{"count":1,"href":"https:\/\/primermomento.com\/index.php?rest_route=\/wp\/v2\/posts\/463361\/revisions"}],"predecessor-version":[{"id":463363,"href":"https:\/\/primermomento.com\/index.php?rest_route=\/wp\/v2\/posts\/463361\/revisions\/463363"}],"wp:featuredmedia":[{"embeddable":true,"href":"https:\/\/primermomento.com\/index.php?rest_route=\/wp\/v2\/media\/463362"}],"wp:attachment":[{"href":"https:\/\/primermomento.com\/index.php?rest_route=%2Fwp%2Fv2%2Fmedia&parent=463361"}],"wp:term":[{"taxonomy":"category","embeddable":true,"href":"https:\/\/primermomento.com\/index.php?rest_route=%2Fwp%2Fv2%2Fcategories&post=463361"},{"taxonomy":"post_tag","embeddable":true,"href":"https:\/\/primermomento.com\/index.php?rest_route=%2Fwp%2Fv2%2Ftags&post=463361"}],"curies":[{"name":"wp","href":"https:\/\/api.w.org\/{rel}","templated":true}]}}