{"id":463370,"date":"2026-03-25T06:21:02","date_gmt":"2026-03-25T10:21:02","guid":{"rendered":"https:\/\/primermomento.com\/?p=463370"},"modified":"2026-03-25T06:21:02","modified_gmt":"2026-03-25T10:21:02","slug":"hispanos-apoyan-al-dominicano-alex-mendez-para-alcalde-de-paterson-nj","status":"publish","type":"post","link":"https:\/\/primermomento.com\/?p=463370","title":{"rendered":"Hispanos apoyan al dominicano Alex M\u00e9ndez para alcalde de Paterson-NJ"},"content":{"rendered":"<p><iframe loading=\"lazy\" title=\"Hispanos apoyan al dominicano Alex M\u00e9ndez para alcalde de Paterson-NJ\" width=\"696\" height=\"392\" src=\"https:\/\/www.youtube.com\/embed\/g6chRxgaZqc?start=1&#038;feature=oembed\" frameborder=\"0\" allow=\"accelerometer; autoplay; clipboard-write; encrypted-media; gyroscope; picture-in-picture; web-share\" referrerpolicy=\"strict-origin-when-cross-origin\" allowfullscreen><\/iframe><\/p>\n<p><em><b>Por <span style=\"color: #ff0000;\">Ram\u00f3n Mercedes<\/span><\/b><\/em><\/p>\n<p>Nueva Jersey, EEUU.- Cientos de representantes de la comunidad hispana en la ciudad de Paterson apoyan las aspiraciones del dominicano Alex M\u00e9ndez para la alcald\u00eda de esta poblaci\u00f3n, con m\u00e1s de 160 mil habitantes, siendo el 64 % de or\u00edgenes hispanos (dominicanos, peruanos, mexicanos, colombianos y puertorrique\u00f1os, entre otras etnias).<\/p>\n<p>Durante un masivo acto celebrado el pasado domingo en el restaurante \u201cBocaditos Bistro\u201d, ubicado en el 710 de la avenida Madison, asistieron profesionales, empresarios, comerciantes, l\u00edderes comunitarios, periodistas, locutores, empleados privados, dirigentes pol\u00edticos, activistas sociales y ciudadanos comunes, entre otros.<\/p>\n<p><img loading=\"lazy\" decoding=\"async\" class=\"size-medium wp-image-463371 alignleft\" src=\"https:\/\/primermomento.com\/wp-content\/uploads\/2026\/03\/Hispanos-apoyan-al-dominicano-Alex-Mendez-para-alcalde-de-Paterson-NJ-300x186.jpg\" alt=\"\" width=\"300\" height=\"186\" srcset=\"https:\/\/primermomento.com\/wp-content\/uploads\/2026\/03\/Hispanos-apoyan-al-dominicano-Alex-Mendez-para-alcalde-de-Paterson-NJ-300x186.jpg 300w, https:\/\/primermomento.com\/wp-content\/uploads\/2026\/03\/Hispanos-apoyan-al-dominicano-Alex-Mendez-para-alcalde-de-Paterson-NJ.jpg 563w\" sizes=\"auto, (max-width: 300px) 100vw, 300px\" \/>M\u00e9ndez, actualmente, es concejal por el Tercer Barrio en Paterson; se dirigi\u00f3 inicialmente a los cientos de personas.<\/p>\n<p>\u201c\u00bfY por qu\u00e9 votar por otro?\u201d, y el p\u00fablico, al un\u00edsono, contestaba: \u201cSi Alex es de nosotros\u201d.<\/p>\n<p>Asimismo, proclamaba: \u201c\u00a1Alex M\u00e9ndez 1-A!\u201d, y el p\u00fablico respond\u00eda: \u201c\u00a1Ese es el que va!\u201d en las elecciones a celebrarse el pr\u00f3ximo 12 de mayo.<\/p>\n<p>\u201cEl voto de cada uno de ustedes es vital; por eso les solicitamos que marquen la boleta 1-A, y con su voto y la ayuda de Dios, seremos el pr\u00f3ximo alcalde de Paterson\u201d, expres\u00f3.<\/p>\n<p>\u201cSeguiremos luchando por las causas que benefician a la poblaci\u00f3n, entre ellas, que la polic\u00eda dependa de la ciudad y no del estado, ya que, por la mala administraci\u00f3n del actual alcalde, tuvo que pasar a ser dirigida por las autoridades estatales.<\/p>\n<p>Asimismo, por el combate a la delincuencia, la limpieza de la ciudad, una mayor cantidad de empleos, apoyo a los peque\u00f1os comerciantes y al sistema de educaci\u00f3n, entre otras cosas\u201d, especific\u00f3.<\/p>\n<p>Adem\u00e1s, resalt\u00f3 la necesidad de un liderazgo comprometido con los vecindarios: \u201cLa ciudad se merece un liderazgo que escuche a su gente y que luche por los vecindarios\u201d, precis\u00f3.<\/p>\n<p>\u201cCada uno de los que est\u00e1n aqu\u00ed me conocen y saben lo que hemos luchado; ahora vamos por m\u00e1s\u201d. Por eso, me estoy postulando como alcalde\u201d, manifest\u00f3 M\u00e9ndez.<\/p>\n<p>Durante la actividad, se destac\u00f3 su director de Prensa y Propaganda, Rafael Pe\u00f1a, y se evidenci\u00f3 un fuerte respaldo de la comunidad, destacando su cercan\u00eda con la gente y compromiso con las causas sociales.<\/p>\n<p>Otros que hablaron fueron Joe Torres, exalcalde de Paterson; las destacadas personalidades Miguel D\u00edaz, Rafael Marte, Ram\u00f3n y Humberto Guzm\u00e1n, y Sonia Deliz, entre otros.<\/p>\n<p>Con m\u00e1s de una d\u00e9cada de servicio p\u00fablico, Alex M\u00e9ndez ha dedicado su carrera al bienestar de los residentes de Paterson, consolid\u00e1ndose como un l\u00edder de base comprometido con las familias trabajadoras.<\/p>\n<p>Su trayectoria incluye su labor como comisionado de la Junta de Educaci\u00f3n de Paterson (2010-2014), concejal at-large (2014-2018) y del Tercer Barrio (2020-presente).<\/p>\n<p>La campa\u00f1a destac\u00f3 que una contienda a nivel de toda la ciudad requiere recursos y organizaci\u00f3n. Las contribuciones est\u00e1n permitidas bajo la ley del estado de Nueva Jersey, recordaron los organizadores.<\/p>\n<p>Para m\u00e1s informaci\u00f3n de contacto con Alex M\u00e9ndez for Mayor, 266 East de la calle 19, Paterson, NJ 07524; correo electr\u00f3nico:\u00a0<a href=\"mailto:alexmendezformayor@gmail.com\" target=\"_blank\" rel=\"nofollow noopener\">alexmendezformayor@gmail.com<\/a>. Para ser parte de esta transformaci\u00f3n, pueden comunicarse con Carlos Alejo al (973) 698-7851.<\/p>\n","protected":false},"excerpt":{"rendered":"<p>Por Ram\u00f3n Mercedes Nueva Jersey, EEUU.- Cientos de representantes de la comunidad hispana en la ciudad de Paterson apoyan las aspiraciones del dominicano Alex M\u00e9ndez para la alcald\u00eda de esta poblaci\u00f3n, con m\u00e1s de 160 mil habitantes, siendo el 64 % de or\u00edgenes hispanos (dominicanos, peruanos, mexicanos, colombianos y puertorrique\u00f1os, entre otras etnias). Durante un [&hellip;]<\/p>\n","protected":false},"author":1,"featured_media":463371,"comment_status":"open","ping_status":"open","sticky":false,"template":"","format":"video","meta":{"_bbp_topic_count":0,"_bbp_reply_count":0,"_bbp_total_topic_count":0,"_bbp_total_reply_count":0,"_bbp_voice_count":0,"_bbp_anonymous_reply_count":0,"_bbp_topic_count_hidden":0,"_bbp_reply_count_hidden":0,"_bbp_forum_subforum_count":0,"footnotes":""},"categories":[31,106],"tags":[],"class_list":{"0":"post-463370","1":"post","2":"type-post","3":"status-publish","4":"format-video","5":"has-post-thumbnail","7":"category-estados-unidos","8":"category-video-news","9":"post_format-post-format-video"},"_links":{"self":[{"href":"https:\/\/primermomento.com\/index.php?rest_route=\/wp\/v2\/posts\/463370","targetHints":{"allow":["GET"]}}],"collection":[{"href":"https:\/\/primermomento.com\/index.php?rest_route=\/wp\/v2\/posts"}],"about":[{"href":"https:\/\/primermomento.com\/index.php?rest_route=\/wp\/v2\/types\/post"}],"author":[{"embeddable":true,"href":"https:\/\/primermomento.com\/index.php?rest_route=\/wp\/v2\/users\/1"}],"replies":[{"embeddable":true,"href":"https:\/\/primermomento.com\/index.php?rest_route=%2Fwp%2Fv2%2Fcomments&post=463370"}],"version-history":[{"count":1,"href":"https:\/\/primermomento.com\/index.php?rest_route=\/wp\/v2\/posts\/463370\/revisions"}],"predecessor-version":[{"id":463372,"href":"https:\/\/primermomento.com\/index.php?rest_route=\/wp\/v2\/posts\/463370\/revisions\/463372"}],"wp:featuredmedia":[{"embeddable":true,"href":"https:\/\/primermomento.com\/index.php?rest_route=\/wp\/v2\/media\/463371"}],"wp:attachment":[{"href":"https:\/\/primermomento.com\/index.php?rest_route=%2Fwp%2Fv2%2Fmedia&parent=463370"}],"wp:term":[{"taxonomy":"category","embeddable":true,"href":"https:\/\/primermomento.com\/index.php?rest_route=%2Fwp%2Fv2%2Fcategories&post=463370"},{"taxonomy":"post_tag","embeddable":true,"href":"https:\/\/primermomento.com\/index.php?rest_route=%2Fwp%2Fv2%2Ftags&post=463370"}],"curies":[{"name":"wp","href":"https:\/\/api.w.org\/{rel}","templated":true}]}}