{"id":463374,"date":"2026-03-25T06:25:06","date_gmt":"2026-03-25T10:25:06","guid":{"rendered":"https:\/\/primermomento.com\/?p=463374"},"modified":"2026-03-25T06:25:06","modified_gmt":"2026-03-25T10:25:06","slug":"pide-que-efectos-de-crisis-economica-en-rd-no-los-pague-el-pueblo-sino-los-millonarios","status":"publish","type":"post","link":"https:\/\/primermomento.com\/?p=463374","title":{"rendered":"Pide que efectos de crisis econ\u00f3mica en RD no los pague el pueblo, sino los millonarios"},"content":{"rendered":"<p><strong><em>Por <span style=\"color: #ff0000;\">Ram\u00f3n Mercedes<\/span><\/em><\/strong><\/p>\n<p>Nueva York, EEUU.- El vocero del Movimiento Resistencia y Solidaridad (RESO) en esta ciudad, Luis Mayobanex Rodr\u00edguez, pidi\u00f3 que la crisis econ\u00f3mica en la Rep\u00fablica Dominicana no la debe pagar el pueblo, sino los millonarios.<\/p>\n<p>Ante la crisis econ\u00f3mica que se registra a nivel internacional, generada por Estados Unidos e Israel contra Ir\u00e1n, el presidente Luis Abinader, en un discurso a la naci\u00f3n, anunci\u00f3 algunas medidas con las cuales pretende paliar los efectos de la misma en dominicana.<\/p>\n<p>El presidente muestra m\u00e1s intenci\u00f3n y aspiraci\u00f3n que claridad y alcance en los pasos concretos con los cuales enfrentar\u00e1 el \u201cchoque externo\u201d que podr\u00eda desestabilizar la estabilidad socioecon\u00f3mica del pa\u00eds, que su gobierno promueve.<\/p>\n<p>Es poco lo que se puede esperar en perspectiva de un uso m\u00e1s positivo y productivo del gasto p\u00fablico, sostiene el dirigente pol\u00edtico y comunitario.<\/p>\n<p>En lo dicho por Abinader, queda impl\u00edcita su voluntad de preservar su inmensa y holgazana burocracia dependiente del Estado, as\u00ed como el multimillonario gasto en publicidad, que alcanza los RD$8,000 millones al a\u00f1o; ambas fuentes de gasto p\u00fablico est\u00e1n asociadas a las aspiraciones electorales continuistas de su grupo al interior del Partido Revolucionario Moderno (PRM).<\/p>\n<p>En esta circunstancia, se justifica a\u00fan m\u00e1s el reclamo de producir un cambio real en la pol\u00edtica fiscal que ha predominado en nuestro pa\u00eds, la cual, buscando proteger y aumentar las riquezas de las \u00e9lites, se centra en el consumo y no en el ingreso.<\/p>\n<p>Circunstancias como la actual colocan de nuevo en el debate pol\u00edtico nacional la discusi\u00f3n sobre la viabilidad o no de la Ley 33-18, que regula el financiamiento de los partidos pol\u00edticos.<\/p>\n<p>Producto de esta ley, el Estado dominicano entreg\u00f3 a estas cuestionadas instituciones 5,041.6 millones de pesos para \u201cfinanciar\u201d su proselitismo durante las elecciones municipales, congresuales y presidenciales de 2024.<\/p>\n<p>A esto se suma un \u201cCongreso Nacional excesivamente caro, que gasta miles de millones de pesos en el barrilito, gastos de representaci\u00f3n, dietas, gratificaciones, bonificaciones y sobresueldos a los legisladores\u201d.<\/p>\n<p>Aunque los dominicanos emigrados cuentan poco para el actual gobierno, procede reclamar la apertura de una mesa de di\u00e1logo y consulta entre el gobierno y la di\u00e1spora, donde se busquen posibles iniciativas que, de alguna manera, puedan beneficiar a nuestros connacionales en ultramar.<\/p>\n<p>Crisis, hay que repetir, que ha sido generada por EE. UU. e Israel, socios pol\u00edticos de Abinader, no, como \u00e9l insinu\u00f3 en su discurso, por quienes pretende cerrar el estrecho de Ormuz.<\/p>\n<p>En fin, no debemos permitir que este gobierno contin\u00fae reclamando al pueblo apretarse el cintur\u00f3n, mientras la clase social que representa incrementa sus niveles de riqueza en medio de la crisis.<\/p>\n<p>Es imperativo, por tanto, que se redefina la estructura fiscal, de manera que los m\u00e1s poderosos contribuyan de forma proporcional a su riqueza, evitando que las cargas recaigan sobre la poblaci\u00f3n m\u00e1s vulnerable.<\/p>\n","protected":false},"excerpt":{"rendered":"<p>Por Ram\u00f3n Mercedes Nueva York, EEUU.- El vocero del Movimiento Resistencia y Solidaridad (RESO) en esta ciudad, Luis Mayobanex Rodr\u00edguez, pidi\u00f3 que la crisis econ\u00f3mica en la Rep\u00fablica Dominicana no la debe pagar el pueblo, sino los millonarios. Ante la crisis econ\u00f3mica que se registra a nivel internacional, generada por Estados Unidos e Israel contra [&hellip;]<\/p>\n","protected":false},"author":1,"featured_media":450921,"comment_status":"open","ping_status":"open","sticky":false,"template":"","format":"standard","meta":{"_bbp_topic_count":0,"_bbp_reply_count":0,"_bbp_total_topic_count":0,"_bbp_total_reply_count":0,"_bbp_voice_count":0,"_bbp_anonymous_reply_count":0,"_bbp_topic_count_hidden":0,"_bbp_reply_count_hidden":0,"_bbp_forum_subforum_count":0,"footnotes":""},"categories":[31],"tags":[],"class_list":{"0":"post-463374","1":"post","2":"type-post","3":"status-publish","4":"format-standard","5":"has-post-thumbnail","7":"category-estados-unidos"},"_links":{"self":[{"href":"https:\/\/primermomento.com\/index.php?rest_route=\/wp\/v2\/posts\/463374","targetHints":{"allow":["GET"]}}],"collection":[{"href":"https:\/\/primermomento.com\/index.php?rest_route=\/wp\/v2\/posts"}],"about":[{"href":"https:\/\/primermomento.com\/index.php?rest_route=\/wp\/v2\/types\/post"}],"author":[{"embeddable":true,"href":"https:\/\/primermomento.com\/index.php?rest_route=\/wp\/v2\/users\/1"}],"replies":[{"embeddable":true,"href":"https:\/\/primermomento.com\/index.php?rest_route=%2Fwp%2Fv2%2Fcomments&post=463374"}],"version-history":[{"count":1,"href":"https:\/\/primermomento.com\/index.php?rest_route=\/wp\/v2\/posts\/463374\/revisions"}],"predecessor-version":[{"id":463375,"href":"https:\/\/primermomento.com\/index.php?rest_route=\/wp\/v2\/posts\/463374\/revisions\/463375"}],"wp:featuredmedia":[{"embeddable":true,"href":"https:\/\/primermomento.com\/index.php?rest_route=\/wp\/v2\/media\/450921"}],"wp:attachment":[{"href":"https:\/\/primermomento.com\/index.php?rest_route=%2Fwp%2Fv2%2Fmedia&parent=463374"}],"wp:term":[{"taxonomy":"category","embeddable":true,"href":"https:\/\/primermomento.com\/index.php?rest_route=%2Fwp%2Fv2%2Fcategories&post=463374"},{"taxonomy":"post_tag","embeddable":true,"href":"https:\/\/primermomento.com\/index.php?rest_route=%2Fwp%2Fv2%2Ftags&post=463374"}],"curies":[{"name":"wp","href":"https:\/\/api.w.org\/{rel}","templated":true}]}}