{"id":463407,"date":"2026-03-25T06:31:37","date_gmt":"2026-03-25T10:31:37","guid":{"rendered":"https:\/\/primermomento.com\/?p=463407"},"modified":"2026-03-25T11:26:11","modified_gmt":"2026-03-25T15:26:11","slug":"iran-atribuye-impacto-en-economia-global-a-guerra-ilegal-de-eeuu","status":"publish","type":"post","link":"https:\/\/primermomento.com\/?p=463407","title":{"rendered":"Ir\u00e1n atribuye impacto en econom\u00eda global a guerra \u201cilegal\u201d de EEUU"},"content":{"rendered":"<p><iframe loading=\"lazy\" title=\"Ir\u00e1n responde al plan de paz de Trump: &quot;No llames acuerdo a tu derrota&quot;\" width=\"696\" height=\"392\" src=\"https:\/\/www.youtube.com\/embed\/BhZbbDHL0PY?start=4&#038;feature=oembed\" frameborder=\"0\" allow=\"accelerometer; autoplay; clipboard-write; encrypted-media; gyroscope; picture-in-picture; web-share\" referrerpolicy=\"strict-origin-when-cross-origin\" allowfullscreen><\/iframe><\/p>\n<p><strong><em>Por <span style=\"color: #ff0000;\">Prensa Latina<\/span><\/em><\/strong><\/p>\n<p>Teher\u00e1n, IR\u00c1N.- Ir\u00e1n afirm\u00f3 hoy que las repercusiones negativas sobre la econom\u00eda mundial son consecuencia directa de la guerra que calific\u00f3 de \u201ctemeraria e ilegal\u201d, librada por Estados Unidos e Israel contra su territorio y la regi\u00f3n.<\/p>\n<div class=\"elementor-element elementor-element-0aea3a0 elementor-widget elementor-widget-theme-post-content\" data-id=\"0aea3a0\" data-element_type=\"widget\" data-e-type=\"widget\" data-widget_type=\"theme-post-content.default\">\n<div class=\"elementor-widget-container\">\n<p>El portavoz del Ministerio de Asuntos Exteriores, Esmail Baghaei, declar\u00f3 al canal indio India Today que el deterioro econ\u00f3mico global tras el inicio del conflicto \u201cno es responsabilidad de la naci\u00f3n persa\u201d, sino resultado de las acciones de Washington y Tel Aviv.<\/p>\n<p><img loading=\"lazy\" decoding=\"async\" class=\"size-medium wp-image-463408 alignleft\" src=\"https:\/\/primermomento.com\/wp-content\/uploads\/2026\/03\/Iran-exteriores-declaracion-1-300x169.jpg\" alt=\"\" width=\"300\" height=\"169\" srcset=\"https:\/\/primermomento.com\/wp-content\/uploads\/2026\/03\/Iran-exteriores-declaracion-1-300x169.jpg 300w, https:\/\/primermomento.com\/wp-content\/uploads\/2026\/03\/Iran-exteriores-declaracion-1-768x432.jpg 768w, https:\/\/primermomento.com\/wp-content\/uploads\/2026\/03\/Iran-exteriores-declaracion-1-696x392.jpg 696w, https:\/\/primermomento.com\/wp-content\/uploads\/2026\/03\/Iran-exteriores-declaracion-1.jpg 1020w\" sizes=\"auto, (max-width: 300px) 100vw, 300px\" \/>Entendemos que lo que ocurre en nuestra regi\u00f3n afecta a la econom\u00eda global, pero no es culpa nuestra. Mientras ustedes se preocupan por los precios del petr\u00f3leo y los alimentos, nosotros nos preocupamos por la vida de nuestros ciudadanos\u201d, afirm\u00f3.<\/p>\n<p>Baghaei subray\u00f3 que los efectos econ\u00f3micos internacionales derivan directamente de la ofensiva militar iniciada el 28 de febrero, y acus\u00f3 a ambas naciones de imponer una guerra que afecta no solo a Ir\u00e1n, sino a toda la regi\u00f3n.<\/p>\n<p>En relaci\u00f3n con declaraciones del presidente estadounidense, Donald Trump, sobre supuestas conversaciones bilaterales, el vocero iran\u00ed neg\u00f3 la existencia de negociaciones y cuestion\u00f3 la credibilidad de Washington en materia diplom\u00e1tica.<\/p>\n<p>Fuimos atacados mientras negoci\u00e1bamos para resolver el problema nuclear. Esto constituye una traici\u00f3n a la diplomacia, sostuvo, al tiempo que asegur\u00f3 que no existe confianza en los compromisos estadounidenses.<\/p>\n<p>Las afirmaciones iran\u00edes se producen en medio de versiones contrapuestas, luego de que Trump asegurara haber mantenido contactos \u201cproductivos\u201d con Teher\u00e1n y anunciara una pausa temporal en ataques contra infraestructuras energ\u00e9ticas iran\u00edes, lo cual fue desmentido por autoridades del pa\u00eds persa.<\/p>\n<\/div>\n<\/div>\n<div class=\"elementor-element elementor-element-4f75016 elementor-widget elementor-widget-post-info\" data-id=\"4f75016\" data-element_type=\"widget\" data-e-type=\"widget\" data-widget_type=\"post-info.default\">\n<div class=\"elementor-widget-container\">\n<ul class=\"elementor-inline-items elementor-icon-list-items elementor-post-info\">\n<li class=\"elementor-icon-list-item elementor-repeater-item-17dda3e elementor-inline-item\"><em><span class=\"elementor-icon-list-text elementor-post-info__item elementor-post-info__item--type-custom\">#<a href=\"https:\/\/primermomento.com\/?p=463407\" rel=\"tag\">eeuu<\/a>\u00a0#<a href=\"https:\/\/primermomento.com\/?p=463407\" rel=\"tag\">guerra<\/a><\/span><\/em><\/li>\n<\/ul>\n<\/div>\n<\/div>\n","protected":false},"excerpt":{"rendered":"<p>Por Prensa Latina Teher\u00e1n, IR\u00c1N.- Ir\u00e1n afirm\u00f3 hoy que las repercusiones negativas sobre la econom\u00eda mundial son consecuencia directa de la guerra que calific\u00f3 de \u201ctemeraria e ilegal\u201d, librada por Estados Unidos e Israel contra su territorio y la regi\u00f3n. El portavoz del Ministerio de Asuntos Exteriores, Esmail Baghaei, declar\u00f3 al canal indio India Today [&hellip;]<\/p>\n","protected":false},"author":1,"featured_media":463408,"comment_status":"open","ping_status":"open","sticky":false,"template":"","format":"video","meta":{"_bbp_topic_count":0,"_bbp_reply_count":0,"_bbp_total_topic_count":0,"_bbp_total_reply_count":0,"_bbp_voice_count":0,"_bbp_anonymous_reply_count":0,"_bbp_topic_count_hidden":0,"_bbp_reply_count_hidden":0,"_bbp_forum_subforum_count":0,"footnotes":""},"categories":[61,106],"tags":[],"class_list":{"0":"post-463407","1":"post","2":"type-post","3":"status-publish","4":"format-video","5":"has-post-thumbnail","7":"category-mundo","8":"category-video-news","9":"post_format-post-format-video"},"_links":{"self":[{"href":"https:\/\/primermomento.com\/index.php?rest_route=\/wp\/v2\/posts\/463407","targetHints":{"allow":["GET"]}}],"collection":[{"href":"https:\/\/primermomento.com\/index.php?rest_route=\/wp\/v2\/posts"}],"about":[{"href":"https:\/\/primermomento.com\/index.php?rest_route=\/wp\/v2\/types\/post"}],"author":[{"embeddable":true,"href":"https:\/\/primermomento.com\/index.php?rest_route=\/wp\/v2\/users\/1"}],"replies":[{"embeddable":true,"href":"https:\/\/primermomento.com\/index.php?rest_route=%2Fwp%2Fv2%2Fcomments&post=463407"}],"version-history":[{"count":2,"href":"https:\/\/primermomento.com\/index.php?rest_route=\/wp\/v2\/posts\/463407\/revisions"}],"predecessor-version":[{"id":463411,"href":"https:\/\/primermomento.com\/index.php?rest_route=\/wp\/v2\/posts\/463407\/revisions\/463411"}],"wp:featuredmedia":[{"embeddable":true,"href":"https:\/\/primermomento.com\/index.php?rest_route=\/wp\/v2\/media\/463408"}],"wp:attachment":[{"href":"https:\/\/primermomento.com\/index.php?rest_route=%2Fwp%2Fv2%2Fmedia&parent=463407"}],"wp:term":[{"taxonomy":"category","embeddable":true,"href":"https:\/\/primermomento.com\/index.php?rest_route=%2Fwp%2Fv2%2Fcategories&post=463407"},{"taxonomy":"post_tag","embeddable":true,"href":"https:\/\/primermomento.com\/index.php?rest_route=%2Fwp%2Fv2%2Ftags&post=463407"}],"curies":[{"name":"wp","href":"https:\/\/api.w.org\/{rel}","templated":true}]}}