{"id":463412,"date":"2026-03-25T11:25:53","date_gmt":"2026-03-25T15:25:53","guid":{"rendered":"https:\/\/primermomento.com\/?p=463412"},"modified":"2026-03-25T14:33:13","modified_gmt":"2026-03-25T18:33:13","slug":"abinader-se-reune-con-empresarios-franceses-busca-nuevas-inversiones-de-capital","status":"publish","type":"post","link":"https:\/\/primermomento.com\/?p=463412","title":{"rendered":"Abinader se re\u00fane con empresarios franceses; busca nuevas inversiones de capital"},"content":{"rendered":"<p dir=\"ltr\"><strong><em>Por <span style=\"color: #ff0000;\">Servicios de Primermomento.com<\/span><\/em><\/strong><\/p>\n<p dir=\"ltr\">Par\u00eds, FRANCIA.- El presidente Luis Abinader\u00a0sostuvo este mi\u00e9rcoles un\u00a0encuentro estrat\u00e9gico con l\u00edderes empresariales franceses,\u00a0con el prop\u00f3sito de fortalecer los v\u00ednculos comerciales entre la Rep\u00fablica Dominicana y Francia y captar\u00a0nuevas inversiones\u00a0que permitan adem\u00e1s, diversificar la\u00a0matriz productiva nacional.<\/p>\n<p dir=\"ltr\">El mandatario present\u00f3 al pa\u00eds como una econom\u00eda abierta, segura y con una\u00a0estabilidad democr\u00e1tica y jur\u00eddica\u00a0que garantiza un\u00a0clima de negocios favorable\u00a0en la regi\u00f3n.<\/p>\n<p dir=\"ltr\">De su lado,\u00a0inversionistas franceses que ya tienen presencia en el pa\u00eds,\u00a0resaltaron el crecimiento econ\u00f3mico constante y catalogan a la Rep\u00fablica Dominicana como su\u00a0principal destino de inversi\u00f3n en la regi\u00f3n del Caribe, apreciando las facilidades para el desarrollo de proyectos, asumiendo compromisos a largo plazo y manteniendo la mira en inversiones futuras debido a los excelentes resultados obtenidos.<\/p>\n<p dir=\"ltr\">Mientras,\u00a0nuevas firmas mostraron un inter\u00e9s directo\u00a0en participar en futuras licitaciones y proyectos.<\/p>\n<p dir=\"ltr\">El di\u00e1logo tuvo lugar en el marco de una\u00a0agenda oficial en Par\u00eds\u00a0y estuvo organizado por\u00a0Medef International, la principal red de inversi\u00f3n privada de Francia.<\/p>\n<p dir=\"ltr\">Durante la reuni\u00f3n, que se produjo tras el\u00a0exitoso encuentro\u00a0sostenido el pasado martes 24 con el\u00a0mandatario franc\u00e9s Emmanuel Macron, el presidente Abinader reafirm\u00f3 la\u00a0confianza mutua\u00a0y las\u00a0s\u00f3lidas relaciones bilaterales.<\/p>\n<p dir=\"ltr\">Asimismo, enfatiz\u00f3 que el\u00a0crecimiento del sector privado\u00a0es imprescindible para el\u00a0desarrollo de las naciones\u00a0y reiter\u00f3 su compromiso de seguir creando condiciones atractivas que generen beneficios mutuos.<\/p>\n<p dir=\"ltr\">\u00abSomos un pa\u00eds que brinda seguridad real a los inversionistas. Nuestra meta es abrir m\u00e1s puertas y diversificar las oportunidades para que el capital franc\u00e9s cuente con un socio confiable en el Caribe\u00bb,\u00a0afirm\u00f3 el mandatario.<\/p>\n<p dir=\"ltr\">En este sentido, el presidente Abinader destac\u00f3 que Rep\u00fablica Dominicana se ha posicionado como un\u00a0referente regional\u00a0al superar los\u00a05,000 millones de d\u00f3lares en inversi\u00f3n extranjera directa (IED) para el a\u00f1o 2025, una\u00a0cifra r\u00e9cord\u00a0que consolida al pa\u00eds como destino de inversi\u00f3n.<\/p>\n<p dir=\"ltr\"><strong>Sectores estrat\u00e9gicos para la colaboraci\u00f3n<\/strong><\/p>\n<p dir=\"ltr\">Entre las \u00e1reas estrat\u00e9gicas presentadas por el Gobierno dominicano para la captaci\u00f3n de nuevas inversiones, figuran el\u00a0transporte masivo\u00a0(que ya cuenta con\u00a0financiamiento de empresas francesas),\u00a0energ\u00edas renovables, infraestructuras, la Rep\u00fablica Dominicana como\u00a0hub log\u00edstico, ensamblaje de\u00a0barcos,\u00a0soluciones digitales\u00a0para optimizar las operaciones del sector p\u00fablico,\u00a0semiconductores y defensa.<\/p>\n<p dir=\"ltr\">El mandatario tambi\u00e9n resalt\u00f3 el papel fundamental de la embajadora francesa en el pa\u00eds,\u00a0Sonia Barney, como\u00a0canalizadora clave\u00a0de estas inversiones, asegurando que existe un\u00a0precedente hist\u00f3rico\u00a0de colaboraci\u00f3n entre ambos pa\u00edses que sirve como base para continuar en un\u00a0trayecto pr\u00f3spero.<\/p>\n","protected":false},"excerpt":{"rendered":"<p>Por Servicios de Primermomento.com Par\u00eds, FRANCIA.- El presidente Luis Abinader\u00a0sostuvo este mi\u00e9rcoles un\u00a0encuentro estrat\u00e9gico con l\u00edderes empresariales franceses,\u00a0con el prop\u00f3sito de fortalecer los v\u00ednculos comerciales entre la Rep\u00fablica Dominicana y Francia y captar\u00a0nuevas inversiones\u00a0que permitan adem\u00e1s, diversificar la\u00a0matriz productiva nacional. El mandatario present\u00f3 al pa\u00eds como una econom\u00eda abierta, segura y con una\u00a0estabilidad democr\u00e1tica y [&hellip;]<\/p>\n","protected":false},"author":1,"featured_media":463413,"comment_status":"open","ping_status":"open","sticky":false,"template":"","format":"standard","meta":{"_bbp_topic_count":0,"_bbp_reply_count":0,"_bbp_total_topic_count":0,"_bbp_total_reply_count":0,"_bbp_voice_count":0,"_bbp_anonymous_reply_count":0,"_bbp_topic_count_hidden":0,"_bbp_reply_count_hidden":0,"_bbp_forum_subforum_count":0,"footnotes":""},"categories":[35],"tags":[],"class_list":{"0":"post-463412","1":"post","2":"type-post","3":"status-publish","4":"format-standard","5":"has-post-thumbnail","7":"category-economia"},"_links":{"self":[{"href":"https:\/\/primermomento.com\/index.php?rest_route=\/wp\/v2\/posts\/463412","targetHints":{"allow":["GET"]}}],"collection":[{"href":"https:\/\/primermomento.com\/index.php?rest_route=\/wp\/v2\/posts"}],"about":[{"href":"https:\/\/primermomento.com\/index.php?rest_route=\/wp\/v2\/types\/post"}],"author":[{"embeddable":true,"href":"https:\/\/primermomento.com\/index.php?rest_route=\/wp\/v2\/users\/1"}],"replies":[{"embeddable":true,"href":"https:\/\/primermomento.com\/index.php?rest_route=%2Fwp%2Fv2%2Fcomments&post=463412"}],"version-history":[{"count":1,"href":"https:\/\/primermomento.com\/index.php?rest_route=\/wp\/v2\/posts\/463412\/revisions"}],"predecessor-version":[{"id":463414,"href":"https:\/\/primermomento.com\/index.php?rest_route=\/wp\/v2\/posts\/463412\/revisions\/463414"}],"wp:featuredmedia":[{"embeddable":true,"href":"https:\/\/primermomento.com\/index.php?rest_route=\/wp\/v2\/media\/463413"}],"wp:attachment":[{"href":"https:\/\/primermomento.com\/index.php?rest_route=%2Fwp%2Fv2%2Fmedia&parent=463412"}],"wp:term":[{"taxonomy":"category","embeddable":true,"href":"https:\/\/primermomento.com\/index.php?rest_route=%2Fwp%2Fv2%2Fcategories&post=463412"},{"taxonomy":"post_tag","embeddable":true,"href":"https:\/\/primermomento.com\/index.php?rest_route=%2Fwp%2Fv2%2Ftags&post=463412"}],"curies":[{"name":"wp","href":"https:\/\/api.w.org\/{rel}","templated":true}]}}