{"id":463466,"date":"2026-03-26T08:00:29","date_gmt":"2026-03-26T12:00:29","guid":{"rendered":"https:\/\/primermomento.com\/?p=463466"},"modified":"2026-03-26T10:03:47","modified_gmt":"2026-03-26T14:03:47","slug":"partido-dominicano-apd-llama-a-fortalecer-la-unidad-latinoamericana","status":"publish","type":"post","link":"https:\/\/primermomento.com\/?p=463466","title":{"rendered":"Partido dominicano APD llama a fortalecer la unidad latinoamericana"},"content":{"rendered":"<p><strong><em>Por <span style=\"color: #ff0000;\">Prensa Latina<\/span><\/em><\/strong><\/p>\n<p>MONTECRISTI, Rep\u00fablica Dominicana.- El partido dominicano Alianza por la Democracia (APD), encabezado por Max Puig, llam\u00f3 hoy a fortalecer la integraci\u00f3n regional y la solidaridad caribe\u00f1a, en el marco del 131 aniversario de la firma del hist\u00f3rico Manifiesto de Montecristi.<\/p>\n<div class=\"elementor-element elementor-element-0aea3a0 elementor-widget elementor-widget-theme-post-content\" data-id=\"0aea3a0\" data-element_type=\"widget\" data-e-type=\"widget\" data-widget_type=\"theme-post-content.default\">\n<div class=\"elementor-widget-container\">\n<p>El pronunciamiento de la APD se produjo en respaldo al acto organizado por la Campa\u00f1a Nacional de Solidaridad del Pueblo Dominicano, que conmemor\u00f3 este 25 de marzo la firma del documento que en 1895 uni\u00f3 al pr\u00f3cer cubano Jos\u00e9 Mart\u00ed y al general dominicano M\u00e1ximo G\u00f3mez.<\/p>\n<p>Para la organizaci\u00f3n, este hecho no solo marc\u00f3 el inicio de la guerra de independencia cubana, sino que tambi\u00e9n dej\u00f3 un legado de lucha por la libertad y la justicia social que mantiene plena vigencia.<\/p>\n<p>A trav\u00e9s de una declaraci\u00f3n p\u00fablica, el soci\u00f3logo y dirigente pol\u00edtico Max Puig enfatiz\u00f3 que la unidad latinoamericana constituye hoy una necesidad estrat\u00e9gica, ante el riesgo de que los pa\u00edses de la regi\u00f3n sean utilizados como \u201cinstrumentos de intereses ajenos\u201d en un escenario internacional dominado por las grandes potencias.<\/p>\n<p>\u201cCorresponde a nuestros pa\u00edses profundizar en su integraci\u00f3n. El 25 de marzo es una fecha cumbre en la historia de nuestra unidad\u201d, se\u00f1al\u00f3 el documento emitido por la APD.<\/p>\n<p>El Manifiesto de Montecristi, redactado por Mart\u00ed en suelo dominicano, es considerado uno de los textos pol\u00edticos m\u00e1s avanzados de su \u00e9poca, al proponer una rep\u00fablica inclusiva y libre de prejuicios raciales, consider\u00f3.<\/p>\n<p>La APD reivindic\u00f3 asimismo la figura de G\u00f3mez como s\u00edmbolo del internacionalismo dominicano y de la capacidad de ambos pueblos para forjar un destino com\u00fan.<\/p>\n<p>Concluy\u00f3 que promover la paz y la solidaridad con la isla caribe\u00f1a constituye la mejor forma de honrar la memoria de los libertadores que, hace m\u00e1s de un siglo, comprendieron la importancia de una regi\u00f3n unida y soberana.<\/p>\n<\/div>\n<\/div>\n<div class=\"elementor-element elementor-element-4f75016 elementor-widget elementor-widget-post-info\" data-id=\"4f75016\" data-element_type=\"widget\" data-e-type=\"widget\" data-widget_type=\"post-info.default\">\n<div class=\"elementor-widget-container\">\n<ul class=\"elementor-inline-items elementor-icon-list-items elementor-post-info\">\n<li class=\"elementor-icon-list-item elementor-repeater-item-17dda3e elementor-inline-item\"><span class=\"elementor-icon-list-text elementor-post-info__item elementor-post-info__item--type-custom\">#<em><a href=\"https:\/\/primermomento.com\/?p=463466\" rel=\"tag\">cuba<\/a><\/em><\/span><\/li>\n<\/ul>\n<\/div>\n<\/div>\n","protected":false},"excerpt":{"rendered":"<p>Por Prensa Latina MONTECRISTI, Rep\u00fablica Dominicana.- El partido dominicano Alianza por la Democracia (APD), encabezado por Max Puig, llam\u00f3 hoy a fortalecer la integraci\u00f3n regional y la solidaridad caribe\u00f1a, en el marco del 131 aniversario de la firma del hist\u00f3rico Manifiesto de Montecristi. El pronunciamiento de la APD se produjo en respaldo al acto organizado [&hellip;]<\/p>\n","protected":false},"author":1,"featured_media":463467,"comment_status":"open","ping_status":"open","sticky":false,"template":"","format":"standard","meta":{"_bbp_topic_count":0,"_bbp_reply_count":0,"_bbp_total_topic_count":0,"_bbp_total_reply_count":0,"_bbp_voice_count":0,"_bbp_anonymous_reply_count":0,"_bbp_topic_count_hidden":0,"_bbp_reply_count_hidden":0,"_bbp_forum_subforum_count":0,"footnotes":""},"categories":[31],"tags":[],"class_list":{"0":"post-463466","1":"post","2":"type-post","3":"status-publish","4":"format-standard","5":"has-post-thumbnail","7":"category-estados-unidos"},"_links":{"self":[{"href":"https:\/\/primermomento.com\/index.php?rest_route=\/wp\/v2\/posts\/463466","targetHints":{"allow":["GET"]}}],"collection":[{"href":"https:\/\/primermomento.com\/index.php?rest_route=\/wp\/v2\/posts"}],"about":[{"href":"https:\/\/primermomento.com\/index.php?rest_route=\/wp\/v2\/types\/post"}],"author":[{"embeddable":true,"href":"https:\/\/primermomento.com\/index.php?rest_route=\/wp\/v2\/users\/1"}],"replies":[{"embeddable":true,"href":"https:\/\/primermomento.com\/index.php?rest_route=%2Fwp%2Fv2%2Fcomments&post=463466"}],"version-history":[{"count":1,"href":"https:\/\/primermomento.com\/index.php?rest_route=\/wp\/v2\/posts\/463466\/revisions"}],"predecessor-version":[{"id":463468,"href":"https:\/\/primermomento.com\/index.php?rest_route=\/wp\/v2\/posts\/463466\/revisions\/463468"}],"wp:featuredmedia":[{"embeddable":true,"href":"https:\/\/primermomento.com\/index.php?rest_route=\/wp\/v2\/media\/463467"}],"wp:attachment":[{"href":"https:\/\/primermomento.com\/index.php?rest_route=%2Fwp%2Fv2%2Fmedia&parent=463466"}],"wp:term":[{"taxonomy":"category","embeddable":true,"href":"https:\/\/primermomento.com\/index.php?rest_route=%2Fwp%2Fv2%2Fcategories&post=463466"},{"taxonomy":"post_tag","embeddable":true,"href":"https:\/\/primermomento.com\/index.php?rest_route=%2Fwp%2Fv2%2Ftags&post=463466"}],"curies":[{"name":"wp","href":"https:\/\/api.w.org\/{rel}","templated":true}]}}