{"id":463618,"date":"2026-03-28T11:38:13","date_gmt":"2026-03-28T15:38:13","guid":{"rendered":"https:\/\/primermomento.com\/?p=463618"},"modified":"2026-03-30T10:57:30","modified_gmt":"2026-03-30T14:57:30","slug":"debate-en-dominicana-por-medidas-economicas-ante-crisis-internacional","status":"publish","type":"post","link":"https:\/\/primermomento.com\/?p=463618","title":{"rendered":"Debate en Dominicana por medidas econ\u00f3micas ante crisis internacional"},"content":{"rendered":"<p><strong><em>Por <span style=\"color: #ff0000;\">Prensa Latina<\/span><\/em><\/strong><\/p>\n<p>SANTO DOMINGO, Rep\u00fablica Dominicana.- El debate en torno a las medidas econ\u00f3micas anunciadas por el Gobierno dominicano para enfrentar el impacto del conflicto en Medio Oriente marc\u00f3 la semana noticiosa y prosigue hoy con posiciones encontradas entre sectores pol\u00edticos, econ\u00f3micos y sociales.<\/p>\n<div class=\"elementor-element elementor-element-0aea3a0 elementor-widget elementor-widget-theme-post-content\" data-id=\"0aea3a0\" data-element_type=\"widget\" data-widget_type=\"theme-post-content.default\">\n<div class=\"elementor-widget-container\">\n<p>El mandatario Luis Abinader explic\u00f3 que la naci\u00f3n enfrenta un \u201cchoque externo de gran magnitud\u201d por el alza internacional del petr\u00f3leo, lo que obligar\u00e1 a aplicar ajustes graduales en tarifas el\u00e9ctricas, transporte y algunos alimentos para preservar la estabilidad macroecon\u00f3mica.<\/p>\n<p>Asegur\u00f3 que el Gobierno asumir\u00e1 gran parte del impacto mediante subsidios a combustibles, fertilizantes y programas sociales, adem\u00e1s de proteger a los sectores m\u00e1s vulnerables.<\/p>\n<p>Sin embargo, organizaciones pol\u00edticas como el opositor Partido de la Liberaci\u00f3n Dominicana (PLD) y el Frente Amplio (FA) cuestionaron las medidas, al considerar que trasladan una carga excesiva a la poblaci\u00f3n.<\/p>\n<p>El PLD propuso un plan nacional de austeridad para reducir gastos estatales no prioritarios, mientras el FA critic\u00f3 los aumentos en los combustibles y advirti\u00f3 sobre su impacto en el costo de la vida.<\/p>\n<p>Desde la sociedad civil, entidades como el Consejo Dominicano de Unidad Evang\u00e9lica (Codue) llamaron a la prudencia y al ahorro, aunque alertaron que la clase media ser\u00e1 una de las m\u00e1s afectadas.<\/p>\n<p>En tanto, el Observatorio para la Protecci\u00f3n del Consumidor (Onpeco) sugiri\u00f3 congelar temporalmente los impuestos a los combustibles para aliviar la presi\u00f3n sobre los precios.<\/p>\n<p>Por su parte, sectores productivos como la industria de la harina y los productores agropecuarios advirtieron posibles incrementos en sus productos debido al encarecimiento de insumos, aunque valoraron medidas como el subsidio a fertilizantes y pidieron pol\u00edticas m\u00e1s integrales para sostener la producci\u00f3n nacional.<\/p>\n<p>El Gobierno insisti\u00f3 en que la econom\u00eda dominicana se mantiene s\u00f3lida y que las medidas buscan evitar un mayor deterioro fiscal, en un contexto en el que el pa\u00eds importa la totalidad de los combustibles que consume.<\/p>\n<p>No obstante, la oposici\u00f3n y diversos sectores coinciden en que la coyuntura requiere respuestas m\u00e1s estructurales para reducir la dependencia externa y proteger el poder adquisitivo de la poblaci\u00f3n.<\/p>\n<\/div>\n<\/div>\n<div class=\"elementor-element elementor-element-4f75016 elementor-widget elementor-widget-post-info\" data-id=\"4f75016\" data-element_type=\"widget\" data-widget_type=\"post-info.default\">\n<div class=\"elementor-widget-container\">\n<ul class=\"elementor-inline-items elementor-icon-list-items elementor-post-info\">\n<li class=\"elementor-icon-list-item elementor-repeater-item-17dda3e elementor-inline-item\"><em><span class=\"elementor-icon-list-text elementor-post-info__item elementor-post-info__item--type-custom\">#<a href=\"https:\/\/primermomento.com\/?p=463618\" rel=\"tag\">CODUE<\/a>\u00a0#<a href=\"https:\/\/primermomento.com\/?p=463618\" rel=\"tag\">debate<\/a>\u00a0#<a href=\"https:\/\/primermomento.com\/?p=463618\" rel=\"tag\">FA<\/a>\u00a0#<a href=\"https:\/\/primermomento.com\/?p=463618\" rel=\"tag\">Onpeco<\/a>\u00a0#<a href=\"https:\/\/primermomento.com\/?p=463618\" rel=\"tag\">pld<\/a><\/span><\/em><\/li>\n<\/ul>\n<\/div>\n<\/div>\n","protected":false},"excerpt":{"rendered":"<p>Por Prensa Latina SANTO DOMINGO, Rep\u00fablica Dominicana.- El debate en torno a las medidas econ\u00f3micas anunciadas por el Gobierno dominicano para enfrentar el impacto del conflicto en Medio Oriente marc\u00f3 la semana noticiosa y prosigue hoy con posiciones encontradas entre sectores pol\u00edticos, econ\u00f3micos y sociales. El mandatario Luis Abinader explic\u00f3 que la naci\u00f3n enfrenta un [&hellip;]<\/p>\n","protected":false},"author":1,"featured_media":463296,"comment_status":"open","ping_status":"open","sticky":false,"template":"","format":"standard","meta":{"_bbp_topic_count":0,"_bbp_reply_count":0,"_bbp_total_topic_count":0,"_bbp_total_reply_count":0,"_bbp_voice_count":0,"_bbp_anonymous_reply_count":0,"_bbp_topic_count_hidden":0,"_bbp_reply_count_hidden":0,"_bbp_forum_subforum_count":0,"footnotes":""},"categories":[31],"tags":[],"class_list":{"0":"post-463618","1":"post","2":"type-post","3":"status-publish","4":"format-standard","5":"has-post-thumbnail","7":"category-estados-unidos"},"_links":{"self":[{"href":"https:\/\/primermomento.com\/index.php?rest_route=\/wp\/v2\/posts\/463618","targetHints":{"allow":["GET"]}}],"collection":[{"href":"https:\/\/primermomento.com\/index.php?rest_route=\/wp\/v2\/posts"}],"about":[{"href":"https:\/\/primermomento.com\/index.php?rest_route=\/wp\/v2\/types\/post"}],"author":[{"embeddable":true,"href":"https:\/\/primermomento.com\/index.php?rest_route=\/wp\/v2\/users\/1"}],"replies":[{"embeddable":true,"href":"https:\/\/primermomento.com\/index.php?rest_route=%2Fwp%2Fv2%2Fcomments&post=463618"}],"version-history":[{"count":1,"href":"https:\/\/primermomento.com\/index.php?rest_route=\/wp\/v2\/posts\/463618\/revisions"}],"predecessor-version":[{"id":463619,"href":"https:\/\/primermomento.com\/index.php?rest_route=\/wp\/v2\/posts\/463618\/revisions\/463619"}],"wp:featuredmedia":[{"embeddable":true,"href":"https:\/\/primermomento.com\/index.php?rest_route=\/wp\/v2\/media\/463296"}],"wp:attachment":[{"href":"https:\/\/primermomento.com\/index.php?rest_route=%2Fwp%2Fv2%2Fmedia&parent=463618"}],"wp:term":[{"taxonomy":"category","embeddable":true,"href":"https:\/\/primermomento.com\/index.php?rest_route=%2Fwp%2Fv2%2Fcategories&post=463618"},{"taxonomy":"post_tag","embeddable":true,"href":"https:\/\/primermomento.com\/index.php?rest_route=%2Fwp%2Fv2%2Ftags&post=463618"}],"curies":[{"name":"wp","href":"https:\/\/api.w.org\/{rel}","templated":true}]}}