{"id":463719,"date":"2026-03-30T16:48:04","date_gmt":"2026-03-30T20:48:04","guid":{"rendered":"https:\/\/primermomento.com\/?p=463719"},"modified":"2026-03-31T05:29:57","modified_gmt":"2026-03-31T09:29:57","slug":"partido-opositor-dominicano-pld-expresa-preocupacion-por-feminicidios","status":"publish","type":"post","link":"https:\/\/primermomento.com\/?p=463719","title":{"rendered":"Partido opositor dominicano PLD expresa preocupaci\u00f3n por feminicidios"},"content":{"rendered":"<p><strong><em>Por <span style=\"color: #ff0000;\">Prensa Latina<\/span><\/em><\/strong><\/p>\n<p>SANTO DOMINGO, Rep\u00fablica Dominicana.- El Partido de la Liberaci\u00f3n Dominicana (PLD) manifest\u00f3 hoy su preocupaci\u00f3n por el aumento de los feminicidios en el pa\u00eds, al advertir que el a\u00f1o podr\u00eda convertirse en uno de los m\u00e1s violentos para las mujeres.<\/p>\n<div class=\"elementor-element elementor-element-0aea3a0 elementor-widget elementor-widget-theme-post-content\" data-id=\"0aea3a0\" data-element_type=\"widget\" data-e-type=\"widget\" data-widget_type=\"theme-post-content.default\">\n<div class=\"elementor-widget-container\">\n<p>La organizaci\u00f3n demand\u00f3 el uso de mayores recursos para frenar esta situaci\u00f3n y evitar que contin\u00fae en ascenso.<\/p>\n<p>La posici\u00f3n fue externada por Alejandrina Germ\u00e1n, integrante del Comit\u00e9 Pol\u00edtico, durante la rueda de prensa habitual de los lunes en la Casa Nacional Reinaldo Pared P\u00e9rez.<\/p>\n<p>Germ\u00e1n, quien estuvo acompa\u00f1ada por dirigentes del Comit\u00e9 Pol\u00edtico, el Comit\u00e9 Central y la Secretar\u00eda de Igualdad y Equidad de G\u00e9nero, explic\u00f3 que a inicios de marzo la Fundaci\u00f3n Vida Sin Violencia advirti\u00f3 que los feminicidios se triplicaron en los dos primeros meses de 2026, en comparaci\u00f3n con igual per\u00edodo de 2025.<\/p>\n<p>Precis\u00f3 que entre enero y febrero del a\u00f1o pasado se registraron seis casos, una cifra ya preocupante. Sin embargo, en ese mismo per\u00edodo de 2026 se contabilizaron 18 feminicidios.<\/p>\n<p>La tambi\u00e9n titular de la Secretar\u00eda de Formaci\u00f3n Pol\u00edtica del PLD calific\u00f3 como inaceptable la muerte de mujeres a manos de sus parejas, exparejas u otras personas cercanas, y reclam\u00f3 acciones urgentes del Estado dominicano para detener esta situaci\u00f3n.<\/p>\n<p>Aunque reconoci\u00f3 que erradicar los feminicidios es una tarea integral y de largo plazo, sostuvo que muchos casos pudieron evitarse.<\/p>\n<p>Indic\u00f3 que, en varias situaciones, las v\u00edctimas buscaron ayuda judicial sin recibir respuesta oportuna, o que el personal de fiscal\u00edas y destacamentos no contaba con la capacitaci\u00f3n necesaria para atender estos casos con la debida gravedad.<\/p>\n<p>Asimismo, consider\u00f3 que programas como la Banca Solidaria, la tanda extendida y los cambios curriculares en educaci\u00f3n han sido descuidados por el actual Gobierno.<\/p>\n<p>A su juicio, estas iniciativas contribuyen a prevenir los asesinatos de mujeres por razones de g\u00e9nero, por lo que propuso rescatarlas y fortalecerlas.<\/p>\n<p>El PLD tambi\u00e9n demand\u00f3 una Polic\u00eda y un sistema de fiscal\u00edas m\u00e1s conscientes de la problem\u00e1tica, tanto a nivel social como institucional.<\/p>\n<p>En ese sentido, insisti\u00f3 en la necesidad de enviar un mensaje firme a los agentes y fiscales que no act\u00faan con la debida diligencia ante denuncias de violencia dom\u00e9stica.<\/p>\n<p>Finalmente, con motivo de la Semana Santa, la organizaci\u00f3n llam\u00f3 a reflexionar sobre la importancia de promover una cultura de paz, respeto por la vida y el fortalecimiento del di\u00e1logo como v\u00eda para resolver conflictos.<\/p>\n<p>Advirti\u00f3 sobre los riesgos de la ira y el irrespeto hacia las mujeres, y exhort\u00f3 a evitar conductas violentas que las conviertan en v\u00edctimas.<\/p>\n<\/div>\n<\/div>\n<div class=\"elementor-element elementor-element-4f75016 elementor-widget elementor-widget-post-info\" data-id=\"4f75016\" data-element_type=\"widget\" data-e-type=\"widget\" data-widget_type=\"post-info.default\">\n<div class=\"elementor-widget-container\">\n<ul class=\"elementor-inline-items elementor-icon-list-items elementor-post-info\">\n<li class=\"elementor-icon-list-item elementor-repeater-item-17dda3e elementor-inline-item\"><em><span class=\"elementor-icon-list-text elementor-post-info__item elementor-post-info__item--type-custom\">#<a href=\"https:\/\/primermomento.com\/?p=463719\" rel=\"tag\">femininicidios<\/a>\u00a0#<a href=\"https:\/\/primermomento.com\/?p=463719\" rel=\"tag\">pld<\/a><\/span><\/em><\/li>\n<\/ul>\n<\/div>\n<\/div>\n","protected":false},"excerpt":{"rendered":"<p>Por Prensa Latina SANTO DOMINGO, Rep\u00fablica Dominicana.- El Partido de la Liberaci\u00f3n Dominicana (PLD) manifest\u00f3 hoy su preocupaci\u00f3n por el aumento de los feminicidios en el pa\u00eds, al advertir que el a\u00f1o podr\u00eda convertirse en uno de los m\u00e1s violentos para las mujeres. La organizaci\u00f3n demand\u00f3 el uso de mayores recursos para frenar esta situaci\u00f3n [&hellip;]<\/p>\n","protected":false},"author":1,"featured_media":350981,"comment_status":"open","ping_status":"open","sticky":false,"template":"","format":"standard","meta":{"_bbp_topic_count":0,"_bbp_reply_count":0,"_bbp_total_topic_count":0,"_bbp_total_reply_count":0,"_bbp_voice_count":0,"_bbp_anonymous_reply_count":0,"_bbp_topic_count_hidden":0,"_bbp_reply_count_hidden":0,"_bbp_forum_subforum_count":0,"footnotes":""},"categories":[31],"tags":[],"class_list":{"0":"post-463719","1":"post","2":"type-post","3":"status-publish","4":"format-standard","5":"has-post-thumbnail","7":"category-estados-unidos"},"_links":{"self":[{"href":"https:\/\/primermomento.com\/index.php?rest_route=\/wp\/v2\/posts\/463719","targetHints":{"allow":["GET"]}}],"collection":[{"href":"https:\/\/primermomento.com\/index.php?rest_route=\/wp\/v2\/posts"}],"about":[{"href":"https:\/\/primermomento.com\/index.php?rest_route=\/wp\/v2\/types\/post"}],"author":[{"embeddable":true,"href":"https:\/\/primermomento.com\/index.php?rest_route=\/wp\/v2\/users\/1"}],"replies":[{"embeddable":true,"href":"https:\/\/primermomento.com\/index.php?rest_route=%2Fwp%2Fv2%2Fcomments&post=463719"}],"version-history":[{"count":1,"href":"https:\/\/primermomento.com\/index.php?rest_route=\/wp\/v2\/posts\/463719\/revisions"}],"predecessor-version":[{"id":463720,"href":"https:\/\/primermomento.com\/index.php?rest_route=\/wp\/v2\/posts\/463719\/revisions\/463720"}],"wp:featuredmedia":[{"embeddable":true,"href":"https:\/\/primermomento.com\/index.php?rest_route=\/wp\/v2\/media\/350981"}],"wp:attachment":[{"href":"https:\/\/primermomento.com\/index.php?rest_route=%2Fwp%2Fv2%2Fmedia&parent=463719"}],"wp:term":[{"taxonomy":"category","embeddable":true,"href":"https:\/\/primermomento.com\/index.php?rest_route=%2Fwp%2Fv2%2Fcategories&post=463719"},{"taxonomy":"post_tag","embeddable":true,"href":"https:\/\/primermomento.com\/index.php?rest_route=%2Fwp%2Fv2%2Ftags&post=463719"}],"curies":[{"name":"wp","href":"https:\/\/api.w.org\/{rel}","templated":true}]}}