{"id":463736,"date":"2026-03-31T05:29:41","date_gmt":"2026-03-31T09:29:41","guid":{"rendered":"https:\/\/primermomento.com\/?p=463736"},"modified":"2026-03-31T14:37:38","modified_gmt":"2026-03-31T18:37:38","slug":"presidente-abinader-convoca-a-comerciales-e-industriales-para-tratar-precios-de-alimentos","status":"publish","type":"post","link":"https:\/\/primermomento.com\/?p=463736","title":{"rendered":"Presidente Abinader convoca a comerciales e industriales para tratar precios de alimentos"},"content":{"rendered":"<p><strong><em>Por <span style=\"color: #ff0000;\">Servicios de Primermomento.com<\/span><\/em><\/strong><\/p>\n<p>SANTO DOMINGO, Rep\u00fablica Dominicana.- El presidente de la Rep\u00fablica, Luis Abinader,\u00a0se reunir\u00e1 ma\u00f1ana martes con representantes de diversos sectores\u00a0industriales y comerciales,\u00a0con el objetivo de garantizar la\u00a0estabilidad de precios\u00a0de alimentos, productos y servicios b\u00e1sicos, ante la\u00a0prolongaci\u00f3n de la crisis internacional\u00a0que impacta los precios del petr\u00f3leo y sus derivados, a fin de\u00a0proteger a los consumidores\u00a0de nuestro pa\u00eds.<\/p>\n<p>El encuentro est\u00e1 programado para este\u00a0martes 31 de marzo\u00a0a partir de las\u00a04:00 de la tarde,\u00a0en el Palacio Nacional, y busca dialogar con los\u00a0l\u00edderes\u00a0 empresariales y comerciales\u00a0sobre la necesidad de proteger la econom\u00eda de los diferentes sectores de la poblaci\u00f3n, y muy fundamentalmente, a la poblaci\u00f3n dominicana\u00a0m\u00e1s vulnerable.<\/p>\n<p>El jefe del Estado busca garantizar la estabilizaci\u00f3n de los precios de\u00a0alimentos, productos y servicios b\u00e1sicos\u00a0en este momento de crisis internacional resultante del conflicto b\u00e9lico en el\u00a0Medio Oriente.<\/p>\n<p>En la reuni\u00f3n con el presidente Abinader participar\u00e1n los principales dirigentes del Consejo Nacional de la Empresa Privada\u00a0(Conep); Asociaci\u00f3n de Industrias de la Rep\u00fablica Dominicana\u00a0(AIRD); la Organizaci\u00f3n Nacional de Empresarios Comerciales\u00a0(ONEC); Uni\u00f3n Nacional de Supermercados Econ\u00f3micos\u00a0(Unase);\u00a0Junta Agropecuaria Empresarial, entre otros representantes empresariales y comerciales del pa\u00eds.<\/p>\n<p>La crisis en el Medio Oriente ha disparado los\u00a0precios del petr\u00f3leo y sus derivados, lo que, a su vez,\u00a0ha aumentado los precios\u00a0de alimentos y servicios en diferentes pa\u00edses del mundo.<\/p>\n<p>La semana pasada, el presidente Abinader\u00a0congel\u00f3 los precios de los combustibles,\u00a0con el objetivo de cuidar la econom\u00eda de los usuarios, no obstante, esa disposici\u00f3n implica un\u00a0serio sacrificio para el Gobierno.<\/p>\n","protected":false},"excerpt":{"rendered":"<p>Por Servicios de Primermomento.com SANTO DOMINGO, Rep\u00fablica Dominicana.- El presidente de la Rep\u00fablica, Luis Abinader,\u00a0se reunir\u00e1 ma\u00f1ana martes con representantes de diversos sectores\u00a0industriales y comerciales,\u00a0con el objetivo de garantizar la\u00a0estabilidad de precios\u00a0de alimentos, productos y servicios b\u00e1sicos, ante la\u00a0prolongaci\u00f3n de la crisis internacional\u00a0que impacta los precios del petr\u00f3leo y sus derivados, a fin de\u00a0proteger a [&hellip;]<\/p>\n","protected":false},"author":1,"featured_media":463737,"comment_status":"open","ping_status":"open","sticky":false,"template":"","format":"standard","meta":{"_bbp_topic_count":0,"_bbp_reply_count":0,"_bbp_total_topic_count":0,"_bbp_total_reply_count":0,"_bbp_voice_count":0,"_bbp_anonymous_reply_count":0,"_bbp_topic_count_hidden":0,"_bbp_reply_count_hidden":0,"_bbp_forum_subforum_count":0,"footnotes":""},"categories":[35],"tags":[],"class_list":{"0":"post-463736","1":"post","2":"type-post","3":"status-publish","4":"format-standard","5":"has-post-thumbnail","7":"category-economia"},"_links":{"self":[{"href":"https:\/\/primermomento.com\/index.php?rest_route=\/wp\/v2\/posts\/463736","targetHints":{"allow":["GET"]}}],"collection":[{"href":"https:\/\/primermomento.com\/index.php?rest_route=\/wp\/v2\/posts"}],"about":[{"href":"https:\/\/primermomento.com\/index.php?rest_route=\/wp\/v2\/types\/post"}],"author":[{"embeddable":true,"href":"https:\/\/primermomento.com\/index.php?rest_route=\/wp\/v2\/users\/1"}],"replies":[{"embeddable":true,"href":"https:\/\/primermomento.com\/index.php?rest_route=%2Fwp%2Fv2%2Fcomments&post=463736"}],"version-history":[{"count":1,"href":"https:\/\/primermomento.com\/index.php?rest_route=\/wp\/v2\/posts\/463736\/revisions"}],"predecessor-version":[{"id":463738,"href":"https:\/\/primermomento.com\/index.php?rest_route=\/wp\/v2\/posts\/463736\/revisions\/463738"}],"wp:featuredmedia":[{"embeddable":true,"href":"https:\/\/primermomento.com\/index.php?rest_route=\/wp\/v2\/media\/463737"}],"wp:attachment":[{"href":"https:\/\/primermomento.com\/index.php?rest_route=%2Fwp%2Fv2%2Fmedia&parent=463736"}],"wp:term":[{"taxonomy":"category","embeddable":true,"href":"https:\/\/primermomento.com\/index.php?rest_route=%2Fwp%2Fv2%2Fcategories&post=463736"},{"taxonomy":"post_tag","embeddable":true,"href":"https:\/\/primermomento.com\/index.php?rest_route=%2Fwp%2Fv2%2Ftags&post=463736"}],"curies":[{"name":"wp","href":"https:\/\/api.w.org\/{rel}","templated":true}]}}