{"id":463756,"date":"2026-03-31T11:46:58","date_gmt":"2026-03-31T15:46:58","guid":{"rendered":"https:\/\/primermomento.com\/?p=463756"},"modified":"2026-03-31T18:00:41","modified_gmt":"2026-03-31T22:00:41","slug":"refuerzan-prevencion-en-dominicana-durante-semana-santa-2026","status":"publish","type":"post","link":"https:\/\/primermomento.com\/?p=463756","title":{"rendered":"Refuerzan prevenci\u00f3n en Dominicana durante Semana Santa 2026"},"content":{"rendered":"<p><strong><em>Por <span style=\"color: #ff0000;\">Prensa Latina<\/span><\/em><\/strong><\/p>\n<p>SANTO DOMINGO, Rep\u00fablica Dominicana.- La Polic\u00eda Nacional de la Rep\u00fablica Dominicana inform\u00f3 hoy el reforzamiento del patrullaje preventivo, la vigilancia focalizada y las labores de inteligencia como parte del \u201cOperativo Proteger y Servir Semana Santa 2026\u201d.<\/p>\n<div class=\"elementor-element elementor-element-0aea3a0 elementor-widget elementor-widget-theme-post-content\" data-id=\"0aea3a0\" data-element_type=\"widget\" data-e-type=\"widget\" data-widget_type=\"theme-post-content.default\">\n<div class=\"elementor-widget-container\">\n<p>Las medidas fueron dispuestas por el director general de la instituci\u00f3n, mayor general Andr\u00e9s Modesto Cruz Cruz, durante una reuni\u00f3n con el alto mando policial, celebrada en su despacho, con el objetivo de garantizar la seguridad ciudadana durante el asueto.<\/p>\n<p>En el encuentro se evaluaron las estad\u00edsticas de las Semanas Santas de 2023, 2024 y 2025, con el fin de identificar patrones de incidencias y fortalecer la planificaci\u00f3n operativa.<\/p>\n<p>La instituci\u00f3n explic\u00f3 que los principales eventos registrados en a\u00f1os anteriores han estado relacionados con accidentes de tr\u00e1nsito, ri\u00f1as, violencia intrafamiliar y hechos derivados del consumo de alcohol.<\/p>\n<p>El operativo ser\u00e1 desplegado en zonas de alta concentraci\u00f3n de personas, balnearios autorizados, \u00e1reas tur\u00edsticas y principales v\u00edas de desplazamiento en todo el pa\u00eds.<\/p>\n<p>La Polic\u00eda Nacional reiter\u00f3 que la prevenci\u00f3n ser\u00e1 el eje central del operativo, con el apoyo de organismos de socorro, para reducir riesgos y asegurar la tranquilidad.<\/p>\n<p>Mientras, el Centro de Operaciones de Emergencias activ\u00f3 el operativo \u201cConciencia por la Vida 2026\u201d desde el fin de semana pasado con el despliegue de miles de voluntarios y personal de respuesta en carreteras, playas y balnearios.<\/p>\n<p>Su director, el general Juan Manuel M\u00e9ndez, reiter\u00f3 que el prop\u00f3sito es \u201cpreservar vidas\u201d mediante acciones de asistencia vial, atenci\u00f3n prehospitalaria y orientaci\u00f3n a la ciudadan\u00eda.<\/p>\n<p>El dispositivo incluye adem\u00e1s la integraci\u00f3n de la Cruz Roja, con puestos de socorro en distintas provincias.<\/p>\n<p>El Instituto Nacional de Tr\u00e1nsito y Transporte Terrestre dispuso la restricci\u00f3n de circulaci\u00f3n de veh\u00edculos pesados para reducir accidentes durante el asueto.<\/p>\n<\/div>\n<\/div>\n<div class=\"elementor-element elementor-element-4f75016 elementor-widget elementor-widget-post-info\" data-id=\"4f75016\" data-element_type=\"widget\" data-e-type=\"widget\" data-widget_type=\"post-info.default\">\n<div class=\"elementor-widget-container\">\n<ul class=\"elementor-inline-items elementor-icon-list-items elementor-post-info\">\n<li class=\"elementor-icon-list-item elementor-repeater-item-17dda3e elementor-inline-item\"><span class=\"elementor-icon-list-text elementor-post-info__item elementor-post-info__item--type-custom\">#<em><a href=\"https:\/\/primermomento.com\/?p=463756\" rel=\"tag\">Coe<\/a><\/em><\/span><\/li>\n<\/ul>\n<\/div>\n<\/div>\n","protected":false},"excerpt":{"rendered":"<p>Por Prensa Latina SANTO DOMINGO, Rep\u00fablica Dominicana.- La Polic\u00eda Nacional de la Rep\u00fablica Dominicana inform\u00f3 hoy el reforzamiento del patrullaje preventivo, la vigilancia focalizada y las labores de inteligencia como parte del \u201cOperativo Proteger y Servir Semana Santa 2026\u201d. Las medidas fueron dispuestas por el director general de la instituci\u00f3n, mayor general Andr\u00e9s Modesto Cruz [&hellip;]<\/p>\n","protected":false},"author":1,"featured_media":463757,"comment_status":"open","ping_status":"open","sticky":false,"template":"","format":"standard","meta":{"_bbp_topic_count":0,"_bbp_reply_count":0,"_bbp_total_topic_count":0,"_bbp_total_reply_count":0,"_bbp_voice_count":0,"_bbp_anonymous_reply_count":0,"_bbp_topic_count_hidden":0,"_bbp_reply_count_hidden":0,"_bbp_forum_subforum_count":0,"footnotes":""},"categories":[32],"tags":[],"class_list":{"0":"post-463756","1":"post","2":"type-post","3":"status-publish","4":"format-standard","5":"has-post-thumbnail","7":"category-lo-ultimo"},"_links":{"self":[{"href":"https:\/\/primermomento.com\/index.php?rest_route=\/wp\/v2\/posts\/463756","targetHints":{"allow":["GET"]}}],"collection":[{"href":"https:\/\/primermomento.com\/index.php?rest_route=\/wp\/v2\/posts"}],"about":[{"href":"https:\/\/primermomento.com\/index.php?rest_route=\/wp\/v2\/types\/post"}],"author":[{"embeddable":true,"href":"https:\/\/primermomento.com\/index.php?rest_route=\/wp\/v2\/users\/1"}],"replies":[{"embeddable":true,"href":"https:\/\/primermomento.com\/index.php?rest_route=%2Fwp%2Fv2%2Fcomments&post=463756"}],"version-history":[{"count":2,"href":"https:\/\/primermomento.com\/index.php?rest_route=\/wp\/v2\/posts\/463756\/revisions"}],"predecessor-version":[{"id":463759,"href":"https:\/\/primermomento.com\/index.php?rest_route=\/wp\/v2\/posts\/463756\/revisions\/463759"}],"wp:featuredmedia":[{"embeddable":true,"href":"https:\/\/primermomento.com\/index.php?rest_route=\/wp\/v2\/media\/463757"}],"wp:attachment":[{"href":"https:\/\/primermomento.com\/index.php?rest_route=%2Fwp%2Fv2%2Fmedia&parent=463756"}],"wp:term":[{"taxonomy":"category","embeddable":true,"href":"https:\/\/primermomento.com\/index.php?rest_route=%2Fwp%2Fv2%2Fcategories&post=463756"},{"taxonomy":"post_tag","embeddable":true,"href":"https:\/\/primermomento.com\/index.php?rest_route=%2Fwp%2Fv2%2Ftags&post=463756"}],"curies":[{"name":"wp","href":"https:\/\/api.w.org\/{rel}","templated":true}]}}