{"id":463760,"date":"2026-03-31T12:56:46","date_gmt":"2026-03-31T16:56:46","guid":{"rendered":"https:\/\/primermomento.com\/?p=463760"},"modified":"2026-04-01T08:23:06","modified_gmt":"2026-04-01T12:23:06","slug":"presidente-abinader-encabeza-lanzamiento-del-operativo-proteger-y-servir-semana-santa-2026","status":"publish","type":"post","link":"https:\/\/primermomento.com\/?p=463760","title":{"rendered":"Presidente Abinader encabeza lanzamiento del operativo \u201cProteger y Servir Semana Santa 2026\u201d"},"content":{"rendered":"<p dir=\"ltr\"><strong><em>Por <span style=\"color: #ff0000;\">Servicios de Primermomento.com<\/span><\/em><\/strong><\/p>\n<p dir=\"ltr\">SANTO DOMINGO, Rep\u00fablica Dominicana.- El presidente Luis Abinader\u00a0encabez\u00f3 este martes el acto de lanzamiento del\u00a0operativo \u201cProteger y Servir Semana Santa 2026\u201d, una iniciativa de la\u00a0Polic\u00eda Nacional\u00a0orientada a fortalecer\u00a0la seguridad y la prevenci\u00f3n\u00a0en todo el territorio nacional durante el\u00a0asueto de la Semana Mayor.<\/p>\n<p dir=\"ltr\">La instituci\u00f3n pondr\u00e1 en marcha este dispositivo con un incremento del\u00a0patrullaje preventivo, labores de inteligencia y un despliegue estrat\u00e9gico\u00a0ante la alta movilizaci\u00f3n de ciudadanos.<\/p>\n<p dir=\"ltr\">El operativo contempla el despliegue de\u00a025,000 agentes policiales y 10,000 miembros de las Fuerzas Armadas, lo que representa un refuerzo significativo de la presencia en\u00a0playas, r\u00edos, balnearios, carreteras, autopistas y centros tur\u00edsticos, desde el martes\u00a031 de marzo\u00a0hasta el domingo\u00a05 de abril.<\/p>\n<p dir=\"ltr\">El presidente Luis Abinader destac\u00f3 la importancia del\u00a0trabajo conjunto entre las autoridades y la ciudadan\u00eda\u00a0para preservar\u00a0vidas\u00a0y proteger\u00a0bienes\u00a0durante el asueto de la Semana Santa.<\/p>\n<p dir=\"ltr\">El mandatario explic\u00f3 que esta comisi\u00f3n conjunta tiene como objetivo principal\u00a0proteger la vida de los dominicanos que se desplazar\u00e1n a\u00a0distintos puntos del pa\u00eds\u00a0durante el per\u00edodo de vacaciones, como es tradici\u00f3n en la Semana Mayor.<\/p>\n<p dir=\"ltr\">En ese sentido, expres\u00f3 que espera la\u00a0colaboraci\u00f3n\u00a0tanto de la\u00a0Polic\u00eda Nacional\u00a0como de\u00a0toda la poblaci\u00f3n, a fin de que las familias puedan disfrutar con tranquilidad, junto a amigos y familiares, durante este per\u00edodo.<\/p>\n<p dir=\"ltr\">La ministra de Interior y Polic\u00eda,\u00a0Faride Raful, explic\u00f3 que el operativo fue dise\u00f1ado tomando en cuenta la\u00a0experiencia de a\u00f1os anteriores, identificando los puntos y horarios de mayor riesgo, y destac\u00f3 que todas las\u00a0instituciones de seguridad y socorro\u00a0trabajan de manera articulada en una\u00a0fuerza de tarea conjunta que cubrir\u00e1 carreteras, balnearios y comunidades\u00a0en todo el pa\u00eds.<\/p>\n<p dir=\"ltr\">La ministra tambi\u00e9n inform\u00f3 que dentro de las prioridades del operativo se incluye la\u00a0atenci\u00f3n a la violencia intrafamiliar, a trav\u00e9s de la Direcci\u00f3n Especializada de Atenci\u00f3n a la Mujer y Violencia Intrafamiliar de la Polic\u00eda Nacional, debido a que durante los d\u00edas festivos suelen aumentar estos casos.<\/p>\n<p dir=\"ltr\">Asimismo, hizo un llamado a la ciudadan\u00eda a actuar con\u00a0prudencia y responsabilidad, se\u00f1alando que la seguridad durante la Semana Santa es una responsabilidad compartida entre autoridades y poblaci\u00f3n.<\/p>\n<p dir=\"ltr\"><strong>Esfuerzo articulado del Estado dominicano orientado a preservar vidas<\/strong><\/p>\n<p dir=\"ltr\">El director de la Polic\u00eda Nacional,\u00a0Andr\u00e9s Modesto Cruz Cruz, afirm\u00f3 que el operativo \u201cProteger y Servir Semana Santa 2026\u201d constituye un esfuerzo articulado del Estado dominicano orientado a\u00a0preservar vidas, mantener el orden p\u00fablico y garantizar la seguridad\u00a0en todo el territorio nacional durante el asueto.<\/p>\n<p dir=\"ltr\">Durante su intervenci\u00f3n, el alto oficial resalt\u00f3 que la instituci\u00f3n del orden ha registrado\u00a0avances significativos en su proceso de reforma, modernizaci\u00f3n y transformaci\u00f3n,\u00a0destacando la formaci\u00f3n de\u00a0nuevos agentes\u00a0capacitados en derechos humanos, uso proporcional de la fuerza, inteligencia emocional y trato digno a la ciudadan\u00eda.<\/p>\n<p dir=\"ltr\">Asimismo, destac\u00f3 que la Polic\u00eda Nacional cuenta hoy con\u00a0un cuerpo m\u00e1s preparado,\u00a0cercano a la gente y comprometido con valores \u00e9ticos, disciplina e integridad, enfocado en ofrecer un\u00a0servicio eficiente y humano.<\/p>\n<p dir=\"ltr\">Cruz Cruz enfatiz\u00f3 que los agentes, junto con\u00a0 las Fuerzas Armadas, estar\u00e1n desplegados a nivel nacional con la misi\u00f3n de servir, proteger y acompa\u00f1ar a la poblaci\u00f3n durante una de las fechas m\u00e1s importantes del a\u00f1o, garantizando\u00a0la tranquilidad tanto de ciudadanos como de turistas.<\/p>\n<p dir=\"ltr\">Miles de agentes policiales, con el respaldo de las Fuerzas Armadas, ser\u00e1n desplegados en puntos estrat\u00e9gicos del pa\u00eds para prevenir hechos delictivos, garantizar el orden p\u00fablico y ofrecer asistencia a la ciudadan\u00eda.<\/p>\n<p dir=\"ltr\"><strong>Instituciones involucradas<\/strong><\/p>\n<p dir=\"ltr\">El dispositivo ser\u00e1 ejecutado en\u00a0coordinaci\u00f3n\u00a0con el\u00a0Centro de Operaciones de Emergencias\u00a0y otras instituciones del Estado, incluyendo el\u00a0Ministerio de Defensa, de Interior y Polic\u00eda, de Salud P\u00fablica y de Obras P\u00fablicas, as\u00ed como\u00a0la Procuradur\u00eda General de la Rep\u00fablica, la Defensa Civil, la Cruz Roja Dominicana, el Cuerpo de Bomberos y el Plan de Asistencia Social de la Presidencia.<\/p>\n<p dir=\"ltr\">La Polic\u00eda Nacional integrar\u00e1 adem\u00e1s distintas dependencias operativas y administrativas, como la Direcci\u00f3n Central de Investigaci\u00f3n\u00a0(Dicrim),\u00a0Politur,\u00a0Asuntos Internos, Sanidad Policial y la Direcci\u00f3n de Comunicaciones Estrat\u00e9gicas.<\/p>\n<p dir=\"ltr\">Este plan tambi\u00e9n contempla la protecci\u00f3n de propiedades p\u00fablicas y privadas, as\u00ed como la respuesta oportuna ante emergencias, con el prop\u00f3sito de preservar\u00a0la tranquilidad, la convivencia pac\u00edfica y la seguridad integral de la poblaci\u00f3n\u00a0durante la Semana Santa 2026.<\/p>\n<p>Estuvieron presentes, el ministro de Defensa,\u00a0Carlos Antonio Fern\u00e1ndez Onofre; la procuradora general de la Rep\u00fablica,\u00a0Yeni Berenice; el director general de Migraci\u00f3n,\u00a0Luis Rafael Lee Ballester; el subdirector general de la Polic\u00eda Nacional,\u00a0Esteban Figueroa Garc\u00eda; el presidente de la Direcci\u00f3n Nacional de Control de Drogas, vicealmirante\u00a0Jos\u00e9 Manuel Cabrera Ulloa; el viceministro de Defensa para Asuntos Militares, mayor general\u00a0Miguel \u00c1ngel Rubio B\u00e1ez; para Asuntos Navales y Costeros, vicealmirante\u00a0Agust\u00edn Alberto Morillo Rodr\u00edguez, y para Asuntos A\u00e9reos y Espaciales, mayor general t\u00e9cnico de aviaci\u00f3n\u00a0Carlos Ram\u00f3n Febrillet Rodr\u00edguez.<\/p>\n","protected":false},"excerpt":{"rendered":"<p>Por Servicios de Primermomento.com SANTO DOMINGO, Rep\u00fablica Dominicana.- El presidente Luis Abinader\u00a0encabez\u00f3 este martes el acto de lanzamiento del\u00a0operativo \u201cProteger y Servir Semana Santa 2026\u201d, una iniciativa de la\u00a0Polic\u00eda Nacional\u00a0orientada a fortalecer\u00a0la seguridad y la prevenci\u00f3n\u00a0en todo el territorio nacional durante el\u00a0asueto de la Semana Mayor. La instituci\u00f3n pondr\u00e1 en marcha este dispositivo con un [&hellip;]<\/p>\n","protected":false},"author":1,"featured_media":463761,"comment_status":"open","ping_status":"open","sticky":false,"template":"","format":"standard","meta":{"_bbp_topic_count":0,"_bbp_reply_count":0,"_bbp_total_topic_count":0,"_bbp_total_reply_count":0,"_bbp_voice_count":0,"_bbp_anonymous_reply_count":0,"_bbp_topic_count_hidden":0,"_bbp_reply_count_hidden":0,"_bbp_forum_subforum_count":0,"footnotes":""},"categories":[32],"tags":[],"class_list":{"0":"post-463760","1":"post","2":"type-post","3":"status-publish","4":"format-standard","5":"has-post-thumbnail","7":"category-lo-ultimo"},"_links":{"self":[{"href":"https:\/\/primermomento.com\/index.php?rest_route=\/wp\/v2\/posts\/463760","targetHints":{"allow":["GET"]}}],"collection":[{"href":"https:\/\/primermomento.com\/index.php?rest_route=\/wp\/v2\/posts"}],"about":[{"href":"https:\/\/primermomento.com\/index.php?rest_route=\/wp\/v2\/types\/post"}],"author":[{"embeddable":true,"href":"https:\/\/primermomento.com\/index.php?rest_route=\/wp\/v2\/users\/1"}],"replies":[{"embeddable":true,"href":"https:\/\/primermomento.com\/index.php?rest_route=%2Fwp%2Fv2%2Fcomments&post=463760"}],"version-history":[{"count":1,"href":"https:\/\/primermomento.com\/index.php?rest_route=\/wp\/v2\/posts\/463760\/revisions"}],"predecessor-version":[{"id":463762,"href":"https:\/\/primermomento.com\/index.php?rest_route=\/wp\/v2\/posts\/463760\/revisions\/463762"}],"wp:featuredmedia":[{"embeddable":true,"href":"https:\/\/primermomento.com\/index.php?rest_route=\/wp\/v2\/media\/463761"}],"wp:attachment":[{"href":"https:\/\/primermomento.com\/index.php?rest_route=%2Fwp%2Fv2%2Fmedia&parent=463760"}],"wp:term":[{"taxonomy":"category","embeddable":true,"href":"https:\/\/primermomento.com\/index.php?rest_route=%2Fwp%2Fv2%2Fcategories&post=463760"},{"taxonomy":"post_tag","embeddable":true,"href":"https:\/\/primermomento.com\/index.php?rest_route=%2Fwp%2Fv2%2Ftags&post=463760"}],"curies":[{"name":"wp","href":"https:\/\/api.w.org\/{rel}","templated":true}]}}