{"id":463769,"date":"2026-03-31T05:16:45","date_gmt":"2026-03-31T09:16:45","guid":{"rendered":"https:\/\/primermomento.com\/?p=463769"},"modified":"2026-03-31T13:31:56","modified_gmt":"2026-03-31T17:31:56","slug":"dominicana-apuesta-al-turismo-con-reforma-teleferico-de-puerto-plata","status":"publish","type":"post","link":"https:\/\/primermomento.com\/?p=463769","title":{"rendered":"Dominicana apuesta al turismo con reforma Telef\u00e9rico de Puerto Plata"},"content":{"rendered":"<p><strong><em>Por <span style=\"color: #ff0000;\">Prensa Latina<\/span><\/em><\/strong><\/p>\n<p>SANTO DOMINGO, Rep\u00fablica Dominicana.- El Gobierno dominicano anunci\u00f3 hoy la rehabilitaci\u00f3n integral del Telef\u00e9rico de Puerto Plata con una inversi\u00f3n superior a los 20 millones de d\u00f3lares, en un proyecto que contempla modernizaci\u00f3n del sistema y aumento de la capacidad de pasajeros.<\/p>\n<div class=\"elementor-element elementor-element-0aea3a0 elementor-widget elementor-widget-theme-post-content\" data-id=\"0aea3a0\" data-element_type=\"widget\" data-e-type=\"widget\" data-widget_type=\"theme-post-content.default\">\n<div class=\"elementor-widget-container\">\n<p>El plan fue presentado por el ministro de la Presidencia, Jos\u00e9 Ignacio Paliza, y el titular de Turismo, David Collado, quienes destacaron que la obra -que conecta la ciudad (en la costa norte) con la cima de la Loma Isabel de Torres en Puerto Plata- ser\u00e1 ejecutado en 18 meses a partir de la adjudicaci\u00f3n de la licitaci\u00f3n.<\/p>\n<p>La iniciativa contempla triplicar la capacidad de las cabinas, que pasar\u00e1n de 18 a 50 pasajeros, adem\u00e1s de reducir el tiempo de recorrido de ocho a cinco minutos, con un sistema electromec\u00e1nico de mayor eficiencia.<\/p>\n<p>Paliza explic\u00f3 que los fondos provendr\u00e1n del Ministerio de Turismo y del Instituto Dominicano de Aviaci\u00f3n Civil, y que ser\u00e1 derogado el decreto 162-25, que preve\u00eda la creaci\u00f3n de un fideicomiso para estos fines.<\/p>\n<p>De su lado, Collado asegur\u00f3 que el proceso se realizar\u00e1 con respeto hacia los comerciantes y trabajadores del \u00e1rea, incluyendo la intervenci\u00f3n de la plaza de vendedores para evitar desplazamientos.<\/p>\n<p>La obra, ejecutada por la Unidad Ejecutora para la Readecuaci\u00f3n de Barrios y Entornos (URBE), tambi\u00e9n incluye la modernizaci\u00f3n de estaciones y la preservaci\u00f3n del valor hist\u00f3rico del sistema inaugurado en 1975.<\/p>\n<p>El Telef\u00e9rico de Puerto Plata tiene una gran importancia tur\u00edstica, econ\u00f3mica, hist\u00f3rica y ambiental para la Rep\u00fablica Dominicana.<\/p>\n<p>Constituye uno de los principales atractivos tur\u00edsticos de la provincia, ya que conecta la ciudad con la cima de la Loma Isabel de Torres, un monumento natural emblem\u00e1tico del pa\u00eds. Desde all\u00ed, los visitantes pueden apreciar vistas panor\u00e1micas del Atl\u00e1ntico y la costa norte.<\/p>\n<p>Tambi\u00e9n tiene valor hist\u00f3rico, ya que es uno de los m\u00e1s antiguos de Am\u00e9rica Latina, inaugurado en 1975.<\/p>\n<\/div>\n<\/div>\n<div class=\"elementor-element elementor-element-4f75016 elementor-widget elementor-widget-post-info\" data-id=\"4f75016\" data-element_type=\"widget\" data-e-type=\"widget\" data-widget_type=\"post-info.default\">\n<div class=\"elementor-widget-container\">\n<ul class=\"elementor-inline-items elementor-icon-list-items elementor-post-info\">\n<li class=\"elementor-icon-list-item elementor-repeater-item-17dda3e elementor-inline-item\"><em><span class=\"elementor-icon-list-text elementor-post-info__item elementor-post-info__item--type-custom\">#<a href=\"https:\/\/primermomento.com\/?p=463769\" rel=\"tag\">telef\u00e9rico de Puerto Plata<\/a>\u00a0#<a href=\"https:\/\/primermomento.com\/?p=463769\" rel=\"tag\">turismo<\/a><\/span><\/em><\/li>\n<\/ul>\n<\/div>\n<\/div>\n","protected":false},"excerpt":{"rendered":"<p>Por Prensa Latina SANTO DOMINGO, Rep\u00fablica Dominicana.- El Gobierno dominicano anunci\u00f3 hoy la rehabilitaci\u00f3n integral del Telef\u00e9rico de Puerto Plata con una inversi\u00f3n superior a los 20 millones de d\u00f3lares, en un proyecto que contempla modernizaci\u00f3n del sistema y aumento de la capacidad de pasajeros. El plan fue presentado por el ministro de la Presidencia, [&hellip;]<\/p>\n","protected":false},"author":1,"featured_media":463770,"comment_status":"open","ping_status":"open","sticky":false,"template":"","format":"standard","meta":{"_bbp_topic_count":0,"_bbp_reply_count":0,"_bbp_total_topic_count":0,"_bbp_total_reply_count":0,"_bbp_voice_count":0,"_bbp_anonymous_reply_count":0,"_bbp_topic_count_hidden":0,"_bbp_reply_count_hidden":0,"_bbp_forum_subforum_count":0,"footnotes":""},"categories":[35],"tags":[],"class_list":{"0":"post-463769","1":"post","2":"type-post","3":"status-publish","4":"format-standard","5":"has-post-thumbnail","7":"category-economia"},"_links":{"self":[{"href":"https:\/\/primermomento.com\/index.php?rest_route=\/wp\/v2\/posts\/463769","targetHints":{"allow":["GET"]}}],"collection":[{"href":"https:\/\/primermomento.com\/index.php?rest_route=\/wp\/v2\/posts"}],"about":[{"href":"https:\/\/primermomento.com\/index.php?rest_route=\/wp\/v2\/types\/post"}],"author":[{"embeddable":true,"href":"https:\/\/primermomento.com\/index.php?rest_route=\/wp\/v2\/users\/1"}],"replies":[{"embeddable":true,"href":"https:\/\/primermomento.com\/index.php?rest_route=%2Fwp%2Fv2%2Fcomments&post=463769"}],"version-history":[{"count":1,"href":"https:\/\/primermomento.com\/index.php?rest_route=\/wp\/v2\/posts\/463769\/revisions"}],"predecessor-version":[{"id":463771,"href":"https:\/\/primermomento.com\/index.php?rest_route=\/wp\/v2\/posts\/463769\/revisions\/463771"}],"wp:featuredmedia":[{"embeddable":true,"href":"https:\/\/primermomento.com\/index.php?rest_route=\/wp\/v2\/media\/463770"}],"wp:attachment":[{"href":"https:\/\/primermomento.com\/index.php?rest_route=%2Fwp%2Fv2%2Fmedia&parent=463769"}],"wp:term":[{"taxonomy":"category","embeddable":true,"href":"https:\/\/primermomento.com\/index.php?rest_route=%2Fwp%2Fv2%2Fcategories&post=463769"},{"taxonomy":"post_tag","embeddable":true,"href":"https:\/\/primermomento.com\/index.php?rest_route=%2Fwp%2Fv2%2Ftags&post=463769"}],"curies":[{"name":"wp","href":"https:\/\/api.w.org\/{rel}","templated":true}]}}