{"id":463810,"date":"2026-04-01T10:06:15","date_gmt":"2026-04-01T14:06:15","guid":{"rendered":"https:\/\/primermomento.com\/?p=463810"},"modified":"2026-04-03T10:54:55","modified_gmt":"2026-04-03T14:54:55","slug":"papa-leon-xiv-pidio-a-trump-reducir-la-violencia-que-genera-odio","status":"publish","type":"post","link":"https:\/\/primermomento.com\/?p=463810","title":{"rendered":"Papa Le\u00f3n XIV pidi\u00f3 a Trump reducir la violencia que genera odio"},"content":{"rendered":"<p><iframe loading=\"lazy\" title=\"De la misa crismal al lavatorio de pies: comienza la primera Pascua del Papa Le\u00f3n XIV\" width=\"696\" height=\"392\" src=\"https:\/\/www.youtube.com\/embed\/6TeGB0h_pO0?start=2&#038;feature=oembed\" frameborder=\"0\" allow=\"accelerometer; autoplay; clipboard-write; encrypted-media; gyroscope; picture-in-picture; web-share\" referrerpolicy=\"strict-origin-when-cross-origin\" allowfullscreen><\/iframe><\/p>\n<p><strong><em>Por <span style=\"color: #ff0000;\">Prensa Latina<\/span><\/em><\/strong><\/p>\n<p>Ciudad del Vaticano, ROMA.- El papa Le\u00f3n XIV demand\u00f3 al presidente de Estados Unidos, Donald Trump, poner fin a la violencia que genera odio en el mundo, seg\u00fan se\u00f1ala hoy una nota publicada en el diario Vatican News.<\/p>\n<div class=\"elementor-element elementor-element-0aea3a0 elementor-widget elementor-widget-theme-post-content\" data-id=\"0aea3a0\" data-element_type=\"widget\" data-e-type=\"widget\" data-widget_type=\"theme-post-content.default\">\n<div class=\"elementor-widget-container\">\n<p>\u201cMe informaron que el presidente Trump dijo recientemente que quiere poner fin a la guerra, y esperamos que est\u00e9 buscando una salida, que est\u00e9 buscando la manera de reducir la violencia y los bombardeos\u201d, expres\u00f3 el sumo pont\u00edfice en declaraciones a medios noticiosos, realizadas la v\u00edspera desde la residencia papal, en Castel Gandolfo.<\/p>\n<figure id=\"attachment_458210\" aria-describedby=\"caption-attachment-458210\" style=\"width: 300px\" class=\"wp-caption alignleft\"><img loading=\"lazy\" decoding=\"async\" class=\"size-medium wp-image-458210\" src=\"https:\/\/primermomento.com\/wp-content\/uploads\/2025\/12\/Leon-XIV-Papa-300x169.jpg\" alt=\"\" width=\"300\" height=\"169\" srcset=\"https:\/\/primermomento.com\/wp-content\/uploads\/2025\/12\/Leon-XIV-Papa-300x169.jpg 300w, https:\/\/primermomento.com\/wp-content\/uploads\/2025\/12\/Leon-XIV-Papa-768x432.jpg 768w, https:\/\/primermomento.com\/wp-content\/uploads\/2025\/12\/Leon-XIV-Papa-696x392.jpg 696w, https:\/\/primermomento.com\/wp-content\/uploads\/2025\/12\/Leon-XIV-Papa.jpg 1024w\" sizes=\"auto, (max-width: 300px) 100vw, 300px\" \/><figcaption id=\"caption-attachment-458210\" class=\"wp-caption-text\">Papa Le\u00f3n XIV<\/figcaption><\/figure>\n<p>El Obispo de Roma apunt\u00f3 que esa decisi\u00f3n \u201cser\u00eda una contribuci\u00f3n significativa para erradicar el odio que se est\u00e1 generando y que crece constantemente en Medio Oriente y en otros lugares\u201d.<\/p>\n<p>En su intercambio con los periodistas presentes frente a Villa Barberini, en el marco de la Semana Santa y a pocos d\u00edas de celebrarse la Pascua, del pr\u00f3ximo domingo 5 de abril, el Santo Padre exhort\u00f3 a los l\u00edderes mundiales a que \u201cregresemos a la mesa de di\u00e1logo, y busquemos soluciones a los problemas\u201d.<\/p>\n<p>\u201cBusquemos maneras de reducir la violencia que estamos alimentando, y que la paz, especialmente en Pascua, est\u00e9 en nuestros corazones\u201d, pues \u201cCristo sigue sufriendo hoy en los inocentes, especialmente en aquellos que sufren la violencia, el odio y la guerra\u201d, dijo Le\u00f3n XIV, y pidi\u00f3 que \u201coremos para que haya una paz nueva y renovada\u201d.<\/p>\n<p>\u201cHacemos un llamado constante a la paz, pero lamentablemente muchos quieren promover el odio, la violencia y la guerra\u201d, asever\u00f3 y record\u00f3 que la Pascua misma \u201cdeber\u00eda ser el tiempo m\u00e1s santo y sagrado de todo el a\u00f1o, un tiempo de paz, un tiempo de profunda reflexi\u00f3n\u201d.<\/p>\n<p>Sin embargo, \u201ccomo todos sabemos, una vez m\u00e1s en el mundo, en muchos lugares, estamos viendo tanto sufrimiento, tantas muertes, incluso de ni\u00f1os inocentes\u201d, agreg\u00f3 el l\u00edder de la Iglesia Cat\u00f3lica.<\/p>\n<p>El pasado 29 de marzo, durante la celebraci\u00f3n lit\u00fargica del Domingo de Ramos que dio inicio a las celebraciones por la Semana Santa cat\u00f3lica, el papa Le\u00f3n XIV expres\u00f3 en su homil\u00eda que \u201cnuestro Dios: Jes\u00fas, rey de paz\u201d es \u201cun Dios que rechaza la guerra, a quien nadie puede usar para justificarla, que no escucha las oraciones de los que la libran\u201d.<\/p>\n<p>Cristo rechaza las oraciones de los guerreristas \u201cdiciendo que, aunque multipliquen sus s\u00faplicas, no las escuchar\u00e9; sus manos est\u00e1n llenas de sangre\u201d y, desde la cruz, les pide que \u201c\u00a1Tengan misericordia! \u00a1Depongan las armas, recuerden que son hermanos!\u00bb, enfatiz\u00f3 en sus palabras divulgadas por la oficina de prensa de la Santa Sede.<\/p>\n<p>En las llagas de Jes\u00fas \u201cvemos las heridas de tantos hombres y mujeres hoy\u201d y \u201cen su \u00faltimo clamor al Padre, o\u00edmos el clamor de los abatidos, los desesperanzados, los enfermos, los solitarios y, sobre todo, o\u00edmos el clamor de dolor de todos los oprimidos por la violencia y de todas las v\u00edctimas de la guerra\u201d, lament\u00f3 el pont\u00edfice.<\/p>\n<p>\u201cMientras la Iglesia contempla el misterio de la Pasi\u00f3n del Se\u00f1or, no podemos olvidar a quienes hoy participan verdaderamente de su sufrimiento\u201d, expres\u00f3 el papa Le\u00f3n XIV, y pidi\u00f3 que \u201celevemos nuestra oraci\u00f3n\u201d por \u201clos pueblos heridos por la guerra\u201d para que \u201cse abran caminos concretos de reconciliaci\u00f3n y paz\u201d, agrega la fuente.<\/p>\n<\/div>\n<\/div>\n<div class=\"elementor-element elementor-element-4f75016 elementor-widget elementor-widget-post-info\" data-id=\"4f75016\" data-element_type=\"widget\" data-e-type=\"widget\" data-widget_type=\"post-info.default\">\n<div class=\"elementor-widget-container\">\n<ul class=\"elementor-inline-items elementor-icon-list-items elementor-post-info\">\n<li class=\"elementor-icon-list-item elementor-repeater-item-17dda3e elementor-inline-item\"><em><span class=\"elementor-icon-list-text elementor-post-info__item elementor-post-info__item--type-custom\">#<a href=\"https:\/\/primermomento.com\/?p=463810\" rel=\"tag\">conflictos<\/a>\u00a0#<a href=\"https:\/\/primermomento.com\/?p=463810\" rel=\"tag\">guerra<\/a>\u00a0#<a href=\"https:\/\/primermomento.com\/?p=463810\" rel=\"tag\">Papa Le\u00f3nXIV<\/a>\u00a0#<a href=\"https:\/\/primermomento.com\/?p=463810\" rel=\"tag\">paz<\/a>\u00a0#<a href=\"https:\/\/primermomento.com\/?p=463810\" rel=\"tag\">trump<\/a>\u00a0#<a href=\"https:\/\/primermomento.com\/?p=463810\" rel=\"tag\">vaticano<\/a><\/span><\/em><\/li>\n<\/ul>\n<\/div>\n<\/div>\n","protected":false},"excerpt":{"rendered":"<p>Por Prensa Latina Ciudad del Vaticano, ROMA.- El papa Le\u00f3n XIV demand\u00f3 al presidente de Estados Unidos, Donald Trump, poner fin a la violencia que genera odio en el mundo, seg\u00fan se\u00f1ala hoy una nota publicada en el diario Vatican News. \u201cMe informaron que el presidente Trump dijo recientemente que quiere poner fin a la [&hellip;]<\/p>\n","protected":false},"author":1,"featured_media":458210,"comment_status":"open","ping_status":"open","sticky":false,"template":"","format":"video","meta":{"_bbp_topic_count":0,"_bbp_reply_count":0,"_bbp_total_topic_count":0,"_bbp_total_reply_count":0,"_bbp_voice_count":0,"_bbp_anonymous_reply_count":0,"_bbp_topic_count_hidden":0,"_bbp_reply_count_hidden":0,"_bbp_forum_subforum_count":0,"footnotes":""},"categories":[61,106],"tags":[],"class_list":{"0":"post-463810","1":"post","2":"type-post","3":"status-publish","4":"format-video","5":"has-post-thumbnail","7":"category-mundo","8":"category-video-news","9":"post_format-post-format-video"},"_links":{"self":[{"href":"https:\/\/primermomento.com\/index.php?rest_route=\/wp\/v2\/posts\/463810","targetHints":{"allow":["GET"]}}],"collection":[{"href":"https:\/\/primermomento.com\/index.php?rest_route=\/wp\/v2\/posts"}],"about":[{"href":"https:\/\/primermomento.com\/index.php?rest_route=\/wp\/v2\/types\/post"}],"author":[{"embeddable":true,"href":"https:\/\/primermomento.com\/index.php?rest_route=\/wp\/v2\/users\/1"}],"replies":[{"embeddable":true,"href":"https:\/\/primermomento.com\/index.php?rest_route=%2Fwp%2Fv2%2Fcomments&post=463810"}],"version-history":[{"count":3,"href":"https:\/\/primermomento.com\/index.php?rest_route=\/wp\/v2\/posts\/463810\/revisions"}],"predecessor-version":[{"id":463895,"href":"https:\/\/primermomento.com\/index.php?rest_route=\/wp\/v2\/posts\/463810\/revisions\/463895"}],"wp:featuredmedia":[{"embeddable":true,"href":"https:\/\/primermomento.com\/index.php?rest_route=\/wp\/v2\/media\/458210"}],"wp:attachment":[{"href":"https:\/\/primermomento.com\/index.php?rest_route=%2Fwp%2Fv2%2Fmedia&parent=463810"}],"wp:term":[{"taxonomy":"category","embeddable":true,"href":"https:\/\/primermomento.com\/index.php?rest_route=%2Fwp%2Fv2%2Fcategories&post=463810"},{"taxonomy":"post_tag","embeddable":true,"href":"https:\/\/primermomento.com\/index.php?rest_route=%2Fwp%2Fv2%2Ftags&post=463810"}],"curies":[{"name":"wp","href":"https:\/\/api.w.org\/{rel}","templated":true}]}}