{"id":463816,"date":"2026-04-01T09:00:39","date_gmt":"2026-04-01T13:00:39","guid":{"rendered":"https:\/\/primermomento.com\/?p=463816"},"modified":"2026-04-01T14:39:58","modified_gmt":"2026-04-01T18:39:58","slug":"a-supremo-de-eeuu-orden-de-trump-contra-ciudadania-por-nacimiento","status":"publish","type":"post","link":"https:\/\/primermomento.com\/?p=463816","title":{"rendered":"A Supremo de EEUU orden de Trump contra ciudadan\u00eda por nacimiento"},"content":{"rendered":"<p><em><strong>Por <span style=\"color: #ff0000;\">Prensa Latina<\/span><\/strong><\/em><\/p>\n<p>Washington, EEUU.- La Corte Suprema de Justicia de Estados Unidos celebrar\u00e1 hoy una audiencia oral para examinar el decreto de la Casa Blanca que limitar\u00eda aqu\u00ed la ciudadan\u00eda por nacimiento, un derecho hist\u00f3rico consagrado en la Constituci\u00f3n del pa\u00eds.<\/p>\n<p>Los jueces tendr\u00e1n que resolver si es constitucional o no la orden ejecutiva que el presidente, Donald Trump, firm\u00f3 el primer d\u00eda de su regreso al cargo, en enero del pasado a\u00f1o, que pondr\u00eda fin a la ciudadan\u00eda autom\u00e1tica que obtienen todas aquellas personas nacidas en Estados Unidos de padres indocumentados o con estatus legal temporal.<\/p>\n<p>La ciudadan\u00eda por derecho de nacimiento se establece en la Decimocuarta Enmienda y fue ratificada tras la Guerra Civil con el prop\u00f3sito de que los antiguos esclavos y sus hijos pudieran naturalizarse.<\/p>\n<p>Se trata de un caso hist\u00f3rico. Si los jueces respaldaran la orden de Trump romper\u00edan con m\u00e1s de 150 a\u00f1os de jurisprudencia defendiendo el derecho a adquirir la nacionalidad estadounidense por el hecho de nacer en territorio nacional.<\/p>\n<p>La decisi\u00f3n del m\u00e1ximo tribunal de justicia de la naci\u00f3n se conocer\u00e1 en unos tres meses y hasta ese momento el plan de la mansi\u00f3n ejecutiva seguir\u00e1 congelado.<\/p>\n<p>El Supremo, formado por nueve jueces de mayor\u00eda conservadora, ya anul\u00f3 parcialmente los aranceles de Trump, una pieza clave de su agenda econ\u00f3mica. Adem\u00e1s, debatir\u00e1n en este cuarto mes del a\u00f1o el tema de las protecciones para los migrantes con estatus de protecci\u00f3n temporal.<\/p>\n<p>A\u00fan quedan pendientes los fallos sobre la facultad del presidente para destituir a miembros de organismos independientes, entre ellos los gobernadores de la Reserva Federal.<\/p>\n<p>El lunes Trump arremeti\u00f3 en su red Truth Social contra el Tribunal. \u201cEl mundo se est\u00e1 enriqueciendo vendiendo ciudadan\u00edas a nuestro pa\u00eds, mientras (\u2026) se r\u00ede de lo EST\u00daPIDO en que se ha convertido nuestro sistema judicial estadounidense (\u00a1ARANCELES!). \u2018\u00a1Los jueces y magistrados ineptos no hacen a un gran pa\u00eds!\u2019\u201d, escribi\u00f3.<\/p>\n","protected":false},"excerpt":{"rendered":"<p>Por Prensa Latina Washington, EEUU.- La Corte Suprema de Justicia de Estados Unidos celebrar\u00e1 hoy una audiencia oral para examinar el decreto de la Casa Blanca que limitar\u00eda aqu\u00ed la ciudadan\u00eda por nacimiento, un derecho hist\u00f3rico consagrado en la Constituci\u00f3n del pa\u00eds. Los jueces tendr\u00e1n que resolver si es constitucional o no la orden ejecutiva [&hellip;]<\/p>\n","protected":false},"author":1,"featured_media":390992,"comment_status":"open","ping_status":"open","sticky":false,"template":"","format":"standard","meta":{"_bbp_topic_count":0,"_bbp_reply_count":0,"_bbp_total_topic_count":0,"_bbp_total_reply_count":0,"_bbp_voice_count":0,"_bbp_anonymous_reply_count":0,"_bbp_topic_count_hidden":0,"_bbp_reply_count_hidden":0,"_bbp_forum_subforum_count":0,"footnotes":""},"categories":[61],"tags":[],"class_list":{"0":"post-463816","1":"post","2":"type-post","3":"status-publish","4":"format-standard","5":"has-post-thumbnail","7":"category-mundo"},"_links":{"self":[{"href":"https:\/\/primermomento.com\/index.php?rest_route=\/wp\/v2\/posts\/463816","targetHints":{"allow":["GET"]}}],"collection":[{"href":"https:\/\/primermomento.com\/index.php?rest_route=\/wp\/v2\/posts"}],"about":[{"href":"https:\/\/primermomento.com\/index.php?rest_route=\/wp\/v2\/types\/post"}],"author":[{"embeddable":true,"href":"https:\/\/primermomento.com\/index.php?rest_route=\/wp\/v2\/users\/1"}],"replies":[{"embeddable":true,"href":"https:\/\/primermomento.com\/index.php?rest_route=%2Fwp%2Fv2%2Fcomments&post=463816"}],"version-history":[{"count":1,"href":"https:\/\/primermomento.com\/index.php?rest_route=\/wp\/v2\/posts\/463816\/revisions"}],"predecessor-version":[{"id":463817,"href":"https:\/\/primermomento.com\/index.php?rest_route=\/wp\/v2\/posts\/463816\/revisions\/463817"}],"wp:featuredmedia":[{"embeddable":true,"href":"https:\/\/primermomento.com\/index.php?rest_route=\/wp\/v2\/media\/390992"}],"wp:attachment":[{"href":"https:\/\/primermomento.com\/index.php?rest_route=%2Fwp%2Fv2%2Fmedia&parent=463816"}],"wp:term":[{"taxonomy":"category","embeddable":true,"href":"https:\/\/primermomento.com\/index.php?rest_route=%2Fwp%2Fv2%2Fcategories&post=463816"},{"taxonomy":"post_tag","embeddable":true,"href":"https:\/\/primermomento.com\/index.php?rest_route=%2Fwp%2Fv2%2Ftags&post=463816"}],"curies":[{"name":"wp","href":"https:\/\/api.w.org\/{rel}","templated":true}]}}