{"id":463818,"date":"2026-04-01T08:00:01","date_gmt":"2026-04-01T12:00:01","guid":{"rendered":"https:\/\/primermomento.com\/?p=463818"},"modified":"2026-04-01T11:22:13","modified_gmt":"2026-04-01T15:22:13","slug":"testigo-del-tiempo-el-otono-de-adriano","status":"publish","type":"post","link":"https:\/\/primermomento.com\/?p=463818","title":{"rendered":"Testigo del tiempo | \u00bfEl oto\u00f1o de Adriano?"},"content":{"rendered":"<div dir=\"ltr\">\n<div>\n<p><strong><em>Por <span style=\"color: #ff0000;\">J.C. Malone<\/span><\/em><\/strong><\/p>\n<p>Desde 1996, cuando Adriano Espaillat fue electo asamble\u00edsta estatal, han transcurrido tres d\u00e9cadas, hoy una ni\u00f1a que ten\u00eda dos a\u00f1os cuando el gan\u00f3, le disputa su posici\u00f3n.<\/p>\n<p>Darieliza \u00c1vila Chevalier ten\u00eda dos a\u00f1os cuando Espaillat fue electo por primera vez. El primer politico dominicano electo a la Asamblea Estatal y al Congreso de los Estados Unidos est\u00e1 en serios problemas. Lo desaf\u00eda un pujante y ascendente movimiento pol\u00edtico nacional. Est\u00e1 liderado por el senador Bernie Sanders, a nivel del Congreso, est\u00e1 Alexandria Ocasio-Cortez y a nivel municipal, el nuevo alcalde neoyorquino, Zohran Mamdani.<\/p>\n<figure id=\"attachment_442110\" aria-describedby=\"caption-attachment-442110\" style=\"width: 196px\" class=\"wp-caption alignleft\"><img loading=\"lazy\" decoding=\"async\" class=\"size-full wp-image-442110\" src=\"https:\/\/primermomento.com\/wp-content\/uploads\/2025\/05\/J.C.-Malone_Testigo-del-Tiempo.jpg\" alt=\"\" width=\"196\" height=\"244\" \/><figcaption id=\"caption-attachment-442110\" class=\"wp-caption-text\">J.C. Malone<br \/>Analista pol\u00edtico<\/figcaption><\/figure>\n<p>Espaillat lleva 30 a\u00f1os en el poder; ese poder se ha desgastado y tiene muy poco que mostrarle al electorado. Ahora enfrenta un desaf\u00edo juvenil, un movimiento ascendente.<\/p>\n<p>\u00c1vila-Chevalier es dominicana, del \u00e1rea de Hig\u00fcey, la carta de la nacionalidad no funciona contra ella, quien porta la visi\u00f3n de la nueva generaci\u00f3n.<\/p>\n<p>Espaillat, en su momento, se agenci\u00f3 el apoyo de los capitales financieros y azucareros dominicanos para financiar su campa\u00f1a; quien paga manda, todo el mundo sabe eso. Esos grupos consiguieron todo lo que necesitaban de un congresista. La comunidad dominicana local consigui\u00f3, como dice el poema, \u201cpoco, casi nada\u00bb; ahora Espaillat tendr\u00e1 que responder.<\/p>\n<p>Esa es la din\u00e1mica de la pol\u00edtica vern\u00e1cula estadounidense.<\/p>\n<p>Tras varios intentos, Espaillat destron\u00f3 a Charles Rangel, quien llevaba 45 a\u00f1os como congresista del Distrito 13, que abarcaba Harlem, Washington Heights y el oeste de El Bronx. Espaillat m\u00e1s bien actu\u00f3 solo, pero ahora hay todo un movimiento.<\/p>\n<p>En 2018, Ocasio-Cortez, una perfecta desconocida, le gan\u00f3 las elecciones a Joe Crowley, un congresista dem\u00f3crata con 20 a\u00f1os de experiencia. Ah\u00ed los \u201csocialistas democr\u00e1ticos\u201d empezaron a ganar.<\/p>\n<p>Ese mismo movimiento se eficientiz\u00f3, tuvo otros triunfos fuera de Nueva York, a donde retorn\u00f3 el a\u00f1o pasado. Present\u00f3 a Zohar Mamdani como candidato a la alcald\u00eda, y barrio con todos los pol\u00edticos tradicionales.<\/p>\n<p>Ocasio-Cortez y Mamdani saben barrer con pol\u00edticos tradicionales; son la nueva generaci\u00f3n pol\u00edtica y apoyan el desaf\u00edo de \u00c1vila-Chevalier contra Espaillat, un pol\u00edtico dominicano tradicional.<\/p>\n<p>Y nos preguntamos: \u00bfya lleg\u00f3 el oto\u00f1o de Adriano?<\/p>\n<\/div>\n<\/div>\n<div>\n<p>S\u00edgueme en Youtube&#8230;<\/p>\n<div><a href=\"https:\/\/www.youtube.com\/channel\/UCC_JSYrYV93iklTEhAjiBqQ?view_as=subscriber\" target=\"_blank\" rel=\"noopener\" data-saferedirecturl=\"https:\/\/www.google.com\/url?q=https:\/\/www.youtube.com\/channel\/UCC_JSYrYV93iklTEhAjiBqQ?view_as%3Dsubscriber&amp;source=gmail&amp;ust=1775143008091000&amp;usg=AOvVaw2jRhQRI4NdkqZxgsFhY8mX\">https:\/\/www.youtube.com\/<wbr \/>channel\/UCC_<wbr \/>JSYrYV93iklTEhAjiBqQ?view_as=<wbr \/>subscriber<\/a><\/div>\n<\/div>\n","protected":false},"excerpt":{"rendered":"<p>Por J.C. Malone Desde 1996, cuando Adriano Espaillat fue electo asamble\u00edsta estatal, han transcurrido tres d\u00e9cadas, hoy una ni\u00f1a que ten\u00eda dos a\u00f1os cuando el gan\u00f3, le disputa su posici\u00f3n. Darieliza \u00c1vila Chevalier ten\u00eda dos a\u00f1os cuando Espaillat fue electo por primera vez. El primer politico dominicano electo a la Asamblea Estatal y al Congreso [&hellip;]<\/p>\n","protected":false},"author":1,"featured_media":415641,"comment_status":"open","ping_status":"open","sticky":false,"template":"","format":"standard","meta":{"_bbp_topic_count":0,"_bbp_reply_count":0,"_bbp_total_topic_count":0,"_bbp_total_reply_count":0,"_bbp_voice_count":0,"_bbp_anonymous_reply_count":0,"_bbp_topic_count_hidden":0,"_bbp_reply_count_hidden":0,"_bbp_forum_subforum_count":0,"footnotes":""},"categories":[33],"tags":[],"class_list":{"0":"post-463818","1":"post","2":"type-post","3":"status-publish","4":"format-standard","5":"has-post-thumbnail","7":"category-opinion"},"_links":{"self":[{"href":"https:\/\/primermomento.com\/index.php?rest_route=\/wp\/v2\/posts\/463818","targetHints":{"allow":["GET"]}}],"collection":[{"href":"https:\/\/primermomento.com\/index.php?rest_route=\/wp\/v2\/posts"}],"about":[{"href":"https:\/\/primermomento.com\/index.php?rest_route=\/wp\/v2\/types\/post"}],"author":[{"embeddable":true,"href":"https:\/\/primermomento.com\/index.php?rest_route=\/wp\/v2\/users\/1"}],"replies":[{"embeddable":true,"href":"https:\/\/primermomento.com\/index.php?rest_route=%2Fwp%2Fv2%2Fcomments&post=463818"}],"version-history":[{"count":2,"href":"https:\/\/primermomento.com\/index.php?rest_route=\/wp\/v2\/posts\/463818\/revisions"}],"predecessor-version":[{"id":463820,"href":"https:\/\/primermomento.com\/index.php?rest_route=\/wp\/v2\/posts\/463818\/revisions\/463820"}],"wp:featuredmedia":[{"embeddable":true,"href":"https:\/\/primermomento.com\/index.php?rest_route=\/wp\/v2\/media\/415641"}],"wp:attachment":[{"href":"https:\/\/primermomento.com\/index.php?rest_route=%2Fwp%2Fv2%2Fmedia&parent=463818"}],"wp:term":[{"taxonomy":"category","embeddable":true,"href":"https:\/\/primermomento.com\/index.php?rest_route=%2Fwp%2Fv2%2Fcategories&post=463818"},{"taxonomy":"post_tag","embeddable":true,"href":"https:\/\/primermomento.com\/index.php?rest_route=%2Fwp%2Fv2%2Ftags&post=463818"}],"curies":[{"name":"wp","href":"https:\/\/api.w.org\/{rel}","templated":true}]}}