{"id":463821,"date":"2026-04-01T07:30:17","date_gmt":"2026-04-01T11:30:17","guid":{"rendered":"https:\/\/primermomento.com\/?p=463821"},"modified":"2026-04-01T11:25:28","modified_gmt":"2026-04-01T15:25:28","slug":"dios-trivializado","status":"publish","type":"post","link":"https:\/\/primermomento.com\/?p=463821","title":{"rendered":"Dios trivializado"},"content":{"rendered":"<p><strong><em>Por <span style=\"color: #ff0000;\">Rosario Espinal<\/span><\/em><\/strong><\/p>\n<p>La Semana Santa se ha vuelto una semana de diversi\u00f3n: hoteles llenos, casas de veraneo, playas, r\u00edos, bebidas y m\u00fasica (no sacra). Una degradaci\u00f3n de la raz\u00f3n de ser de este feriado, extendido a una semana para las escuelas, dos d\u00edas para el Gobierno y un d\u00eda para el sector privado (en la pr\u00e1ctica puede ser m\u00e1s).<\/p>\n<p>En general, desde hace tiempo percibo un proceso de degradaci\u00f3n y trivializaci\u00f3n de Dios, no solo por lo que ocurre en Semana Santa.<\/p>\n<figure id=\"attachment_308326\" aria-describedby=\"caption-attachment-308326\" style=\"width: 145px\" class=\"wp-caption alignleft\"><img loading=\"lazy\" decoding=\"async\" class=\"size-full wp-image-308326\" src=\"https:\/\/primermomento.com\/wp-content\/uploads\/2018\/08\/rosario-espinal1.jpg\" alt=\"\" width=\"145\" height=\"145\" srcset=\"https:\/\/primermomento.com\/wp-content\/uploads\/2018\/08\/rosario-espinal1.jpg 145w, https:\/\/primermomento.com\/wp-content\/uploads\/2018\/08\/rosario-espinal1-50x50.jpg 50w, https:\/\/primermomento.com\/wp-content\/uploads\/2018\/08\/rosario-espinal1-118x118.jpg 118w, https:\/\/primermomento.com\/wp-content\/uploads\/2018\/08\/rosario-espinal1-30x30.jpg 30w\" sizes=\"auto, (max-width: 145px) 100vw, 145px\" \/><figcaption id=\"caption-attachment-308326\" class=\"wp-caption-text\">Rosario Espinal<br \/>Polit\u00f3loga<\/figcaption><\/figure>\n<p>Las distintas iglesias, al competir por captar feligreses, luchan por ocupar la mayor cantidad de espacios f\u00edsicos y medi\u00e1ticos, hasta donde no es pertinente, y el avance abarcador de las redes sociales ha contribuido a la trivializaci\u00f3n.<\/p>\n<p>El car\u00e1cter masivo de las redes permite que millones de personas act\u00faen como promotores cotidianos de fetichismos religiosos. Por las redes se env\u00edan constantemente muchos mensajes con alegor\u00eda a Dios, a Jes\u00fas, a Mar\u00eda, o a los santos. Anuncian cadenas de oraci\u00f3n con distintos prop\u00f3sitos y env\u00edan bendiciones.<\/p>\n<p>Las intenciones religiosas no son nuevas. En las misas cat\u00f3licas es costumbre hacerlas por diversos motivos. Los velones tambi\u00e9n acompa\u00f1an peticiones, y hay un santo o una virgen para distintos prop\u00f3sitos.<\/p>\n<p>En el pasado, esas tradiciones requer\u00edan de una acci\u00f3n concreta ritualista, como, por ejemplo, asistir a la misa donde se hace la intenci\u00f3n, ir a un santuario a prender un vel\u00f3n y rezar, transportar un santo o una virgen de un hogar a otro, o hacer alguna oraci\u00f3n casera. En esos rituales la oraci\u00f3n era esencial para la expresi\u00f3n de creencia en lo divino.<\/p>\n<p>En el mundo abreviado de las redes sociales hay menos tiempo para la oraci\u00f3n y la reflexi\u00f3n; dominan los predicadores en mon\u00f3logos o la masificaci\u00f3n de mensajes religiosos acompa\u00f1ados de im\u00e1genes en postalitas.<\/p>\n<p>Se entiende perfectamente que las religiones usen los nuevos medios de comunicaci\u00f3n para transmitir sus mensajes. La conversi\u00f3n y el reforzamiento de las creencias son fundamentales para su existencia. Su \u00e9xito siempre ha radicado en la posibilidad de conquistar millones de seguidores; y eso, sin duda, se facilita en las redes.<\/p>\n<p>Pero llama la atenci\u00f3n que la pr\u00e1ctica religiosa en ese espacio aparezca repetitiva, superficial e irreflexiva.<\/p>\n<p>Y es que el valor humano de la pr\u00e1ctica religiosa radica en la capacidad de experimentar lo divino desde la misma humanidad, porque no conocemos a Dios de manera directa y material. Nunca lo hemos visto, independientemente de que algunas personas se atribuyan milagros y apariciones.<\/p>\n<p>Lo que s\u00ed podemos tener los seres humanos es sensaci\u00f3n de cercan\u00eda con Dios mediante la fe, la oraci\u00f3n y la compenetraci\u00f3n espiritual.<\/p>\n<div class=\"banner-box\"><\/div>\n<p>Los mensajes religiosos que se reparten en las redes sociales no logran ese objetivo. Son fetiches que no resisten siquiera el recuerdo, m\u00e1s all\u00e1 de que su constante reenv\u00edo genera en muchas personas la sensaci\u00f3n espuria de cercan\u00eda con Dios, de una adoraci\u00f3n, que se esfuma r\u00e1pidamente en el continuo bombardeo cibern\u00e9tico.<\/p>\n<p>Si Jesucristo nos hablara directamente hoy, quiz\u00e1s dir\u00eda que es una blasfemia invocar su nombre y el de Dios para tantas trivialidades.<\/p>\n","protected":false},"excerpt":{"rendered":"<p>Por Rosario Espinal La Semana Santa se ha vuelto una semana de diversi\u00f3n: hoteles llenos, casas de veraneo, playas, r\u00edos, bebidas y m\u00fasica (no sacra). Una degradaci\u00f3n de la raz\u00f3n de ser de este feriado, extendido a una semana para las escuelas, dos d\u00edas para el Gobierno y un d\u00eda para el sector privado (en [&hellip;]<\/p>\n","protected":false},"author":1,"featured_media":463822,"comment_status":"open","ping_status":"open","sticky":false,"template":"","format":"standard","meta":{"_bbp_topic_count":0,"_bbp_reply_count":0,"_bbp_total_topic_count":0,"_bbp_total_reply_count":0,"_bbp_voice_count":0,"_bbp_anonymous_reply_count":0,"_bbp_topic_count_hidden":0,"_bbp_reply_count_hidden":0,"_bbp_forum_subforum_count":0,"footnotes":""},"categories":[33],"tags":[],"class_list":{"0":"post-463821","1":"post","2":"type-post","3":"status-publish","4":"format-standard","5":"has-post-thumbnail","7":"category-opinion"},"_links":{"self":[{"href":"https:\/\/primermomento.com\/index.php?rest_route=\/wp\/v2\/posts\/463821","targetHints":{"allow":["GET"]}}],"collection":[{"href":"https:\/\/primermomento.com\/index.php?rest_route=\/wp\/v2\/posts"}],"about":[{"href":"https:\/\/primermomento.com\/index.php?rest_route=\/wp\/v2\/types\/post"}],"author":[{"embeddable":true,"href":"https:\/\/primermomento.com\/index.php?rest_route=\/wp\/v2\/users\/1"}],"replies":[{"embeddable":true,"href":"https:\/\/primermomento.com\/index.php?rest_route=%2Fwp%2Fv2%2Fcomments&post=463821"}],"version-history":[{"count":1,"href":"https:\/\/primermomento.com\/index.php?rest_route=\/wp\/v2\/posts\/463821\/revisions"}],"predecessor-version":[{"id":463823,"href":"https:\/\/primermomento.com\/index.php?rest_route=\/wp\/v2\/posts\/463821\/revisions\/463823"}],"wp:featuredmedia":[{"embeddable":true,"href":"https:\/\/primermomento.com\/index.php?rest_route=\/wp\/v2\/media\/463822"}],"wp:attachment":[{"href":"https:\/\/primermomento.com\/index.php?rest_route=%2Fwp%2Fv2%2Fmedia&parent=463821"}],"wp:term":[{"taxonomy":"category","embeddable":true,"href":"https:\/\/primermomento.com\/index.php?rest_route=%2Fwp%2Fv2%2Fcategories&post=463821"},{"taxonomy":"post_tag","embeddable":true,"href":"https:\/\/primermomento.com\/index.php?rest_route=%2Fwp%2Fv2%2Ftags&post=463821"}],"curies":[{"name":"wp","href":"https:\/\/api.w.org\/{rel}","templated":true}]}}