{"id":463826,"date":"2026-04-01T08:25:15","date_gmt":"2026-04-01T12:25:15","guid":{"rendered":"https:\/\/primermomento.com\/?p=463826"},"modified":"2026-04-01T13:47:27","modified_gmt":"2026-04-01T17:47:27","slug":"iran-descarta-negociaciones-con-eeuu-y-mantiene-cierre-de-ormuz","status":"publish","type":"post","link":"https:\/\/primermomento.com\/?p=463826","title":{"rendered":"Ir\u00e1n descarta negociaciones con EEUU y mantiene cierre de Ormuz"},"content":{"rendered":"<p><strong><em>Por <span style=\"color: #ff0000;\">Prensa Latina<\/span><\/em><\/strong><\/p>\n<p>Teher\u00e1n, IR\u00c1N.- El vicepresidente del Parlamento iran\u00ed, Ali Nikzad, afirm\u00f3 hoy que su pa\u00eds no entablar\u00e1 negociaciones con Estados Unidos ni reabrir\u00e1 el estrecho de Ormuz.<\/p>\n<div class=\"elementor-element elementor-element-0aea3a0 elementor-widget elementor-widget-theme-post-content\" data-id=\"0aea3a0\" data-element_type=\"widget\" data-e-type=\"widget\" data-widget_type=\"theme-post-content.default\">\n<div class=\"elementor-widget-container\">\n<p>Durante una manifestaci\u00f3n en la provincia de Markazi, en el sur del pa\u00eds, Nikzad declar\u00f3 que Teher\u00e1n mantiene una postura firme frente a Washington tras los recientes ataques atribuidos a Estados Unidos e Israel, seg\u00fan report\u00f3 la agencia semioficial Fars.<\/p>\n<p>\u201cEl estrecho de Ormuz jam\u00e1s se abrir\u00e1, no ha habido ni habr\u00e1 negociaciones\u201d, subray\u00f3 el dirigente, en referencia a recientes declaraciones del presidente estadounidense, Donald Trump.<\/p>\n<p>Nikzad rechaz\u00f3 adem\u00e1s versiones difundidas por autoridades estadounidenses sobre supuestos contactos con el presidente del Parlamento iran\u00ed, Mohammad Bagher Ghalibaf, y las calific\u00f3 de \u201cfalsas\u201d y orientadas a generar divisiones internas.<\/p>\n<p>El dirigente sostuvo que las decisiones estrat\u00e9gicas en materia de guerra, paz o negociaciones corresponden al L\u00edder Supremo, Mojtaba Jamenei, quien no ha autorizado di\u00e1logo alguno con Washington.<\/p>\n<p>En sus declaraciones, tambi\u00e9n denunci\u00f3 como \u201cla conspiraci\u00f3n m\u00e1s peligrosa contra Ir\u00e1n\u201d el asesinato del l\u00edder supremo Ali Jamenei y asegur\u00f3 que su pa\u00eds responder\u00e1 a ese hecho.<\/p>\n<p>Desde finales de febrero, Ir\u00e1n enfrenta una escalada militar con Estados Unidos e Israel que ha dejado miles de v\u00edctimas, mientras Teher\u00e1n ha respondido con ataques con misiles y drones contra Israel y objetivos que considera vinculados a intereses estadounidenses en la regi\u00f3n.<\/p>\n<p>El cierre del estrecho de Ormuz, una de las principales rutas del comercio energ\u00e9tico mundial, ha incrementado la preocupaci\u00f3n internacional por el impacto en los mercados y la seguridad regional.<\/p>\n<\/div>\n<\/div>\n<div class=\"elementor-element elementor-element-4f75016 elementor-widget elementor-widget-post-info\" data-id=\"4f75016\" data-element_type=\"widget\" data-e-type=\"widget\" data-widget_type=\"post-info.default\">\n<div class=\"elementor-widget-container\">\n<ul class=\"elementor-inline-items elementor-icon-list-items elementor-post-info\">\n<li class=\"elementor-icon-list-item elementor-repeater-item-17dda3e elementor-inline-item\"><em><span class=\"elementor-icon-list-text elementor-post-info__item elementor-post-info__item--type-custom\">#<a href=\"https:\/\/primermomento.com\/?p=463826\" rel=\"tag\">negociaciones<\/a>\u00a0#<a href=\"https:\/\/primermomento.com\/?p=463826\" rel=\"tag\">ormuz<\/a><\/span><\/em><\/li>\n<\/ul>\n<\/div>\n<\/div>\n","protected":false},"excerpt":{"rendered":"<p>Por Prensa Latina Teher\u00e1n, IR\u00c1N.- El vicepresidente del Parlamento iran\u00ed, Ali Nikzad, afirm\u00f3 hoy que su pa\u00eds no entablar\u00e1 negociaciones con Estados Unidos ni reabrir\u00e1 el estrecho de Ormuz. Durante una manifestaci\u00f3n en la provincia de Markazi, en el sur del pa\u00eds, Nikzad declar\u00f3 que Teher\u00e1n mantiene una postura firme frente a Washington tras los [&hellip;]<\/p>\n","protected":false},"author":1,"featured_media":463827,"comment_status":"open","ping_status":"open","sticky":false,"template":"","format":"standard","meta":{"_bbp_topic_count":0,"_bbp_reply_count":0,"_bbp_total_topic_count":0,"_bbp_total_reply_count":0,"_bbp_voice_count":0,"_bbp_anonymous_reply_count":0,"_bbp_topic_count_hidden":0,"_bbp_reply_count_hidden":0,"_bbp_forum_subforum_count":0,"footnotes":""},"categories":[61],"tags":[],"class_list":{"0":"post-463826","1":"post","2":"type-post","3":"status-publish","4":"format-standard","5":"has-post-thumbnail","7":"category-mundo"},"_links":{"self":[{"href":"https:\/\/primermomento.com\/index.php?rest_route=\/wp\/v2\/posts\/463826","targetHints":{"allow":["GET"]}}],"collection":[{"href":"https:\/\/primermomento.com\/index.php?rest_route=\/wp\/v2\/posts"}],"about":[{"href":"https:\/\/primermomento.com\/index.php?rest_route=\/wp\/v2\/types\/post"}],"author":[{"embeddable":true,"href":"https:\/\/primermomento.com\/index.php?rest_route=\/wp\/v2\/users\/1"}],"replies":[{"embeddable":true,"href":"https:\/\/primermomento.com\/index.php?rest_route=%2Fwp%2Fv2%2Fcomments&post=463826"}],"version-history":[{"count":1,"href":"https:\/\/primermomento.com\/index.php?rest_route=\/wp\/v2\/posts\/463826\/revisions"}],"predecessor-version":[{"id":463828,"href":"https:\/\/primermomento.com\/index.php?rest_route=\/wp\/v2\/posts\/463826\/revisions\/463828"}],"wp:featuredmedia":[{"embeddable":true,"href":"https:\/\/primermomento.com\/index.php?rest_route=\/wp\/v2\/media\/463827"}],"wp:attachment":[{"href":"https:\/\/primermomento.com\/index.php?rest_route=%2Fwp%2Fv2%2Fmedia&parent=463826"}],"wp:term":[{"taxonomy":"category","embeddable":true,"href":"https:\/\/primermomento.com\/index.php?rest_route=%2Fwp%2Fv2%2Fcategories&post=463826"},{"taxonomy":"post_tag","embeddable":true,"href":"https:\/\/primermomento.com\/index.php?rest_route=%2Fwp%2Fv2%2Ftags&post=463826"}],"curies":[{"name":"wp","href":"https:\/\/api.w.org\/{rel}","templated":true}]}}