{"id":463829,"date":"2026-04-01T08:26:31","date_gmt":"2026-04-01T12:26:31","guid":{"rendered":"https:\/\/primermomento.com\/?p=463829"},"modified":"2026-04-01T13:50:25","modified_gmt":"2026-04-01T17:50:25","slug":"trump-hablara-a-la-nacion-sobre-guerra-de-eeuu-en-iran","status":"publish","type":"post","link":"https:\/\/primermomento.com\/?p=463829","title":{"rendered":"Trump hablar\u00e1 a la naci\u00f3n sobre guerra de EEUU en Ir\u00e1n"},"content":{"rendered":"<p><strong><em>Por <span style=\"color: #ff0000;\">Prensa Latina<\/span><\/em><\/strong><\/p>\n<p>Washington, EEUU.- En medio de se\u00f1ales mixtas de amenazas y negociaci\u00f3n, el presidente de Estados Unidos, Donald Trump, ofrecer\u00e1 hoy un discurso a la naci\u00f3n en horario estelar para \u201cuna importante actualizaci\u00f3n sobre Ir\u00e1n\u201d, dijo la Casa Blanca.<\/p>\n<div class=\"elementor-element elementor-element-0aea3a0 elementor-widget elementor-widget-theme-post-content\" data-id=\"0aea3a0\" data-element_type=\"widget\" data-e-type=\"widget\" data-widget_type=\"theme-post-content.default\">\n<div class=\"elementor-widget-container\">\n<p>La alocuci\u00f3n, prevista para las 21:00 (hora del Este), ser\u00e1 transmitida por las principales cadenas televisivas del pa\u00eds en un momento en que el mandatario recibe cr\u00edticas, incluso de aliados conservadores que decidieron desmarcarse de su decisi\u00f3n de llevar al pa\u00eds a otro conflicto b\u00e9lico.<\/p>\n<p>Tampoco los estadounidenses apoyan esta nueva guerra y ello podr\u00eda pasarle factura al Partido Republicano en las elecciones intermedias de noviembre, donde perder\u00edan el control de alguna de las c\u00e1maras del Congreso.<\/p>\n<p>Durante el fin de semana se calcula que m\u00e1s de ocho millones de estadounidenses salieron a las calles de ciudades en los 50 estados para protestar contra las pol\u00edticas de Trump y expresar alto su no a la guerra.<\/p>\n<p>Aunque la secretaria de prensa de la mansi\u00f3n ejecutiva, Karoline Leavitt, hizo el anuncio del discurso la v\u00edspera sin ofrecer detalles acerca del contenido, la expectativa respecto al qu\u00e9 dir\u00e1 el ocupante del Despacho Oval es alta.<\/p>\n<p>La guerra, iniciada por Estados Unidos e Israel contra Ir\u00e1n el pasado 28 de febrero, ya se extiende por m\u00e1s de un mes. Seg\u00fan Trump, la guerra terminar\u00e1 en \u201cdos o tres semanas\u201d, porque ya se habr\u00edan alcanzado los objetivos principales, pero antes presumi\u00f3 de que la Operaci\u00f3n Furia \u00c9pica ser\u00eda una \u201cexcursi\u00f3n a corto plazo\u201d.<\/p>\n<p>En los \u00faltimos d\u00edas, Trump ha insistido en que se alcanzar\u00e1 un acuerdo con Ir\u00e1n en cuesti\u00f3n de semanas y a su vez sigue elevando el tono de sus amenazas militares contra la Rep\u00fablica Isl\u00e1mica.<\/p>\n<p>Sin embargo, Teher\u00e1n niega que existan pl\u00e1ticas. El vicepresidente del Parlamento iran\u00ed, Ali Nikzad, afirm\u00f3 este mi\u00e9rcoles que su pa\u00eds no entablar\u00e1 negociaciones con Estados Unidos ni reabrir\u00e1 el estrecho de Ormuz.<\/p>\n<p>Por otra parte, un reporte de CNN se\u00f1al\u00f3 que Matthew Chance, un alto funcionario iran\u00ed, rest\u00f3 importancia a lo que dir\u00e1 esta noche el presidente Trump sobre la guerra, pues no lo consideran una gu\u00eda fiable de lo que est\u00e1 sucediendo.<\/p>\n<p>\u201cEste rasgo refleja una personalidad inestable y exc\u00e9ntrica\u201d, declar\u00f3 al referirse al comportamiento del gobernante.<\/p>\n<p>Nate Swanson, un exdiplom\u00e1tico estadounidense que particip\u00f3 el pasado a\u00f1o en las negociaciones con Teher\u00e1n, opin\u00f3 a The Washington Post que \u00abIr\u00e1n quiere esta guerra de desgaste\u00bb.<\/p>\n<p>\u00abUna vez iniciada la guerra pasaron a tener dos objetivos: uno era sobrevivir, el otro sobrevivir m\u00e1s que Trump. Hacer que Estados Unidos sienta tanto dolor a trav\u00e9s de la econom\u00eda y los ataques a la infraestructura energ\u00e9tica, que no lo vuelva a hacer\u00bb, consider\u00f3.<\/p>\n<p>Las encuestas llevan a Trump a nuevos m\u00ednimos y los bolsillos de los ciudadanos comienzan a resentirse m\u00e1s aqu\u00ed con el vertiginoso aumento de los precios de la gasolina.<\/p>\n<p>#<em><a href=\"https:\/\/primermomento.com\/?p=463829\" rel=\"tag\">Israel<\/a><\/em><\/p>\n<\/div>\n<\/div>\n","protected":false},"excerpt":{"rendered":"<p>Por Prensa Latina Washington, EEUU.- En medio de se\u00f1ales mixtas de amenazas y negociaci\u00f3n, el presidente de Estados Unidos, Donald Trump, ofrecer\u00e1 hoy un discurso a la naci\u00f3n en horario estelar para \u201cuna importante actualizaci\u00f3n sobre Ir\u00e1n\u201d, dijo la Casa Blanca. La alocuci\u00f3n, prevista para las 21:00 (hora del Este), ser\u00e1 transmitida por las principales [&hellip;]<\/p>\n","protected":false},"author":1,"featured_media":457871,"comment_status":"open","ping_status":"open","sticky":false,"template":"","format":"standard","meta":{"_bbp_topic_count":0,"_bbp_reply_count":0,"_bbp_total_topic_count":0,"_bbp_total_reply_count":0,"_bbp_voice_count":0,"_bbp_anonymous_reply_count":0,"_bbp_topic_count_hidden":0,"_bbp_reply_count_hidden":0,"_bbp_forum_subforum_count":0,"footnotes":""},"categories":[61],"tags":[],"class_list":{"0":"post-463829","1":"post","2":"type-post","3":"status-publish","4":"format-standard","5":"has-post-thumbnail","7":"category-mundo"},"_links":{"self":[{"href":"https:\/\/primermomento.com\/index.php?rest_route=\/wp\/v2\/posts\/463829","targetHints":{"allow":["GET"]}}],"collection":[{"href":"https:\/\/primermomento.com\/index.php?rest_route=\/wp\/v2\/posts"}],"about":[{"href":"https:\/\/primermomento.com\/index.php?rest_route=\/wp\/v2\/types\/post"}],"author":[{"embeddable":true,"href":"https:\/\/primermomento.com\/index.php?rest_route=\/wp\/v2\/users\/1"}],"replies":[{"embeddable":true,"href":"https:\/\/primermomento.com\/index.php?rest_route=%2Fwp%2Fv2%2Fcomments&post=463829"}],"version-history":[{"count":1,"href":"https:\/\/primermomento.com\/index.php?rest_route=\/wp\/v2\/posts\/463829\/revisions"}],"predecessor-version":[{"id":463830,"href":"https:\/\/primermomento.com\/index.php?rest_route=\/wp\/v2\/posts\/463829\/revisions\/463830"}],"wp:featuredmedia":[{"embeddable":true,"href":"https:\/\/primermomento.com\/index.php?rest_route=\/wp\/v2\/media\/457871"}],"wp:attachment":[{"href":"https:\/\/primermomento.com\/index.php?rest_route=%2Fwp%2Fv2%2Fmedia&parent=463829"}],"wp:term":[{"taxonomy":"category","embeddable":true,"href":"https:\/\/primermomento.com\/index.php?rest_route=%2Fwp%2Fv2%2Fcategories&post=463829"},{"taxonomy":"post_tag","embeddable":true,"href":"https:\/\/primermomento.com\/index.php?rest_route=%2Fwp%2Fv2%2Ftags&post=463829"}],"curies":[{"name":"wp","href":"https:\/\/api.w.org\/{rel}","templated":true}]}}