{"id":463835,"date":"2026-04-01T09:27:03","date_gmt":"2026-04-01T13:27:03","guid":{"rendered":"https:\/\/primermomento.com\/?p=463835"},"modified":"2026-04-01T16:08:40","modified_gmt":"2026-04-01T20:08:40","slug":"supremo-de-eeuu-esceptico-sobre-fin-a-ciudania-por-nacimiento","status":"publish","type":"post","link":"https:\/\/primermomento.com\/?p=463835","title":{"rendered":"Supremo de EEUU esc\u00e9ptico sobre fin a ciudan\u00eda por nacimiento"},"content":{"rendered":"<p><strong><em>30Por <span style=\"color: #ff0000;\">Prensa Latina<\/span><\/em><\/strong><\/p>\n<p>Washington, EEUU.- Cientos de personas se congregaron hoy frente a la Corte Suprema de Estados Unidos exigiendo protecci\u00f3n a la ciudadan\u00eda por nacimiento, mientras el m\u00e1ximo tribunal celebraba una audiencia a la que asisti\u00f3 el presidente Donald Trump.<\/p>\n<p>La sesi\u00f3n, dedicada a escuchar los argumentos de la administraci\u00f3n sobre el tema, cont\u00f3 con la presencia adem\u00e1s de celebridades como el actor ganador del \u00d3scar Robert De Niro, un f\u00e9rreo cr\u00edtico del mandatario republicano y miembros del gabinete, entre ellos los secretarios de Justicia, Pam Bondi, y de Comercio, Howard Lutnick.<\/p>\n<p>La Corte pareci\u00f3 mostrarse esc\u00e9ptica ante el intento de Trump de poner fin a la ciudadan\u00eda por derecho de nacimiento, un caso de gran trascendencia que pone a prueba un elemento clave de la agenda migratoria del gobernante.<\/p>\n<p>Trump, quien se retir\u00f3 a mitad de la audiencia, es el primer presidente en ejercicio que participa en una comparecencia de este tipo en el Supremo.<\/p>\n<p>En los exteriores del edificio se escuchaban los coros \u201c\u00a1Protejan la ciudadan\u00eda por derecho de nacimiento!\u201d y se le\u00edan pancartas con mensajes claros: \u201cLas familias deben permanecer unidas\u201d y \u201cFuera Trump\u201d, un pedido que se repiti\u00f3 durante las protestas \u2018No Kings\u2019 -Sin Reyes-, del fin de semana en todo el pa\u00eds.<\/p>\n<p>Al parecer una mayor\u00eda de los magistrados pareci\u00f3 inclinarse a rechazar la orden ejecutiva de Trump; varios jueces conservadores fueron incisivos con el abogado que defend\u00eda la postura de la administraci\u00f3n federal, cuestionando los fundamentos jur\u00eddicos y las aplicaciones pr\u00e1cticas de la directiva.<\/p>\n<p>Los jueces tendr\u00e1n que resolver si es constitucional o no la orden ejecutiva que el presidente Trump firm\u00f3 el primer d\u00eda de su regreso al cargo, en enero del pasado a\u00f1o, que pondr\u00eda fin a la ciudadan\u00eda autom\u00e1tica que obtienen todas aquellas personas nacidas en Estados Unidos de padres indocumentados o con estatus legal temporal.<\/p>\n<p>La ciudadan\u00eda por derecho de nacimiento se establece en la Decimocuarta Enmienda y fue ratificada tras la Guerra Civil con el prop\u00f3sito de que los antiguos esclavos y sus hijos pudieran naturalizarse.<\/p>\n<p>Se trata de un caso hist\u00f3rico. Si los jueces respaldaran la orden de Trump romper\u00edan con m\u00e1s de 150 a\u00f1os de jurisprudencia defendiendo el derecho a adquirir la nacionalidad estadounidense por el hecho de nacer en territorio nacional.<\/p>\n<p>La decisi\u00f3n del m\u00e1ximo tribunal de justicia de la naci\u00f3n se conocer\u00e1 en unos tres meses y hasta ese momento el plan de la mansi\u00f3n ejecutiva seguir\u00e1 congelado.<\/p>\n<p>El Supremo, formado por nueve jueces de mayor\u00eda conservadora, ya anul\u00f3 parcialmente los aranceles de Trump, una pieza clave de su agenda econ\u00f3mica. Adem\u00e1s, debatir\u00e1n en este cuarto mes del a\u00f1o el tema de las protecciones para los migrantes con estatus de protecci\u00f3n temporal.<\/p>\n<p>A\u00fan quedan pendientes los fallos sobre la facultad del presidente para destituir a miembros de organismos independientes, entre ellos los gobernadores de la Reserva Federal.<\/p>\n<p>Tras retirarse, Trump escribi\u00f3 en Truth Social: \u00ab\u00a1Somos el \u00fanico pa\u00eds del mundo lo suficientemente EST\u00daPIDO como para permitir la ciudadan\u00eda por \u2018derecho de nacimiento\u2019!\u00bb.<\/p>\n","protected":false},"excerpt":{"rendered":"<p>30Por Prensa Latina Washington, EEUU.- Cientos de personas se congregaron hoy frente a la Corte Suprema de Estados Unidos exigiendo protecci\u00f3n a la ciudadan\u00eda por nacimiento, mientras el m\u00e1ximo tribunal celebraba una audiencia a la que asisti\u00f3 el presidente Donald Trump. La sesi\u00f3n, dedicada a escuchar los argumentos de la administraci\u00f3n sobre el tema, cont\u00f3 [&hellip;]<\/p>\n","protected":false},"author":1,"featured_media":442058,"comment_status":"open","ping_status":"open","sticky":false,"template":"","format":"standard","meta":{"_bbp_topic_count":0,"_bbp_reply_count":0,"_bbp_total_topic_count":0,"_bbp_total_reply_count":0,"_bbp_voice_count":0,"_bbp_anonymous_reply_count":0,"_bbp_topic_count_hidden":0,"_bbp_reply_count_hidden":0,"_bbp_forum_subforum_count":0,"footnotes":""},"categories":[61],"tags":[],"class_list":{"0":"post-463835","1":"post","2":"type-post","3":"status-publish","4":"format-standard","5":"has-post-thumbnail","7":"category-mundo"},"_links":{"self":[{"href":"https:\/\/primermomento.com\/index.php?rest_route=\/wp\/v2\/posts\/463835","targetHints":{"allow":["GET"]}}],"collection":[{"href":"https:\/\/primermomento.com\/index.php?rest_route=\/wp\/v2\/posts"}],"about":[{"href":"https:\/\/primermomento.com\/index.php?rest_route=\/wp\/v2\/types\/post"}],"author":[{"embeddable":true,"href":"https:\/\/primermomento.com\/index.php?rest_route=\/wp\/v2\/users\/1"}],"replies":[{"embeddable":true,"href":"https:\/\/primermomento.com\/index.php?rest_route=%2Fwp%2Fv2%2Fcomments&post=463835"}],"version-history":[{"count":2,"href":"https:\/\/primermomento.com\/index.php?rest_route=\/wp\/v2\/posts\/463835\/revisions"}],"predecessor-version":[{"id":463837,"href":"https:\/\/primermomento.com\/index.php?rest_route=\/wp\/v2\/posts\/463835\/revisions\/463837"}],"wp:featuredmedia":[{"embeddable":true,"href":"https:\/\/primermomento.com\/index.php?rest_route=\/wp\/v2\/media\/442058"}],"wp:attachment":[{"href":"https:\/\/primermomento.com\/index.php?rest_route=%2Fwp%2Fv2%2Fmedia&parent=463835"}],"wp:term":[{"taxonomy":"category","embeddable":true,"href":"https:\/\/primermomento.com\/index.php?rest_route=%2Fwp%2Fv2%2Fcategories&post=463835"},{"taxonomy":"post_tag","embeddable":true,"href":"https:\/\/primermomento.com\/index.php?rest_route=%2Fwp%2Fv2%2Ftags&post=463835"}],"curies":[{"name":"wp","href":"https:\/\/api.w.org\/{rel}","templated":true}]}}