{"id":463838,"date":"2026-04-01T08:10:26","date_gmt":"2026-04-01T12:10:26","guid":{"rendered":"https:\/\/primermomento.com\/?p=463838"},"modified":"2026-04-01T16:02:40","modified_gmt":"2026-04-01T20:02:40","slug":"empresarios-se-comprometen-con-abinader-garantizar-abastecimiento","status":"publish","type":"post","link":"https:\/\/primermomento.com\/?p=463838","title":{"rendered":"Empresarios se comprometen con Abinader garantizar abastecimiento"},"content":{"rendered":"<p><strong><em>Por <span style=\"color: #ff0000;\">Servicios de Primermomento.com<\/span><\/em><\/strong><\/p>\n<p class=\"text-align-justify\">SANTO DOMINGO, Rep\u00fablica Dominicana.- El presidente Luis Abinader\u00a0encabez\u00f3 este martes una\u00a0reuni\u00f3n\u00a0con representantes de las\u00a0principales asociaciones empresariales, industriales, comerciales y agr\u00edcolas\u00a0del pa\u00eds, con quienes se acord\u00f3 coordinar\u00a0acciones conjuntas\u00a0para enfrentar los efectos de la\u00a0actual crisis internacional\u00a0y proteger el\u00a0poder adquisitivo\u00a0de los dominicanos, especialmente de los\u00a0sectores m\u00e1s vulnerables.<\/p>\n<p class=\"text-align-justify\">Durante el encuentro, se estableci\u00f3 realizar\u00a0una nueva reuni\u00f3n en dos semanas\u00a0para dar\u00a0seguimiento\u00a0a estos temas y evaluar la evoluci\u00f3n de la situaci\u00f3n.<\/p>\n<p class=\"text-align-justify\"><strong>Vamos a superar la nueva crisis juntos<\/strong><\/p>\n<p class=\"text-align-justify\">El encuentro se llev\u00f3 a cabo en el Sal\u00f3n Verde del Palacio Nacional, donde el jefe de Estado agradeci\u00f3\u00a0la presencia y disposici\u00f3n de los sectores productivos\u00a0para trabajar de manera coordinada,\u00a0tal como se hizo en crisis anteriores,\u00a0como la del COVID-19 y la guerra en Ucrania.<\/p>\n<p class=\"text-align-justify\">\u201cAnte la crisis mundial que todos conocemos, hemos procedido a coordinar acciones para mitigar, en la medida de lo posible, sus efectos. Ahora se nos presenta otra que vamos a superar juntos\u201d,\u00a0afirm\u00f3 el presidente Abinader.<\/p>\n<p class=\"text-align-justify\"><strong>No existen razones para incrementos<\/strong><\/p>\n<p class=\"text-align-justify\">Durante la reuni\u00f3n se analiz\u00f3 la\u00a0evoluci\u00f3n de los precios, particularmente el\u00a0alza registrada en los hidrocarburos\u00a0debido a la situaci\u00f3n en el Golfo P\u00e9rsico. No obstante, se determin\u00f3 que en el caso de los\u00a0alimentos no existen razones fundamentales para incrementos significativos, ya que la materia prima no ha experimentado aumentos importantes, salvo ligeras variaciones en algunos fletes.<\/p>\n<p class=\"text-align-justify\">\u201cLe estamos dando seguimiento para proteger los precios de la canasta b\u00e1sica, esencialmente, y tambi\u00e9n de los dem\u00e1s productos que consumen masivamente los dominicanos\u201d,\u00a0destac\u00f3 el mandatario.<\/p>\n<p class=\"text-align-justify\"><strong>Total cooperaci\u00f3n<\/strong><\/p>\n<p class=\"text-align-justify\">El presidente Abinader valor\u00f3 la\u00a0total cooperaci\u00f3n\u00a0del sector comercial, empresarial, industrial y agr\u00edcola, que se comprometi\u00f3 a\u00a0coordinar\u00a0cualquier posible ajuste de precios con el Gobierno\u00a0para mitigar su impacto y evitar que los sectores m\u00e1s necesitados sufran las consecuencias de la crisis internacional.<\/p>\n<p class=\"text-align-justify\">Acompa\u00f1aron al mandatario,\u00a0Jos\u00e9 Ignacio Paliza, ministro administrativo de la Presidencia;\u00a0Andr\u00e9s Bautista; de Industria, Comercio y Mipymes;\u00a0Eduardo Sanz Lovat\u00f3n,\u00a0y, de Vivienda y Edificaciones,\u00a0V\u00edctor \u201cIto\u201d Bison\u00f3, as\u00ed como el vocero de la Presidencia,\u00a0F\u00e9lix Reyna.<\/p>\n<p class=\"text-align-justify\">En la reuni\u00f3n con el presidente Abinader participaron los principales dirigentes del Consejo Nacional de la Empresa Privada\u00a0(CONEP), la Asociaci\u00f3n de Industrias de la Rep\u00fablica Dominicana\u00a0(AIRD), la Organizaci\u00f3n Nacional de Empresarios Comerciales\u00a0(ONEC)\u00a0y la Uni\u00f3n Nacional de Supermercados Econ\u00f3micos\u00a0(UNASE), as\u00ed como la\u00a0Junta Agropecuaria Empresarial, entre otros \u00a0representantes empresariales y comerciales del pa\u00eds.<\/p>\n","protected":false},"excerpt":{"rendered":"<p>Por Servicios de Primermomento.com SANTO DOMINGO, Rep\u00fablica Dominicana.- El presidente Luis Abinader\u00a0encabez\u00f3 este martes una\u00a0reuni\u00f3n\u00a0con representantes de las\u00a0principales asociaciones empresariales, industriales, comerciales y agr\u00edcolas\u00a0del pa\u00eds, con quienes se acord\u00f3 coordinar\u00a0acciones conjuntas\u00a0para enfrentar los efectos de la\u00a0actual crisis internacional\u00a0y proteger el\u00a0poder adquisitivo\u00a0de los dominicanos, especialmente de los\u00a0sectores m\u00e1s vulnerables. Durante el encuentro, se estableci\u00f3 realizar\u00a0una nueva [&hellip;]<\/p>\n","protected":false},"author":1,"featured_media":463839,"comment_status":"open","ping_status":"open","sticky":false,"template":"","format":"standard","meta":{"_bbp_topic_count":0,"_bbp_reply_count":0,"_bbp_total_topic_count":0,"_bbp_total_reply_count":0,"_bbp_voice_count":0,"_bbp_anonymous_reply_count":0,"_bbp_topic_count_hidden":0,"_bbp_reply_count_hidden":0,"_bbp_forum_subforum_count":0,"footnotes":""},"categories":[35],"tags":[],"class_list":{"0":"post-463838","1":"post","2":"type-post","3":"status-publish","4":"format-standard","5":"has-post-thumbnail","7":"category-economia"},"_links":{"self":[{"href":"https:\/\/primermomento.com\/index.php?rest_route=\/wp\/v2\/posts\/463838","targetHints":{"allow":["GET"]}}],"collection":[{"href":"https:\/\/primermomento.com\/index.php?rest_route=\/wp\/v2\/posts"}],"about":[{"href":"https:\/\/primermomento.com\/index.php?rest_route=\/wp\/v2\/types\/post"}],"author":[{"embeddable":true,"href":"https:\/\/primermomento.com\/index.php?rest_route=\/wp\/v2\/users\/1"}],"replies":[{"embeddable":true,"href":"https:\/\/primermomento.com\/index.php?rest_route=%2Fwp%2Fv2%2Fcomments&post=463838"}],"version-history":[{"count":1,"href":"https:\/\/primermomento.com\/index.php?rest_route=\/wp\/v2\/posts\/463838\/revisions"}],"predecessor-version":[{"id":463840,"href":"https:\/\/primermomento.com\/index.php?rest_route=\/wp\/v2\/posts\/463838\/revisions\/463840"}],"wp:featuredmedia":[{"embeddable":true,"href":"https:\/\/primermomento.com\/index.php?rest_route=\/wp\/v2\/media\/463839"}],"wp:attachment":[{"href":"https:\/\/primermomento.com\/index.php?rest_route=%2Fwp%2Fv2%2Fmedia&parent=463838"}],"wp:term":[{"taxonomy":"category","embeddable":true,"href":"https:\/\/primermomento.com\/index.php?rest_route=%2Fwp%2Fv2%2Fcategories&post=463838"},{"taxonomy":"post_tag","embeddable":true,"href":"https:\/\/primermomento.com\/index.php?rest_route=%2Fwp%2Fv2%2Ftags&post=463838"}],"curies":[{"name":"wp","href":"https:\/\/api.w.org\/{rel}","templated":true}]}}