{"id":463841,"date":"2026-04-01T09:40:12","date_gmt":"2026-04-01T13:40:12","guid":{"rendered":"https:\/\/primermomento.com\/?p=463841"},"modified":"2026-04-01T16:38:11","modified_gmt":"2026-04-01T20:38:11","slug":"corte-revoca-decision-que-extingue-accion-penal-del-caso-micky-lopez","status":"publish","type":"post","link":"https:\/\/primermomento.com\/?p=463841","title":{"rendered":"Corte revoca decisi\u00f3n que extingue acci\u00f3n penal del caso Micky L\u00f3pez"},"content":{"rendered":"<p><strong><em>Por <span style=\"color: #ff0000;\">Servicios de Primermomento.com<\/span><\/em><\/strong><\/p>\n<p>SANTO DOMINGO, Rep\u00fablica Dominicana.- A solicitud del Ministerio P\u00fablico, los jueces de la C\u00e1mara Penal de la Corte de Apelaci\u00f3n del Departamento Judicial de La Vega revocaron la decisi\u00f3n que declar\u00f3 la extinci\u00f3n penal del proceso seguido contra Miguel Arturo L\u00f3pez Florencio (Micky L\u00f3pez), procesado por lavado de activos provenientes del narcotr\u00e1fico.<\/p>\n<p>El tribunal de alzada adopt\u00f3 la decisi\u00f3n tras acoger el recurso de apelaci\u00f3n interpuesto por el Ministerio P\u00fablico contra la sentencia del Primer Tribunal Colegiado de La Vega que declar\u00f3 la extinci\u00f3n penal del caso.\u00a0 La corte tambi\u00e9n orden\u00f3 la continuaci\u00f3n del juicio.<\/p>\n<p>La Fiscal\u00eda de La Vega, representada por su titular Aura Luz Garc\u00eda Mart\u00ednez, y el fiscal Juan Ram\u00f3n Mart\u00ednez Cruz, present\u00f3 el recurso de apelaci\u00f3n en contra de la Sentencia N\u00fam. 212-03-2025-SSEN-00062, de fecha nueve (09) de abril de dos mil veinticinco (2025), dictada por el Primer Tribunal Colegiado de La Vega, integrado por las juezas Lucrecia Rodr\u00edguez Ram\u00edrez, Julissa Candelario Victoriano y Carmen Miladys S\u00e1nchez.<\/p>\n<p>La sentencia revocada favorec\u00eda a Miguel Arturo L\u00f3pez Florencio (Micky L\u00f3pez), Jos\u00e9 Miguel L\u00f3pez Pilarte, Miguel Arturo L\u00f3pez Pilarte, y a Ada Mar\u00eda Pilarte de Inoa, as\u00ed como a las empresas Inmobiliarias Gloria Ivette S.R.L., Servi Cr\u00e9dito Gloria Ivette S.R.L., Auto Cr\u00e9dito Selecto S.R.L. y Agropecuaria Gloria Ivette S.R.L.<\/p>\n<p>La Procuradur\u00eda Especializada Antilavado de Activos y Financiamiento del Terrorismo, conjuntamente con la Fiscal\u00eda de La Vega, estableci\u00f3 en la acusaci\u00f3n que la red criminal se encargaba de traficar con sustancias controladas en Suram\u00e9rica, Estados Unidos y Europa.<\/p>\n<p>El expediente tambi\u00e9n indica que el grupo criminal logr\u00f3 movilizar en el sistema financiero dominicano m\u00e1s de 8 mil millones de pesos provenientes de actividades il\u00edcitas.<\/p>\n<p>Los miembros de esta red delictiva blanqueaban los capitales, haciendo aparentar como l\u00edcitos los recursos obtenidos de la venta de las sustancias controladas. La red, tambi\u00e9n, serv\u00eda de sost\u00e9n econ\u00f3mico y financiero a otras estructuras criminales.<\/p>\n<p>Los acusados, seg\u00fan refiere el expediente, se dedicaron a conformar una estructura criminal con el \u00fanico objetivo de colocar y diversificar los bienes provenientes del narcotr\u00e1fico, aprovechando su v\u00ednculo familiar para hacer m\u00e1s eficaz dicha actividad.<\/p>\n<p>A la estructura se le atribuye la violaci\u00f3n de varios art\u00edculos de la Ley 50-88 sobre Drogas y Sustancias Controladas, la Ley 155-17 sobre Lavado de Activos y Financiamiento del Terrorismo, el C\u00f3digo Penal Dominicano, y la Ley 631-16 para el Control y Regulaci\u00f3n de Armas, Municiones y Materiales Relacionados.<\/p>\n<p>La fiscal Aura Luz Garc\u00eda Mart\u00ednez valor\u00f3 la decisi\u00f3n que revoca la sentencia de extinci\u00f3n de la acci\u00f3n penal en este caso y destac\u00f3 que representa un paso de avance en las acciones ejecutadas en este proceso para lograr justicia.<\/p>\n<p>Los fiscales litigantes Eduardo Vel\u00e1zquez y Vianela Garc\u00eda representaron al Ministerio P\u00fablico en la audiencia donde los jueces de la Corte de Apelaci\u00f3n de La Vega, Amauris Pimentel, Osvaldo Aquino y Ariela Cedano, decidieron revocar la sentencia de extinci\u00f3n de la acci\u00f3n penal del caso, ordenando que contin\u00fae el juicio.<\/p>\n<p>El proceso inici\u00f3 en el a\u00f1o 2020, siendo los acusados enviados a juicio en el a\u00f1o 2023, luego de m\u00faltiples aplazamientos solicitados por las defensas como estrategia para dilatar el proceso. El \u00f3rgano acusador enfrent\u00f3 constantemente trabas y t\u00e1cticas dilatorias que impidieron el avance oportuno del caso, declarado de tramitaci\u00f3n compleja.<\/p>\n<p>En el recurso de apelaci\u00f3n de la sentencia recurrida el \u00f3rgano acusador resalta la falta de motivaci\u00f3n de la decisi\u00f3n, destacando que es una obligaci\u00f3n fundamental en el ordenamiento jur\u00eddico dominicano. Indic\u00f3 que la decisi\u00f3n fue apelada por una err\u00f3nea aplicaci\u00f3n de la norma jur\u00eddica.<\/p>\n<p>Igualmente, precis\u00f3 que en la sentencia del tribunal colegiado no se tomaron en cuenta los criterios que se deben considerar al momento de decidir sobre la extinci\u00f3n de la acci\u00f3n penal.<\/p>\n<p>En ese sentido, cit\u00f3: la complejidad del caso, la actividad procesal del interesado, el comportamiento (adecuado o no) de las partes en litis y la conducta de las autoridades judiciales, as\u00ed como la organizaci\u00f3n judicial, la duraci\u00f3n media de los procesos y el exceso o volumen de trabajo de los tribunales judiciales a causa del alto grado de conflictividad social, entre otros factores.<\/p>\n<p>El \u00f3rgano acusador record\u00f3 que por el caso fue procesada y condenada la exdiputada Rosa Amalia Pilarte L\u00f3pez, esposa de L\u00f3pez Florencio, quien desde el mes de septiembre del pasado a\u00f1o cumple una condena de cinco a\u00f1os de prisi\u00f3n en el Centro de Correcci\u00f3n y Rehabilitaci\u00f3n (CCR) Rafey Mujeres, de Santiago.<\/p>\n","protected":false},"excerpt":{"rendered":"<p>Por Servicios de Primermomento.com SANTO DOMINGO, Rep\u00fablica Dominicana.- A solicitud del Ministerio P\u00fablico, los jueces de la C\u00e1mara Penal de la Corte de Apelaci\u00f3n del Departamento Judicial de La Vega revocaron la decisi\u00f3n que declar\u00f3 la extinci\u00f3n penal del proceso seguido contra Miguel Arturo L\u00f3pez Florencio (Micky L\u00f3pez), procesado por lavado de activos provenientes del [&hellip;]<\/p>\n","protected":false},"author":1,"featured_media":463842,"comment_status":"open","ping_status":"open","sticky":false,"template":"","format":"standard","meta":{"_bbp_topic_count":0,"_bbp_reply_count":0,"_bbp_total_topic_count":0,"_bbp_total_reply_count":0,"_bbp_voice_count":0,"_bbp_anonymous_reply_count":0,"_bbp_topic_count_hidden":0,"_bbp_reply_count_hidden":0,"_bbp_forum_subforum_count":0,"footnotes":""},"categories":[38],"tags":[],"class_list":{"0":"post-463841","1":"post","2":"type-post","3":"status-publish","4":"format-standard","5":"has-post-thumbnail","7":"category-sociedad"},"_links":{"self":[{"href":"https:\/\/primermomento.com\/index.php?rest_route=\/wp\/v2\/posts\/463841","targetHints":{"allow":["GET"]}}],"collection":[{"href":"https:\/\/primermomento.com\/index.php?rest_route=\/wp\/v2\/posts"}],"about":[{"href":"https:\/\/primermomento.com\/index.php?rest_route=\/wp\/v2\/types\/post"}],"author":[{"embeddable":true,"href":"https:\/\/primermomento.com\/index.php?rest_route=\/wp\/v2\/users\/1"}],"replies":[{"embeddable":true,"href":"https:\/\/primermomento.com\/index.php?rest_route=%2Fwp%2Fv2%2Fcomments&post=463841"}],"version-history":[{"count":1,"href":"https:\/\/primermomento.com\/index.php?rest_route=\/wp\/v2\/posts\/463841\/revisions"}],"predecessor-version":[{"id":463843,"href":"https:\/\/primermomento.com\/index.php?rest_route=\/wp\/v2\/posts\/463841\/revisions\/463843"}],"wp:featuredmedia":[{"embeddable":true,"href":"https:\/\/primermomento.com\/index.php?rest_route=\/wp\/v2\/media\/463842"}],"wp:attachment":[{"href":"https:\/\/primermomento.com\/index.php?rest_route=%2Fwp%2Fv2%2Fmedia&parent=463841"}],"wp:term":[{"taxonomy":"category","embeddable":true,"href":"https:\/\/primermomento.com\/index.php?rest_route=%2Fwp%2Fv2%2Fcategories&post=463841"},{"taxonomy":"post_tag","embeddable":true,"href":"https:\/\/primermomento.com\/index.php?rest_route=%2Fwp%2Fv2%2Ftags&post=463841"}],"curies":[{"name":"wp","href":"https:\/\/api.w.org\/{rel}","templated":true}]}}