{"id":463844,"date":"2026-04-01T16:37:54","date_gmt":"2026-04-01T20:37:54","guid":{"rendered":"https:\/\/primermomento.com\/?p=463844"},"modified":"2026-04-02T19:49:02","modified_gmt":"2026-04-02T23:49:02","slug":"presidente-abinader-promulga-ley-que-elimina-candidaturas-independientes","status":"publish","type":"post","link":"https:\/\/primermomento.com\/?p=463844","title":{"rendered":"Presidente Abinader promulga ley que elimina candidaturas independientes"},"content":{"rendered":"<p><strong><em>Por <span style=\"color: #ff0000;\">Servicios de Primermomento.com<\/span><\/em><\/strong><\/p>\n<p><span lang=\"es\">SANTO DOMINGO, Rep\u00fablica Dominicana.- El presidente Luis Abinader\u00a0promulg\u00f3 la\u00a0Ley n\u00fam. 13-26,\u00a0aprobada por el\u00a0Congreso Nacional, relativa a la normativa electoral del pa\u00eds.\u00a0<\/span><\/p>\n<p><span lang=\"es\">La\u00a0referida ley deroga los art\u00edculos 156, 157 y 158 de la\u00a0Ley 20-23,\u00a0que contemplaban postulaciones fuera de los\u00a0partidos pol\u00edticos reconocidos\u00a0por las legislaciones electorales vigentes en nuestro pa\u00eds.\u00a0<\/span><\/p>\n<p><span lang=\"es\">La medida responde a la sentencia\u00a0TC\/0788\/24\u00a0del\u00a0Tribunal Constitucional, que declar\u00f3 inconstitucional el r\u00e9gimen previo por considerar desproporcionados los requisitos establecidos.\u00a0<\/span><\/p>\n<p><span lang=\"es\">La ley establece que las postulaciones a cargos de elecci\u00f3n popular quedan reservadas a\u00a0partidos, agrupaciones y movimientos pol\u00edticos, conforme a la Constituci\u00f3n vigente.<\/span><\/p>\n<p><span lang=\"es\">\u201cQue los partidos, agrupaciones y movimientos pol\u00edticos constituyen las modalidades exclusivas de la participaci\u00f3n pol\u00edtica, entendida como el proceso hacia la elecci\u00f3n de las autoridades electivas en las distintas instancias y ramas del gobierno\u201d,\u00a0<\/span><span lang=\"es\">dice textualmente el documento.<\/span><\/p>\n<p><span lang=\"es\">El texto legal argumenta que permitir candidaturas independientes generar\u00eda conflictos en aspectos como la\u00a0suplencia de cargos y la organizaci\u00f3n institucional\u00a0del sistema pol\u00edtico.<\/span><\/p>\n<p><span lang=\"es\">La disposici\u00f3n fue promulgada por el presidente Luis Abinader el\u00a026 de marzo de 2026\u00a0y entr\u00f3 en vigencia tras su\u00a0publicaci\u00f3n oficial.<\/span><\/p>\n","protected":false},"excerpt":{"rendered":"<p>Por Servicios de Primermomento.com SANTO DOMINGO, Rep\u00fablica Dominicana.- El presidente Luis Abinader\u00a0promulg\u00f3 la\u00a0Ley n\u00fam. 13-26,\u00a0aprobada por el\u00a0Congreso Nacional, relativa a la normativa electoral del pa\u00eds.\u00a0 La\u00a0referida ley deroga los art\u00edculos 156, 157 y 158 de la\u00a0Ley 20-23,\u00a0que contemplaban postulaciones fuera de los\u00a0partidos pol\u00edticos reconocidos\u00a0por las legislaciones electorales vigentes en nuestro pa\u00eds.\u00a0 La medida responde a [&hellip;]<\/p>\n","protected":false},"author":1,"featured_media":354775,"comment_status":"open","ping_status":"open","sticky":false,"template":"","format":"standard","meta":{"_bbp_topic_count":0,"_bbp_reply_count":0,"_bbp_total_topic_count":0,"_bbp_total_reply_count":0,"_bbp_voice_count":0,"_bbp_anonymous_reply_count":0,"_bbp_topic_count_hidden":0,"_bbp_reply_count_hidden":0,"_bbp_forum_subforum_count":0,"footnotes":""},"categories":[31],"tags":[],"class_list":{"0":"post-463844","1":"post","2":"type-post","3":"status-publish","4":"format-standard","5":"has-post-thumbnail","7":"category-estados-unidos"},"_links":{"self":[{"href":"https:\/\/primermomento.com\/index.php?rest_route=\/wp\/v2\/posts\/463844","targetHints":{"allow":["GET"]}}],"collection":[{"href":"https:\/\/primermomento.com\/index.php?rest_route=\/wp\/v2\/posts"}],"about":[{"href":"https:\/\/primermomento.com\/index.php?rest_route=\/wp\/v2\/types\/post"}],"author":[{"embeddable":true,"href":"https:\/\/primermomento.com\/index.php?rest_route=\/wp\/v2\/users\/1"}],"replies":[{"embeddable":true,"href":"https:\/\/primermomento.com\/index.php?rest_route=%2Fwp%2Fv2%2Fcomments&post=463844"}],"version-history":[{"count":1,"href":"https:\/\/primermomento.com\/index.php?rest_route=\/wp\/v2\/posts\/463844\/revisions"}],"predecessor-version":[{"id":463845,"href":"https:\/\/primermomento.com\/index.php?rest_route=\/wp\/v2\/posts\/463844\/revisions\/463845"}],"wp:featuredmedia":[{"embeddable":true,"href":"https:\/\/primermomento.com\/index.php?rest_route=\/wp\/v2\/media\/354775"}],"wp:attachment":[{"href":"https:\/\/primermomento.com\/index.php?rest_route=%2Fwp%2Fv2%2Fmedia&parent=463844"}],"wp:term":[{"taxonomy":"category","embeddable":true,"href":"https:\/\/primermomento.com\/index.php?rest_route=%2Fwp%2Fv2%2Fcategories&post=463844"},{"taxonomy":"post_tag","embeddable":true,"href":"https:\/\/primermomento.com\/index.php?rest_route=%2Fwp%2Fv2%2Ftags&post=463844"}],"curies":[{"name":"wp","href":"https:\/\/api.w.org\/{rel}","templated":true}]}}