{"id":463846,"date":"2026-04-01T17:54:17","date_gmt":"2026-04-01T21:54:17","guid":{"rendered":"https:\/\/primermomento.com\/?p=463846"},"modified":"2026-04-02T19:49:48","modified_gmt":"2026-04-02T23:49:48","slug":"gobierno-despliega-operativo-integral-de-prevencion-de-violencia-contra-las-mujeres-en-semana-santa","status":"publish","type":"post","link":"https:\/\/primermomento.com\/?p=463846","title":{"rendered":"Gobierno despliega operativo integral de prevenci\u00f3n de violencia contra las mujeres en Semana Santa"},"content":{"rendered":"<p><strong><em>Por <span style=\"color: #ff0000;\">Servicios de Primermomento.com<\/span><\/em><\/strong><\/p>\n<p><span lang=\"es\">SANTO DOMINGO, Rep\u00fablica Dominicana.- El Gabinete de Mujeres, Adolescentes y Ni\u00f1as,\u00a0en articulaci\u00f3n con las instituciones que integran el sistema de\u00a0prevenci\u00f3n y respuesta, se sum\u00f3 al operativo\u00a0Semana Santa 2026,\u00a0con el objetivo de fortalecer la protecci\u00f3n de la ciudadan\u00eda, prevenir la violencia contra las mujeres y garantizar una\u00a0respuesta oportuna\u00a0ante cualquier situaci\u00f3n de riesgo durante el asueto.<\/span><\/p>\n<p><span lang=\"es\">La estrategia, coordinada por el\u00a0Ministerio de la Mujer,\u00a0se despliega en todo el territorio nacional mediante un esquema interinstitucional que integra al\u00a0Centro de Operaciones de Emergencias\u00a0(COE), el\u00a0Ministerio de Interior y Polic\u00eda, la Defensa Civil, la Polic\u00eda Nacional, el sistema de salud y las instancias territoriales, incluyendo gobernaciones, Oficinas Provinciales y Municipales de la Mujer (OPM y OMM),\u00a0as\u00ed como organizaciones sociales aliadas.<\/span><\/p>\n<p><span lang=\"es\">Como parte del operativo, se estar\u00e1n distribuyendo\u00a0m\u00e1s de 355,000\u00a0materiales informativos y preventivos a nivel nacional, orientados a sensibilizar a la poblaci\u00f3n sobre la\u00a0prevenci\u00f3n de la violencia contra las mujeres,\u00a0la convivencia pac\u00edfica y el acceso a los servicios de atenci\u00f3n disponibles. Estos materiales ser\u00e1n colocados en\u00a0puntos estrat\u00e9gicos\u00a0como peajes, balnearios, terminales de transporte y espacios de alta concentraci\u00f3n de personas.<\/span><\/p>\n<p><span lang=\"es\">De manera complementaria, el Ministerio de la Mujer desarrolla una\u00a0campa\u00f1a de comunicaci\u00f3n digital\u00a0enfocada en promover relaciones basadas en el respeto,\u00a0desmontar pr\u00e1cticas normalizadas de violencia\u00a0y recordar las rutas de atenci\u00f3n disponibles. Esta campa\u00f1a se articula con acciones presenciales en las comunidades, a trav\u00e9s de\u00a0jornadas educativas, orientaci\u00f3n directa y activaciones territoriales lideradas por las OPM y OMM.<\/span><\/p>\n<p><span lang=\"es\">En el marco de los operativos coordinados por el\u00a0COE, el personal del Ministerio de la Mujer tendr\u00e1 presencia activa en\u00a0puntos clave,\u00a0brindando informaci\u00f3n, acompa\u00f1amiento y canalizaci\u00f3n de casos, en coordinaci\u00f3n con las\u00a0instituciones de primera respuesta.<\/span><\/p>\n<p><span lang=\"es\">La ministra de la Mujer,\u00a0Gloria Reyes,\u00a0destac\u00f3 que este operativo forma parte de un proceso sostenido de fortalecimiento de la\u00a0capacidad de respuesta del Estado\u00a0frente a la violencia contra las mujeres.<\/span><\/p>\n<p><span lang=\"es\">\u201cEstamos trabajando para que cada instituci\u00f3n act\u00fae de manera articulada, con rapidez y eficacia, pero tambi\u00e9n para que la prevenci\u00f3n sea una tarea compartida por toda la sociedad\u201d,<\/span><span lang=\"es\">\u00a0expres\u00f3.<\/span><\/p>\n<p><span lang=\"es\">Asimismo, record\u00f3 que ante cualquier situaci\u00f3n de emergencia, el\u00a0Sistema 9-1-1\u00a0constituye la principal\u00a0v\u00eda de atenci\u00f3n inmediata, ahora con capacidades fortalecidas para responder a casos de violencia contra las mujeres.\u00a0<\/span><\/p>\n<p><span lang=\"es\">De igual manera, reiter\u00f3 que la ciudadan\u00eda puede comunicarse a la\u00a0l\u00ednea *212, para\u00a0orientar y dar seguimiento\u00a0a casos de violencia con las mujeres; servicio disponible de manera\u00a0gratuita y confidencial.<\/span><\/p>\n<p><span lang=\"es\">Los operativos contemplan, adem\u00e1s, la\u00a0participaci\u00f3n activa\u00a0de entidades del sector p\u00fablico en jornadas de sensibilizaci\u00f3n interna, difusi\u00f3n de mensajes preventivos y movilizaci\u00f3n de sus equipos territoriales, con el prop\u00f3sito de\u00a0ampliar el alcance de la\u00a0estrategia y garantizar una respuesta\u00a0m\u00e1s cercana\u00a0a la ciudadan\u00eda.<\/span><\/p>\n<p><span lang=\"es\">Con esta iniciativa, el Gobierno reafirma su compromiso con\u00a0la vida, la seguridad y la dignidad\u00a0de las mujeres, impulsando una respuesta integral que combina\u00a0prevenci\u00f3n, atenci\u00f3n y seguimiento.<\/span><\/p>\n<p><span lang=\"es\">En ese sentido, las autoridades hicieron un llamado a la poblaci\u00f3n a\u00a0actuar con responsabilidad\u00a0durante la Semana Santa, promoviendo relaciones basadas en el\u00a0respeto y la no violencia. Prevenir la violencia contra las mujeres es\u00a0una tarea colectiva: ante cualquier situaci\u00f3n de riesgo, es fundamental\u00a0no ser indiferentes, buscar ayuda\u00a0y activar los\u00a0canales de atenci\u00f3n\u00a0disponibles.<\/span><\/p>\n","protected":false},"excerpt":{"rendered":"<p>Por Servicios de Primermomento.com SANTO DOMINGO, Rep\u00fablica Dominicana.- El Gabinete de Mujeres, Adolescentes y Ni\u00f1as,\u00a0en articulaci\u00f3n con las instituciones que integran el sistema de\u00a0prevenci\u00f3n y respuesta, se sum\u00f3 al operativo\u00a0Semana Santa 2026,\u00a0con el objetivo de fortalecer la protecci\u00f3n de la ciudadan\u00eda, prevenir la violencia contra las mujeres y garantizar una\u00a0respuesta oportuna\u00a0ante cualquier situaci\u00f3n de riesgo [&hellip;]<\/p>\n","protected":false},"author":1,"featured_media":463847,"comment_status":"open","ping_status":"open","sticky":false,"template":"","format":"standard","meta":{"_bbp_topic_count":0,"_bbp_reply_count":0,"_bbp_total_topic_count":0,"_bbp_total_reply_count":0,"_bbp_voice_count":0,"_bbp_anonymous_reply_count":0,"_bbp_topic_count_hidden":0,"_bbp_reply_count_hidden":0,"_bbp_forum_subforum_count":0,"footnotes":""},"categories":[32],"tags":[],"class_list":{"0":"post-463846","1":"post","2":"type-post","3":"status-publish","4":"format-standard","5":"has-post-thumbnail","7":"category-lo-ultimo"},"_links":{"self":[{"href":"https:\/\/primermomento.com\/index.php?rest_route=\/wp\/v2\/posts\/463846","targetHints":{"allow":["GET"]}}],"collection":[{"href":"https:\/\/primermomento.com\/index.php?rest_route=\/wp\/v2\/posts"}],"about":[{"href":"https:\/\/primermomento.com\/index.php?rest_route=\/wp\/v2\/types\/post"}],"author":[{"embeddable":true,"href":"https:\/\/primermomento.com\/index.php?rest_route=\/wp\/v2\/users\/1"}],"replies":[{"embeddable":true,"href":"https:\/\/primermomento.com\/index.php?rest_route=%2Fwp%2Fv2%2Fcomments&post=463846"}],"version-history":[{"count":1,"href":"https:\/\/primermomento.com\/index.php?rest_route=\/wp\/v2\/posts\/463846\/revisions"}],"predecessor-version":[{"id":463848,"href":"https:\/\/primermomento.com\/index.php?rest_route=\/wp\/v2\/posts\/463846\/revisions\/463848"}],"wp:featuredmedia":[{"embeddable":true,"href":"https:\/\/primermomento.com\/index.php?rest_route=\/wp\/v2\/media\/463847"}],"wp:attachment":[{"href":"https:\/\/primermomento.com\/index.php?rest_route=%2Fwp%2Fv2%2Fmedia&parent=463846"}],"wp:term":[{"taxonomy":"category","embeddable":true,"href":"https:\/\/primermomento.com\/index.php?rest_route=%2Fwp%2Fv2%2Fcategories&post=463846"},{"taxonomy":"post_tag","embeddable":true,"href":"https:\/\/primermomento.com\/index.php?rest_route=%2Fwp%2Fv2%2Ftags&post=463846"}],"curies":[{"name":"wp","href":"https:\/\/api.w.org\/{rel}","templated":true}]}}