{"id":463857,"date":"2026-04-02T18:38:29","date_gmt":"2026-04-02T22:38:29","guid":{"rendered":"https:\/\/primermomento.com\/?p=463857"},"modified":"2026-04-03T10:51:16","modified_gmt":"2026-04-03T14:51:16","slug":"adios-a-pam-bondi-trump-destituye-a-su-secretaria-de-justicia","status":"publish","type":"post","link":"https:\/\/primermomento.com\/?p=463857","title":{"rendered":"Adi\u00f3s a Pam Bondi, Trump destituye a su secretaria de Justicia"},"content":{"rendered":"<p><iframe loading=\"lazy\" title=\"El presidente Donald Trump destituye a la fiscal general Pam Bondi\" width=\"696\" height=\"392\" src=\"https:\/\/www.youtube.com\/embed\/103kToIjOi0?start=3&#038;feature=oembed\" frameborder=\"0\" allow=\"accelerometer; autoplay; clipboard-write; encrypted-media; gyroscope; picture-in-picture; web-share\" referrerpolicy=\"strict-origin-when-cross-origin\" allowfullscreen><\/iframe><\/p>\n<p><strong><em>Por <span style=\"color: #ff0000;\">Prensa Latina<\/span><\/em><\/strong><\/p>\n<p>Washington, EEUU.- El presidente Donald Trump concret\u00f3 hoy lo que ya se especulaba a voces: destituy\u00f3 a Pam Bondi como secretaria de Justicia y fiscal general de Estados Unidos.<\/p>\n<p>Como era de esperar, la noticia trascendi\u00f3 en redes sociales. Trump anunci\u00f3 que el fiscal general adjunto, Todd Blanche, asumir\u00e1 el cargo de forma interina.<\/p>\n<p><img loading=\"lazy\" decoding=\"async\" class=\"size-medium wp-image-463858 alignleft\" src=\"https:\/\/primermomento.com\/wp-content\/uploads\/2026\/04\/trump-bondi-1-300x167.jpg\" alt=\"\" width=\"300\" height=\"167\" srcset=\"https:\/\/primermomento.com\/wp-content\/uploads\/2026\/04\/trump-bondi-1-300x167.jpg 300w, https:\/\/primermomento.com\/wp-content\/uploads\/2026\/04\/trump-bondi-1-768x428.jpg 768w, https:\/\/primermomento.com\/wp-content\/uploads\/2026\/04\/trump-bondi-1-696x387.jpg 696w, https:\/\/primermomento.com\/wp-content\/uploads\/2026\/04\/trump-bondi-1.jpg 1024w\" sizes=\"auto, (max-width: 300px) 100vw, 300px\" \/>De acuerdo con los reportes, Trump est\u00e1 frustrado por la reacci\u00f3n y el enojo de sus simpatizantes por el manejo que ha hecho el Gobierno al controvertido tema de los archivos de Jeffrey Epstein, el fallecido delincuente sexual con v\u00ednculos pasados con figuras de alto perfil, entre ellos el propio actual ocupante del Despacho Oval.<\/p>\n<p>\u201cEl presidente Trump ha considerado despedir a la fiscal general Pam Bondi en los \u00faltimos d\u00edas, a medida que crece su frustraci\u00f3n con el liderazgo de ella en el Departamento de Justicia y su gesti\u00f3n de los archivos de Epstein, seg\u00fan cuatro personas familiarizadas con las conversaciones\u201d, public\u00f3 previamente el diario The New York Times.<\/p>\n<p>En febrero, Bondi defendi\u00f3 su gesti\u00f3n respecto a los archivos de Epstein en una sesi\u00f3n de elevados decibeles ante el Comit\u00e9 Judicial de la C\u00e1mara de Representantes, donde enfrent\u00f3 acusaciones de politizaci\u00f3n y reclamos directos de las v\u00edctimas. El pasado 17 de marzo, la fiscal general fue citada a comparecer el 14 de abril ante el Comit\u00e9 de Supervisi\u00f3n de la C\u00e1mara de Representantes.<\/p>\n<p>Trump adem\u00e1s se quej\u00f3 de que su hasta ahora incondicional aliada no ha investigado lo suficiente a oponentes pol\u00edticos.<\/p>\n<p>Ayer ambos aparecieron juntos en la Corte Suprema, cuando asistieron a la audiencia de argumentos orales que debati\u00f3 el intento de la administraci\u00f3n de eliminar la ciudadan\u00eda por derecho de nacimiento.<\/p>\n<p>Hace poco Trump despidi\u00f3 a su secretaria del Departamento de Seguridad Nacional, Kristi Noem. Ella estaba muy envuelta en cr\u00edticas y hab\u00eda testificado ante un comit\u00e9 en el Capitolio. D\u00edas antes los medios reforzaron la idea de un despido.<\/p>\n<p>As\u00ed que a Bondi le pasa lo mismo. Trump le dedica elogios y seguido la sacude. Demasiadas piedras en el r\u00edo.<\/p>\n","protected":false},"excerpt":{"rendered":"<p>Por Prensa Latina Washington, EEUU.- El presidente Donald Trump concret\u00f3 hoy lo que ya se especulaba a voces: destituy\u00f3 a Pam Bondi como secretaria de Justicia y fiscal general de Estados Unidos. Como era de esperar, la noticia trascendi\u00f3 en redes sociales. Trump anunci\u00f3 que el fiscal general adjunto, Todd Blanche, asumir\u00e1 el cargo de [&hellip;]<\/p>\n","protected":false},"author":1,"featured_media":463858,"comment_status":"open","ping_status":"open","sticky":false,"template":"","format":"video","meta":{"_bbp_topic_count":0,"_bbp_reply_count":0,"_bbp_total_topic_count":0,"_bbp_total_reply_count":0,"_bbp_voice_count":0,"_bbp_anonymous_reply_count":0,"_bbp_topic_count_hidden":0,"_bbp_reply_count_hidden":0,"_bbp_forum_subforum_count":0,"footnotes":""},"categories":[61,106],"tags":[],"class_list":{"0":"post-463857","1":"post","2":"type-post","3":"status-publish","4":"format-video","5":"has-post-thumbnail","7":"category-mundo","8":"category-video-news","9":"post_format-post-format-video"},"_links":{"self":[{"href":"https:\/\/primermomento.com\/index.php?rest_route=\/wp\/v2\/posts\/463857","targetHints":{"allow":["GET"]}}],"collection":[{"href":"https:\/\/primermomento.com\/index.php?rest_route=\/wp\/v2\/posts"}],"about":[{"href":"https:\/\/primermomento.com\/index.php?rest_route=\/wp\/v2\/types\/post"}],"author":[{"embeddable":true,"href":"https:\/\/primermomento.com\/index.php?rest_route=\/wp\/v2\/users\/1"}],"replies":[{"embeddable":true,"href":"https:\/\/primermomento.com\/index.php?rest_route=%2Fwp%2Fv2%2Fcomments&post=463857"}],"version-history":[{"count":2,"href":"https:\/\/primermomento.com\/index.php?rest_route=\/wp\/v2\/posts\/463857\/revisions"}],"predecessor-version":[{"id":463892,"href":"https:\/\/primermomento.com\/index.php?rest_route=\/wp\/v2\/posts\/463857\/revisions\/463892"}],"wp:featuredmedia":[{"embeddable":true,"href":"https:\/\/primermomento.com\/index.php?rest_route=\/wp\/v2\/media\/463858"}],"wp:attachment":[{"href":"https:\/\/primermomento.com\/index.php?rest_route=%2Fwp%2Fv2%2Fmedia&parent=463857"}],"wp:term":[{"taxonomy":"category","embeddable":true,"href":"https:\/\/primermomento.com\/index.php?rest_route=%2Fwp%2Fv2%2Fcategories&post=463857"},{"taxonomy":"post_tag","embeddable":true,"href":"https:\/\/primermomento.com\/index.php?rest_route=%2Fwp%2Fv2%2Ftags&post=463857"}],"curies":[{"name":"wp","href":"https:\/\/api.w.org\/{rel}","templated":true}]}}