{"id":463863,"date":"2026-04-02T16:44:57","date_gmt":"2026-04-02T20:44:57","guid":{"rendered":"https:\/\/primermomento.com\/?p=463863"},"modified":"2026-04-03T08:19:20","modified_gmt":"2026-04-03T12:19:20","slug":"alimentos-ultraprocesados-nos-hacen-mas-voraces","status":"publish","type":"post","link":"https:\/\/primermomento.com\/?p=463863","title":{"rendered":"Alimentos ultraprocesados nos hacen m\u00e1s voraces"},"content":{"rendered":"<p><strong><em>Por<span style=\"color: #ff0000;\"> Prensa Latina<\/span><\/em><\/strong><\/p>\n<p>Washington, EEUU.- Una investigaci\u00f3n realizada en la Universidad de Michigan, Estados Unidos, se\u00f1ala que los episodios de comer en exceso involucran alimentos altamente procesados, revel\u00f3 hoy una fuente especializada.<\/p>\n<div class=\"elementor-element elementor-element-0aea3a0 elementor-widget elementor-widget-theme-post-content\" data-id=\"0aea3a0\" data-element_type=\"widget\" data-e-type=\"widget\" data-widget_type=\"theme-post-content.default\">\n<div class=\"elementor-widget-container\">\n<p>Seg\u00fan la revista International Journal of Eating Disorders, comprender este patr\u00f3n es fundamental, ya que podr\u00eda cambiar la manera en que cl\u00ednicos, familias y responsables de pol\u00edticas p\u00fablicas abordan la prevenci\u00f3n y el tratamiento de la obesidad.<\/p>\n<p>Los investigadores destacan que los alimentos m\u00e1s consumidos en excesos suelen ser productos ultraprocesados, pues estos est\u00e1n dise\u00f1ados para resultar especialmente gratificantes.<\/p>\n<p>Entre ellos, precis\u00f3 la fuente, figuran los pasteles, helados, galletas, chocolate, pan dulce, pizza y las papas fritas.<\/p>\n<p>\u00abPor lo general, son alimentos altamente procesados y formulados con combinaciones de ingredientes, como carbohidratos refinados y grasas, que los hacen especialmente gratificantes y f\u00e1ciles de consumir en exceso\u00bb, sostienen los expertos.<\/p>\n<p>Los autores puntualizan que fue en la d\u00e9cada de los 70 cuando las personas comenzaron a comer en exceso, justo cuando los alimentos ultraprocesados se volvieron cada vez m\u00e1s dominantes en el entorno alimentario.<\/p>\n<p>El estudio concluy\u00f3 que es una necesidad imperiosa contar con pr\u00e1cticas de informaci\u00f3n alimentaria m\u00e1s claras y estandarizadas, para as\u00ed hacer frente a los trastornos alimentarios a nivel mundial.<\/p>\n<p>Estudios recientes de 2025 muestran v\u00ednculos de los alimentos ultraprocesados con la obesidad, diabetes tipo 2, enfermedades del coraz\u00f3n, c\u00e1ncer y mayor riesgo de muerte prematura.<\/p>\n<p>Los alimentos ultraprocesados son elaborados en f\u00e1bricas con m\u00e9todos industriales que transforman en gran medida los ingredientes originales.<\/p>\n<p>Estos suelen incluir aditivos como colorantes, saborizantes artificiales, edulcorantes intensos y conservantes.<\/p>\n<p>El objetivo -seg\u00fan los expertos- es lograr textura perfecta, aromas potentes y larga duraci\u00f3n en estanter\u00eda.<\/p>\n<\/div>\n<\/div>\n<div class=\"elementor-element elementor-element-4f75016 elementor-widget elementor-widget-post-info\" data-id=\"4f75016\" data-element_type=\"widget\" data-e-type=\"widget\" data-widget_type=\"post-info.default\">\n<div class=\"elementor-widget-container\">\n<ul class=\"elementor-inline-items elementor-icon-list-items elementor-post-info\">\n<li class=\"elementor-icon-list-item elementor-repeater-item-17dda3e elementor-inline-item\"><em><span class=\"elementor-icon-list-text elementor-post-info__item elementor-post-info__item--type-custom\">#<a href=\"https:\/\/primermomento.com\/?p=463863\" rel=\"tag\">alimentos<\/a>\u00a0#<a href=\"https:\/\/primermomento.com\/?p=463863\" rel=\"tag\">obesidad<\/a>\u00a0#<a href=\"https:\/\/primermomento.com\/?p=463863\" rel=\"tag\">ultraprocesados<\/a><\/span><\/em><\/li>\n<\/ul>\n<\/div>\n<\/div>\n","protected":false},"excerpt":{"rendered":"<p>Por Prensa Latina Washington, EEUU.- Una investigaci\u00f3n realizada en la Universidad de Michigan, Estados Unidos, se\u00f1ala que los episodios de comer en exceso involucran alimentos altamente procesados, revel\u00f3 hoy una fuente especializada. Seg\u00fan la revista International Journal of Eating Disorders, comprender este patr\u00f3n es fundamental, ya que podr\u00eda cambiar la manera en que cl\u00ednicos, familias [&hellip;]<\/p>\n","protected":false},"author":1,"featured_media":463864,"comment_status":"open","ping_status":"open","sticky":false,"template":"","format":"standard","meta":{"_bbp_topic_count":0,"_bbp_reply_count":0,"_bbp_total_topic_count":0,"_bbp_total_reply_count":0,"_bbp_voice_count":0,"_bbp_anonymous_reply_count":0,"_bbp_topic_count_hidden":0,"_bbp_reply_count_hidden":0,"_bbp_forum_subforum_count":0,"footnotes":""},"categories":[36],"tags":[],"class_list":{"0":"post-463863","1":"post","2":"type-post","3":"status-publish","4":"format-standard","5":"has-post-thumbnail","7":"category-salud"},"_links":{"self":[{"href":"https:\/\/primermomento.com\/index.php?rest_route=\/wp\/v2\/posts\/463863","targetHints":{"allow":["GET"]}}],"collection":[{"href":"https:\/\/primermomento.com\/index.php?rest_route=\/wp\/v2\/posts"}],"about":[{"href":"https:\/\/primermomento.com\/index.php?rest_route=\/wp\/v2\/types\/post"}],"author":[{"embeddable":true,"href":"https:\/\/primermomento.com\/index.php?rest_route=\/wp\/v2\/users\/1"}],"replies":[{"embeddable":true,"href":"https:\/\/primermomento.com\/index.php?rest_route=%2Fwp%2Fv2%2Fcomments&post=463863"}],"version-history":[{"count":1,"href":"https:\/\/primermomento.com\/index.php?rest_route=\/wp\/v2\/posts\/463863\/revisions"}],"predecessor-version":[{"id":463865,"href":"https:\/\/primermomento.com\/index.php?rest_route=\/wp\/v2\/posts\/463863\/revisions\/463865"}],"wp:featuredmedia":[{"embeddable":true,"href":"https:\/\/primermomento.com\/index.php?rest_route=\/wp\/v2\/media\/463864"}],"wp:attachment":[{"href":"https:\/\/primermomento.com\/index.php?rest_route=%2Fwp%2Fv2%2Fmedia&parent=463863"}],"wp:term":[{"taxonomy":"category","embeddable":true,"href":"https:\/\/primermomento.com\/index.php?rest_route=%2Fwp%2Fv2%2Fcategories&post=463863"},{"taxonomy":"post_tag","embeddable":true,"href":"https:\/\/primermomento.com\/index.php?rest_route=%2Fwp%2Fv2%2Ftags&post=463863"}],"curies":[{"name":"wp","href":"https:\/\/api.w.org\/{rel}","templated":true}]}}