{"id":463879,"date":"2026-04-03T10:30:56","date_gmt":"2026-04-03T14:30:56","guid":{"rendered":"https:\/\/primermomento.com\/?p=463879"},"modified":"2026-04-03T20:20:24","modified_gmt":"2026-04-04T00:20:24","slug":"ascienden-a-ocho-los-muertos-por-ataque-a-puente-b1-en-iran","status":"publish","type":"post","link":"https:\/\/primermomento.com\/?p=463879","title":{"rendered":"Ascienden a ocho los muertos por ataque a puente B1 en Ir\u00e1n"},"content":{"rendered":"<p><iframe loading=\"lazy\" title=\"V\u00eddeo, ataque alcanza un gran puente iran\u00ed cerca de Teher\u00e1n y mata al menos a 8 civiles\" width=\"696\" height=\"392\" src=\"https:\/\/www.youtube.com\/embed\/I94NoimyNsE?start=2&#038;feature=oembed\" frameborder=\"0\" allow=\"accelerometer; autoplay; clipboard-write; encrypted-media; gyroscope; picture-in-picture; web-share\" referrerpolicy=\"strict-origin-when-cross-origin\" allowfullscreen><\/iframe><\/p>\n<p><strong><em>Por <span style=\"color: #ff0000;\">Prensa Latina<\/span><\/em><\/strong><\/p>\n<p>Teher\u00e1n, IR\u00c1N.- El n\u00famero de muertos por el ataque atribuido a Estados Unidos e Israel contra el puente B1 en Karaj, provincia de Alborz, al norte de Ir\u00e1n, ascendi\u00f3 a ocho, seg\u00fan informaron autoridades locales.<\/p>\n<div class=\"elementor-element elementor-element-0aea3a0 elementor-widget elementor-widget-theme-post-content\" data-id=\"0aea3a0\" data-element_type=\"widget\" data-e-type=\"widget\" data-widget_type=\"theme-post-content.default\">\n<div class=\"elementor-widget-container\">\n<p>La gobernaci\u00f3n de Alborz indic\u00f3 que el bombardeo caus\u00f3 adem\u00e1s 95 heridos, tras impactar una infraestructura clave que conecta la capital iran\u00ed con zonas del norte del pa\u00eds.<\/p>\n<p><img loading=\"lazy\" decoding=\"async\" class=\"size-medium wp-image-463880 alignleft\" src=\"https:\/\/primermomento.com\/wp-content\/uploads\/2026\/04\/iran-3-puente-300x225.webp\" alt=\"\" width=\"300\" height=\"225\" srcset=\"https:\/\/primermomento.com\/wp-content\/uploads\/2026\/04\/iran-3-puente-300x225.webp 300w, https:\/\/primermomento.com\/wp-content\/uploads\/2026\/04\/iran-3-puente-768x576.webp 768w, https:\/\/primermomento.com\/wp-content\/uploads\/2026\/04\/iran-3-puente-696x522.webp 696w, https:\/\/primermomento.com\/wp-content\/uploads\/2026\/04\/iran-3-puente.webp 800w\" sizes=\"auto, (max-width: 300px) 100vw, 300px\" \/>El ataque, ocurrido el jueves, provoc\u00f3 la destrucci\u00f3n total de la secci\u00f3n central del puente, considerado uno de los proyectos de ingenier\u00eda m\u00e1s destacados del pa\u00eds, con una longitud aproximada de mil metros.<\/p>\n<p>Medios iran\u00edes hab\u00edan reportado inicialmente dos fallecidos, cifra que fue actualizada posteriormente por las autoridades.<\/p>\n<p>En este contexto, el ministro de Asuntos Exteriores iran\u00ed, Abbas Araqchi, afirm\u00f3 que los ataques contra infraestructura civil reflejan \u201cla derrota y el colapso del enemigo\u201d. Asimismo, subray\u00f3 que \u201catacar instalaciones civiles como puentes no obligar\u00e1 a los iran\u00edes a rendirse\u201d, y asegur\u00f3 que las infraestructuras da\u00f1adas ser\u00e1n reconstruidas con mayor solidez.<\/p>\n<p>Estados Unidos y la entidad israel\u00ed lanzaron dos ataques contra el puente B1, provocando el derrumbe de importantes secciones, seg\u00fan mostraron im\u00e1genes difundidas en redes sociales.<\/p>\n<p>El puente ten\u00eda como objetivo aliviar la congesti\u00f3n del tr\u00e1fico entre Teher\u00e1n y Karaj y facilitar el acceso a las provincias del norte.<\/p>\n<p>Estos hechos se enmarcan en la escalada militar iniciada el 28 de febrero, cuando Estados Unidos e Israel intensificaron sus ataques contra Ir\u00e1n, en un conflicto que ha dejado miles de muertos y heridos.<\/p>\n<\/div>\n<\/div>\n<div class=\"elementor-element elementor-element-4f75016 elementor-widget elementor-widget-post-info\" data-id=\"4f75016\" data-element_type=\"widget\" data-e-type=\"widget\" data-widget_type=\"post-info.default\">\n<div class=\"elementor-widget-container\">\n<ul class=\"elementor-inline-items elementor-icon-list-items elementor-post-info\">\n<li class=\"elementor-icon-list-item elementor-repeater-item-17dda3e elementor-inline-item\"><em><span class=\"elementor-icon-list-text elementor-post-info__item elementor-post-info__item--type-custom\">#<a href=\"https:\/\/primermomento.com\/?p=463879\" rel=\"tag\">eeuu<\/a>\u00a0#<a href=\"https:\/\/primermomento.com\/?p=463879\" rel=\"tag\">puente<\/a><\/span><\/em><\/li>\n<\/ul>\n<\/div>\n<\/div>\n","protected":false},"excerpt":{"rendered":"<p>Por Prensa Latina Teher\u00e1n, IR\u00c1N.- El n\u00famero de muertos por el ataque atribuido a Estados Unidos e Israel contra el puente B1 en Karaj, provincia de Alborz, al norte de Ir\u00e1n, ascendi\u00f3 a ocho, seg\u00fan informaron autoridades locales. La gobernaci\u00f3n de Alborz indic\u00f3 que el bombardeo caus\u00f3 adem\u00e1s 95 heridos, tras impactar una infraestructura clave [&hellip;]<\/p>\n","protected":false},"author":1,"featured_media":463880,"comment_status":"open","ping_status":"open","sticky":false,"template":"","format":"video","meta":{"_bbp_topic_count":0,"_bbp_reply_count":0,"_bbp_total_topic_count":0,"_bbp_total_reply_count":0,"_bbp_voice_count":0,"_bbp_anonymous_reply_count":0,"_bbp_topic_count_hidden":0,"_bbp_reply_count_hidden":0,"_bbp_forum_subforum_count":0,"footnotes":""},"categories":[61,106],"tags":[],"class_list":{"0":"post-463879","1":"post","2":"type-post","3":"status-publish","4":"format-video","5":"has-post-thumbnail","7":"category-mundo","8":"category-video-news","9":"post_format-post-format-video"},"_links":{"self":[{"href":"https:\/\/primermomento.com\/index.php?rest_route=\/wp\/v2\/posts\/463879","targetHints":{"allow":["GET"]}}],"collection":[{"href":"https:\/\/primermomento.com\/index.php?rest_route=\/wp\/v2\/posts"}],"about":[{"href":"https:\/\/primermomento.com\/index.php?rest_route=\/wp\/v2\/types\/post"}],"author":[{"embeddable":true,"href":"https:\/\/primermomento.com\/index.php?rest_route=\/wp\/v2\/users\/1"}],"replies":[{"embeddable":true,"href":"https:\/\/primermomento.com\/index.php?rest_route=%2Fwp%2Fv2%2Fcomments&post=463879"}],"version-history":[{"count":2,"href":"https:\/\/primermomento.com\/index.php?rest_route=\/wp\/v2\/posts\/463879\/revisions"}],"predecessor-version":[{"id":463893,"href":"https:\/\/primermomento.com\/index.php?rest_route=\/wp\/v2\/posts\/463879\/revisions\/463893"}],"wp:featuredmedia":[{"embeddable":true,"href":"https:\/\/primermomento.com\/index.php?rest_route=\/wp\/v2\/media\/463880"}],"wp:attachment":[{"href":"https:\/\/primermomento.com\/index.php?rest_route=%2Fwp%2Fv2%2Fmedia&parent=463879"}],"wp:term":[{"taxonomy":"category","embeddable":true,"href":"https:\/\/primermomento.com\/index.php?rest_route=%2Fwp%2Fv2%2Fcategories&post=463879"},{"taxonomy":"post_tag","embeddable":true,"href":"https:\/\/primermomento.com\/index.php?rest_route=%2Fwp%2Fv2%2Ftags&post=463879"}],"curies":[{"name":"wp","href":"https:\/\/api.w.org\/{rel}","templated":true}]}}