{"id":463888,"date":"2026-04-03T06:30:16","date_gmt":"2026-04-03T10:30:16","guid":{"rendered":"https:\/\/primermomento.com\/?p=463888"},"modified":"2026-04-03T10:41:32","modified_gmt":"2026-04-03T14:41:32","slug":"conani-exhorta-a-cuidado-constante-de-ninos-ninas-y-adolescentes-en-semana-santa","status":"publish","type":"post","link":"https:\/\/primermomento.com\/?p=463888","title":{"rendered":"CONANI exhorta a cuidado constante de ni\u00f1os, ni\u00f1as y adolescentes en Semana Santa"},"content":{"rendered":"<p><strong><em>Por <span style=\"color: #ff0000;\">Servicios de Primermomento.com<\/span><\/em><\/strong><\/p>\n<p>SANTO DOMINGO, Rep\u00fablica Dominicana.- Ante los d\u00edas de asueto de Semana Santa, el Consejo Nacional para la Ni\u00f1ez y la Adolescencia (CONANI) hizo un llamado a la ciudadan\u00eda a que coloque la protecci\u00f3n de los ni\u00f1os, las ni\u00f1as y adolescentes en el centro de las decisiones familiares.<\/p>\n<p>La instituci\u00f3n advirti\u00f3 que esta \u00e9poca, caracterizada por desplazamientos y actividades recreativas, puede aumentar los riesgos para la ni\u00f1ez y la adolescencia si no se adoptan medidas preventivas.<\/p>\n<p>En ese sentido, y porque la protecci\u00f3n de los menores de edad es responsabilidad de todos, el CONANI inst\u00f3 a no dejar a ni\u00f1os, ni\u00f1as y adolescentes sin supervisi\u00f3n en playas, r\u00edos o piscinas; identificarlos con pulseras o datos de contacto en caso de extrav\u00edo; establecer puntos de encuentro familiares en lugares concurridos; garantizar el uso de cintur\u00f3n de seguridad en veh\u00edculos; llevar botiqu\u00edn de primeros auxilios y usar chalecos salvavidas en actividades acu\u00e1ticas.<\/p>\n<p>Asimismo, reiter\u00f3 la importancia de no exponerles a ambientes donde se consume alcohol o situaciones que puedan comprometer su integridad f\u00edsica y emocional.<\/p>\n<p><strong>Atenci\u00f3n activa durante el asueto<\/strong><\/p>\n<p>El CONANI inform\u00f3 adem\u00e1s que su personal en los distintos territorios del pa\u00eds se mantendr\u00e1 trabajando durante toda la semana para responder de manera oportuna ante cualquier situaci\u00f3n de vulneraci\u00f3n de derechos que involucre a ni\u00f1os, ni\u00f1as y adolescentes.<\/p>\n<p>A trav\u00e9s de sus oficinas regionales y municipales, el \u00f3rgano rector del Sistema Nacional de Protecci\u00f3n se mantendr\u00e1 vigilante y articulando con las autoridades competentes para garantizar la protecci\u00f3n integral de esta poblaci\u00f3n.<\/p>\n<p>\u201cProteger a la ni\u00f1ez y la adolescencia es una responsabilidad compartida. Invitamos a toda la ciudadan\u00eda a actuar con conciencia y a reportar cualquier situaci\u00f3n de riesgo o vulneraci\u00f3n de derechos a trav\u00e9s de la L\u00ednea Vida (*211), disponible en todo el pa\u00eds\u201d, indic\u00f3 el organismo en nota de prensa.<\/p>\n","protected":false},"excerpt":{"rendered":"<p>Por Servicios de Primermomento.com SANTO DOMINGO, Rep\u00fablica Dominicana.- Ante los d\u00edas de asueto de Semana Santa, el Consejo Nacional para la Ni\u00f1ez y la Adolescencia (CONANI) hizo un llamado a la ciudadan\u00eda a que coloque la protecci\u00f3n de los ni\u00f1os, las ni\u00f1as y adolescentes en el centro de las decisiones familiares. La instituci\u00f3n advirti\u00f3 que [&hellip;]<\/p>\n","protected":false},"author":1,"featured_media":409072,"comment_status":"open","ping_status":"open","sticky":false,"template":"","format":"standard","meta":{"_bbp_topic_count":0,"_bbp_reply_count":0,"_bbp_total_topic_count":0,"_bbp_total_reply_count":0,"_bbp_voice_count":0,"_bbp_anonymous_reply_count":0,"_bbp_topic_count_hidden":0,"_bbp_reply_count_hidden":0,"_bbp_forum_subforum_count":0,"footnotes":""},"categories":[38],"tags":[],"class_list":{"0":"post-463888","1":"post","2":"type-post","3":"status-publish","4":"format-standard","5":"has-post-thumbnail","7":"category-sociedad"},"_links":{"self":[{"href":"https:\/\/primermomento.com\/index.php?rest_route=\/wp\/v2\/posts\/463888","targetHints":{"allow":["GET"]}}],"collection":[{"href":"https:\/\/primermomento.com\/index.php?rest_route=\/wp\/v2\/posts"}],"about":[{"href":"https:\/\/primermomento.com\/index.php?rest_route=\/wp\/v2\/types\/post"}],"author":[{"embeddable":true,"href":"https:\/\/primermomento.com\/index.php?rest_route=\/wp\/v2\/users\/1"}],"replies":[{"embeddable":true,"href":"https:\/\/primermomento.com\/index.php?rest_route=%2Fwp%2Fv2%2Fcomments&post=463888"}],"version-history":[{"count":2,"href":"https:\/\/primermomento.com\/index.php?rest_route=\/wp\/v2\/posts\/463888\/revisions"}],"predecessor-version":[{"id":463890,"href":"https:\/\/primermomento.com\/index.php?rest_route=\/wp\/v2\/posts\/463888\/revisions\/463890"}],"wp:featuredmedia":[{"embeddable":true,"href":"https:\/\/primermomento.com\/index.php?rest_route=\/wp\/v2\/media\/409072"}],"wp:attachment":[{"href":"https:\/\/primermomento.com\/index.php?rest_route=%2Fwp%2Fv2%2Fmedia&parent=463888"}],"wp:term":[{"taxonomy":"category","embeddable":true,"href":"https:\/\/primermomento.com\/index.php?rest_route=%2Fwp%2Fv2%2Fcategories&post=463888"},{"taxonomy":"post_tag","embeddable":true,"href":"https:\/\/primermomento.com\/index.php?rest_route=%2Fwp%2Fv2%2Ftags&post=463888"}],"curies":[{"name":"wp","href":"https:\/\/api.w.org\/{rel}","templated":true}]}}