{"id":463922,"date":"2026-04-04T06:32:46","date_gmt":"2026-04-04T10:32:46","guid":{"rendered":"https:\/\/primermomento.com\/?p=463922"},"modified":"2026-04-04T18:33:56","modified_gmt":"2026-04-04T22:33:56","slug":"papa-leon-xiv-recordo-en-via-crucis-el-dolor-causado-por-las-guerras","status":"publish","type":"post","link":"https:\/\/primermomento.com\/?p=463922","title":{"rendered":"Papa Le\u00f3n XIV record\u00f3 en V\u00eda Crucis el dolor causado por las guerras"},"content":{"rendered":"<p><iframe loading=\"lazy\" title=\"El Papa Le\u00f3n XIV desnuda la cruz en la procesi\u00f3n del Viernes Santo\" width=\"696\" height=\"392\" src=\"https:\/\/www.youtube.com\/embed\/QzkZ4t5Wv9E?start=2&#038;feature=oembed\" frameborder=\"0\" allow=\"accelerometer; autoplay; clipboard-write; encrypted-media; gyroscope; picture-in-picture; web-share\" referrerpolicy=\"strict-origin-when-cross-origin\" allowfullscreen><\/iframe><\/p>\n<p><em><strong>Por<span style=\"color: #ff0000;\"> Prensa Latina<\/span><\/strong><\/em><\/p>\n<p>Ciudad del Vaticano, ROMA.- El papa Le\u00f3n XIV record\u00f3 en sus oraciones, pronunciadas al concluir la ceremonia del V\u00eda Crucis en el Coliseo de Roma, el dolor causado por los actuales conflictos b\u00e9licos en el mundo, se\u00f1ala hoy un reporte.<\/p>\n<div class=\"elementor-element elementor-element-0aea3a0 elementor-widget elementor-widget-theme-post-content\" data-id=\"0aea3a0\" data-element_type=\"widget\" data-e-type=\"widget\" data-widget_type=\"theme-post-content.default\">\n<div class=\"elementor-widget-container\">\n<p>El Santo Padre se refiri\u00f3 en esa ceremonia, realizada la v\u00edspera a partir de las 21:15 (hora local), al dolor de quienes sufren a causa de la guerra, \u201cde tantos voluntarios, trabajadores humanitarios y profesionales de la comunicaci\u00f3n que arriesgan sus vidas para cuidar a alguien o para dar a conocer la verdad\u201d.<\/p>\n<p><img loading=\"lazy\" decoding=\"async\" class=\"size-medium wp-image-463923 alignleft\" src=\"https:\/\/primermomento.com\/wp-content\/uploads\/2026\/04\/Papa-1-300x225.jpeg\" alt=\"\" width=\"300\" height=\"225\" srcset=\"https:\/\/primermomento.com\/wp-content\/uploads\/2026\/04\/Papa-1-300x225.jpeg 300w, https:\/\/primermomento.com\/wp-content\/uploads\/2026\/04\/Papa-1-768x576.jpeg 768w, https:\/\/primermomento.com\/wp-content\/uploads\/2026\/04\/Papa-1-696x522.jpeg 696w, https:\/\/primermomento.com\/wp-content\/uploads\/2026\/04\/Papa-1.jpeg 1024w\" sizes=\"auto, (max-width: 300px) 100vw, 300px\" \/>El Obispo de Roma, flanqueado por dos j\u00f3venes portadores de antorchas, sostuvo la cruz durante las 14 estaciones del V\u00eda Crucis, cinco dentro y nueve fuera de la antigua arena iluminada por teas.<\/p>\n<p>Una nota publicada en el sitio digital del diario Vatican News destaca que las meditaciones recitadas por el Sumo Pont\u00edfice ante m\u00e1s de 30 mil fieles reunidos en el tambi\u00e9n denominado Anfiteatro Flavio, de la capital italiana, reflejaron \u201cla realidad actual, donde a menudo se abusa del poder y se pisotea la dignidad humana\u201d.<\/p>\n<p>\u201cDanos l\u00e1grimas, Se\u00f1or, para llorar por los desastres de la guerra\u201d, dijo en sus oraciones, en las que asever\u00f3 que \u201ctoda autoridad tendr\u00e1 que responder ante Dios por la forma en que ejerce el poder que ha recibido: el poder de juzgar, pero tambi\u00e9n el de iniciar o terminar una guerra, el de educar en la violencia o en la paz\u201d.<\/p>\n<p>Tambi\u00e9n responder\u00e1n \u201cpor alimentar el deseo de venganza o el de reconciliaci\u00f3n, por usar la econom\u00eda para oprimir o liberar de la pobreza, el de pisotear la dignidad humana o protegerla, el de promover y defender la vida o rechazarla y sofocarla\u201d.<\/p>\n<p>En la ma\u00f1ana del Viernes Santo, el papa Le\u00f3n XIV sostuvo un contacto telef\u00f3nico con Isaac Herzog, presidente de Israel, a quien reiter\u00f3 la necesidad de reabrir todos los canales posibles de di\u00e1logo diplom\u00e1tico para poner fin al grave conflicto en curso, con miras a una paz justa y duradera en Medio Oriente, inform\u00f3 la oficina de prensa vaticana.<\/p>\n<p>La conversaci\u00f3n se centr\u00f3 en la importancia de proteger a la poblaci\u00f3n civil y promover el respeto del derecho internacional y humanitario, confirm\u00f3 ese parte noticioso.<\/p>\n<p>Tambi\u00e9n ese d\u00eda, con motivo de la Pascua, el pont\u00edfice se comunic\u00f3 v\u00eda telef\u00f3nica con el presidente ucraniano, Vladimir Zelenski, a quien le \u201crenov\u00f3 la esperanza de que, con el compromiso y apoyo de la comunidad internacional, se logre cuanto antes el cese de las hostilidades y una paz justa y duradera\u201d en ese pa\u00eds, a\u00f1adi\u00f3 ese medio informativo.<\/p>\n<p>Como parte del Triduo Pascual, a las 19:30 (hora local) de hoy, tendr\u00e1 lugar la Vigilia Pascual y finalmente, el 5 de abril, el l\u00edder de la Iglesia cat\u00f3lica presidir\u00e1 en la Plaza de San Pedro las ceremonias del Domingo de Pascua, y a las 10:00 celebrar\u00e1 la misa.<\/p>\n<p>Ma\u00f1ana al mediod\u00eda el papa Le\u00f3n XIV pronunciar\u00e1, adem\u00e1s, el mensaje Urbi et Orbi, desde la logia central de la bas\u00edlica vaticana.<\/p>\n<\/div>\n<\/div>\n<div class=\"elementor-element elementor-element-4f75016 elementor-widget elementor-widget-post-info\" data-id=\"4f75016\" data-element_type=\"widget\" data-e-type=\"widget\" data-widget_type=\"post-info.default\">\n<div class=\"elementor-widget-container\">\n<ul class=\"elementor-inline-items elementor-icon-list-items elementor-post-info\">\n<li class=\"elementor-icon-list-item elementor-repeater-item-17dda3e elementor-inline-item\"><em><span class=\"elementor-icon-list-text elementor-post-info__item elementor-post-info__item--type-custom\">#<a href=\"https:\/\/primermomento.com\/?p=463922\" rel=\"tag\">guerras<\/a>\u00a0#<a href=\"https:\/\/primermomento.com\/?p=463922\" rel=\"tag\">Israel<\/a>\u00a0#<a href=\"https:\/\/primermomento.com\/?p=463922\" rel=\"tag\">pascua<\/a>\u00a0#<a href=\"https:\/\/primermomento.com\/?p=463922\" rel=\"tag\">vaticano<\/a><\/span><\/em><\/li>\n<\/ul>\n<\/div>\n<\/div>\n","protected":false},"excerpt":{"rendered":"<p>Por Prensa Latina Ciudad del Vaticano, ROMA.- El papa Le\u00f3n XIV record\u00f3 en sus oraciones, pronunciadas al concluir la ceremonia del V\u00eda Crucis en el Coliseo de Roma, el dolor causado por los actuales conflictos b\u00e9licos en el mundo, se\u00f1ala hoy un reporte. El Santo Padre se refiri\u00f3 en esa ceremonia, realizada la v\u00edspera a [&hellip;]<\/p>\n","protected":false},"author":1,"featured_media":463923,"comment_status":"open","ping_status":"open","sticky":false,"template":"","format":"video","meta":{"_bbp_topic_count":0,"_bbp_reply_count":0,"_bbp_total_topic_count":0,"_bbp_total_reply_count":0,"_bbp_voice_count":0,"_bbp_anonymous_reply_count":0,"_bbp_topic_count_hidden":0,"_bbp_reply_count_hidden":0,"_bbp_forum_subforum_count":0,"footnotes":""},"categories":[61,106],"tags":[],"class_list":{"0":"post-463922","1":"post","2":"type-post","3":"status-publish","4":"format-video","5":"has-post-thumbnail","7":"category-mundo","8":"category-video-news","9":"post_format-post-format-video"},"_links":{"self":[{"href":"https:\/\/primermomento.com\/index.php?rest_route=\/wp\/v2\/posts\/463922","targetHints":{"allow":["GET"]}}],"collection":[{"href":"https:\/\/primermomento.com\/index.php?rest_route=\/wp\/v2\/posts"}],"about":[{"href":"https:\/\/primermomento.com\/index.php?rest_route=\/wp\/v2\/types\/post"}],"author":[{"embeddable":true,"href":"https:\/\/primermomento.com\/index.php?rest_route=\/wp\/v2\/users\/1"}],"replies":[{"embeddable":true,"href":"https:\/\/primermomento.com\/index.php?rest_route=%2Fwp%2Fv2%2Fcomments&post=463922"}],"version-history":[{"count":3,"href":"https:\/\/primermomento.com\/index.php?rest_route=\/wp\/v2\/posts\/463922\/revisions"}],"predecessor-version":[{"id":463943,"href":"https:\/\/primermomento.com\/index.php?rest_route=\/wp\/v2\/posts\/463922\/revisions\/463943"}],"wp:featuredmedia":[{"embeddable":true,"href":"https:\/\/primermomento.com\/index.php?rest_route=\/wp\/v2\/media\/463923"}],"wp:attachment":[{"href":"https:\/\/primermomento.com\/index.php?rest_route=%2Fwp%2Fv2%2Fmedia&parent=463922"}],"wp:term":[{"taxonomy":"category","embeddable":true,"href":"https:\/\/primermomento.com\/index.php?rest_route=%2Fwp%2Fv2%2Fcategories&post=463922"},{"taxonomy":"post_tag","embeddable":true,"href":"https:\/\/primermomento.com\/index.php?rest_route=%2Fwp%2Fv2%2Ftags&post=463922"}],"curies":[{"name":"wp","href":"https:\/\/api.w.org\/{rel}","templated":true}]}}