{"id":463958,"date":"2026-04-05T10:16:21","date_gmt":"2026-04-05T14:16:21","guid":{"rendered":"https:\/\/primermomento.com\/?p=463958"},"modified":"2026-04-05T16:14:13","modified_gmt":"2026-04-05T20:14:13","slug":"papa-leon-xiv-imploro-en-la-pascua-por-una-paz-forjada-en-el-dialogo","status":"publish","type":"post","link":"https:\/\/primermomento.com\/?p=463958","title":{"rendered":"Papa Le\u00f3n XIV implor\u00f3 en la Pascua por una paz forjada en el di\u00e1logo"},"content":{"rendered":"<p><iframe loading=\"lazy\" title=\"Papa Le\u00f3n XIV en Pascua: &quot;\u00a1Que depongan las armas los que las tienen!&quot;\" width=\"696\" height=\"392\" src=\"https:\/\/www.youtube.com\/embed\/UBD5-u5keKk?start=1&#038;feature=oembed\" frameborder=\"0\" allow=\"accelerometer; autoplay; clipboard-write; encrypted-media; gyroscope; picture-in-picture; web-share\" referrerpolicy=\"strict-origin-when-cross-origin\" allowfullscreen><\/iframe><\/p>\n<p><strong><em>Por <span style=\"color: #ff0000;\">Prensa Latina<\/span><\/em><\/strong><\/p>\n<p>Ciudad del Vaticano, ROMA.- El papa Le\u00f3n XIV implor\u00f3 hoy, en este Domingo de Pascua, por una paz que se logre a partir del di\u00e1logo y no por la fuerza, para poner fin a los actuales conflictos que hacen sufrir a la humanidad.<\/p>\n<div class=\"elementor-element elementor-element-0aea3a0 elementor-widget elementor-widget-theme-post-content\" data-id=\"0aea3a0\" data-element_type=\"widget\" data-e-type=\"widget\" data-widget_type=\"theme-post-content.default\">\n<div class=\"elementor-widget-container\">\n<p>En su mensaje Urbi et Orbi, pronunciado al mediod\u00eda desde la logia central de la bas\u00edlica vaticana, ante unas 60 mil personas congregadas en la Plaza de San Pedro, el sumo pont\u00edfice pidi\u00f3 \u201ca Dios, que conceda su paz al mundo asolado por las guerras y marcado por el odio y la indiferencia\u201d.<\/p>\n<p><img loading=\"lazy\" decoding=\"async\" class=\"size-medium wp-image-463960 alignleft\" src=\"https:\/\/primermomento.com\/wp-content\/uploads\/2026\/04\/Papa-en-Vaticano-300x169.jpg\" alt=\"\" width=\"300\" height=\"169\" srcset=\"https:\/\/primermomento.com\/wp-content\/uploads\/2026\/04\/Papa-en-Vaticano-300x169.jpg 300w, https:\/\/primermomento.com\/wp-content\/uploads\/2026\/04\/Papa-en-Vaticano-768x432.jpg 768w, https:\/\/primermomento.com\/wp-content\/uploads\/2026\/04\/Papa-en-Vaticano-696x392.jpg 696w, https:\/\/primermomento.com\/wp-content\/uploads\/2026\/04\/Papa-en-Vaticano.jpg 1024w\" sizes=\"auto, (max-width: 300px) 100vw, 300px\" \/>\u201c\u00a1Que quienes empu\u00f1an las armas las depongan! \u00a1Que quienes tienen el poder de desatar guerras elijan la paz! \u00a1No una paz forjada por la fuerza, sino por el di\u00e1logo! \u00a1No por el deseo de dominar a los dem\u00e1s, sino por el encuentro!\u201d, expres\u00f3 el obispo de Roma, seg\u00fan un comunicado divulgado por la oficina de prensa de la Santa Sede.<\/p>\n<p>Poco antes de la bendici\u00f3n Urbi et Orbi, el papa Le\u00f3n XIV presidi\u00f3 la Misa de Pascua en la plaza frente a la Bas\u00edlica Vaticana, donde expres\u00f3 que el mensaje de este d\u00eda \u201cnos abre a la luz que nunca se apaga, cuando las decepciones o la soledad que experimentamos minan nuestras esperanzas\u201d.<\/p>\n<p>\u201cLa muerte siempre acecha\u201d, se\u00f1al\u00f3, pues \u201cla vemos presente en la injusticia, en el ego\u00edsmo partidista, en la opresi\u00f3n de los pobres, en la indiferencia hacia los m\u00e1s vulnerables. La vemos en la violencia, en las heridas del mundo, en el grito de dolor que surge por doquier ante los abusos que aplastan a los m\u00e1s d\u00e9biles\u201d.<\/p>\n<p>Tambi\u00e9n la vemos \u201cen la idolatr\u00eda del lucro que saquea los recursos de la tierra, en la violencia de la guerra que mata y destruye\u201d, a\u00f1adi\u00f3 el pont\u00edfice.<\/p>\n<p>El santo padre invit\u00f3 a todos, tanto fieles como no creyentes, a un\u00edrsele el pr\u00f3ximo s\u00e1bado 11 de abril en una Vigilia de Oraci\u00f3n por la Paz que se celebrar\u00e1 en la Bas\u00edlica de San Pedro, la cual dar\u00e1 continuidad a la celebrada el pasado 11 de octubre de 2025.<\/p>\n<p>Se tratar\u00e1 de una acci\u00f3n contra la \u201cglobalizaci\u00f3n de la indiferencia\u201d, seg\u00fan dijo retomando lo expresado constantemente por el papa Francisco, quien hace un a\u00f1o, en su \u00faltimo mensaje Urbi et Orbi, lament\u00f3 \u201c\u00a1Cu\u00e1nto deseo de muerte vemos cada d\u00eda en los numerosos conflictos que afectan a diferentes partes del mundo!\u201d.<\/p>\n<p>\u201cNos estamos acostumbrando a la violencia, nos resignamos a ella y nos volvemos indiferentes.<\/p>\n<p>Indiferentes a la muerte de miles de personas. Indiferentes a las repercusiones del odio y la divisi\u00f3n que siembran los conflictos. Indiferentes a las consecuencias econ\u00f3micas y sociales que producen, las cuales todos sufrimos\u201d, manifest\u00f3.<\/p>\n<p>Las palabras del papa Le\u00f3n XIV en este Domingo de Pascua \u201cpesan como el m\u00e1rmol en las conciencias de quienes contaminan el mundo con la l\u00f3gica y las acciones de la guerra, con la promoci\u00f3n del odio, con la indiferencia hacia quienes sufren y mueren\u201d, apunta una nota publicada en el sitio digital del diario Vatican News.<\/p>\n<\/div>\n<\/div>\n<div class=\"elementor-element elementor-element-4f75016 elementor-widget elementor-widget-post-info\" data-id=\"4f75016\" data-element_type=\"widget\" data-e-type=\"widget\" data-widget_type=\"post-info.default\">\n<div class=\"elementor-widget-container\">\n<ul class=\"elementor-inline-items elementor-icon-list-items elementor-post-info\">\n<li class=\"elementor-icon-list-item elementor-repeater-item-17dda3e elementor-inline-item\"><em><span class=\"elementor-icon-list-text elementor-post-info__item elementor-post-info__item--type-custom\">#<a href=\"https:\/\/primermomento.com\/?p=463958\" rel=\"tag\">guerra<\/a>\u00a0#<a href=\"https:\/\/primermomento.com\/?p=463958\" rel=\"tag\">pascua<\/a>\u00a0#<a href=\"https:\/\/primermomento.com\/?p=463958\" rel=\"tag\">paz<\/a>\u00a0#<a href=\"https:\/\/primermomento.com\/?p=463958\" rel=\"tag\">vaticano<\/a><\/span><\/em><\/li>\n<\/ul>\n<\/div>\n<\/div>\n","protected":false},"excerpt":{"rendered":"<p>Por Prensa Latina Ciudad del Vaticano, ROMA.- El papa Le\u00f3n XIV implor\u00f3 hoy, en este Domingo de Pascua, por una paz que se logre a partir del di\u00e1logo y no por la fuerza, para poner fin a los actuales conflictos que hacen sufrir a la humanidad. En su mensaje Urbi et Orbi, pronunciado al mediod\u00eda [&hellip;]<\/p>\n","protected":false},"author":1,"featured_media":463960,"comment_status":"open","ping_status":"open","sticky":false,"template":"","format":"video","meta":{"_bbp_topic_count":0,"_bbp_reply_count":0,"_bbp_total_topic_count":0,"_bbp_total_reply_count":0,"_bbp_voice_count":0,"_bbp_anonymous_reply_count":0,"_bbp_topic_count_hidden":0,"_bbp_reply_count_hidden":0,"_bbp_forum_subforum_count":0,"footnotes":""},"categories":[61,106],"tags":[],"class_list":{"0":"post-463958","1":"post","2":"type-post","3":"status-publish","4":"format-video","5":"has-post-thumbnail","7":"category-mundo","8":"category-video-news","9":"post_format-post-format-video"},"_links":{"self":[{"href":"https:\/\/primermomento.com\/index.php?rest_route=\/wp\/v2\/posts\/463958","targetHints":{"allow":["GET"]}}],"collection":[{"href":"https:\/\/primermomento.com\/index.php?rest_route=\/wp\/v2\/posts"}],"about":[{"href":"https:\/\/primermomento.com\/index.php?rest_route=\/wp\/v2\/types\/post"}],"author":[{"embeddable":true,"href":"https:\/\/primermomento.com\/index.php?rest_route=\/wp\/v2\/users\/1"}],"replies":[{"embeddable":true,"href":"https:\/\/primermomento.com\/index.php?rest_route=%2Fwp%2Fv2%2Fcomments&post=463958"}],"version-history":[{"count":2,"href":"https:\/\/primermomento.com\/index.php?rest_route=\/wp\/v2\/posts\/463958\/revisions"}],"predecessor-version":[{"id":463965,"href":"https:\/\/primermomento.com\/index.php?rest_route=\/wp\/v2\/posts\/463958\/revisions\/463965"}],"wp:featuredmedia":[{"embeddable":true,"href":"https:\/\/primermomento.com\/index.php?rest_route=\/wp\/v2\/media\/463960"}],"wp:attachment":[{"href":"https:\/\/primermomento.com\/index.php?rest_route=%2Fwp%2Fv2%2Fmedia&parent=463958"}],"wp:term":[{"taxonomy":"category","embeddable":true,"href":"https:\/\/primermomento.com\/index.php?rest_route=%2Fwp%2Fv2%2Fcategories&post=463958"},{"taxonomy":"post_tag","embeddable":true,"href":"https:\/\/primermomento.com\/index.php?rest_route=%2Fwp%2Fv2%2Ftags&post=463958"}],"curies":[{"name":"wp","href":"https:\/\/api.w.org\/{rel}","templated":true}]}}