{"id":463975,"date":"2026-04-05T09:40:20","date_gmt":"2026-04-05T13:40:20","guid":{"rendered":"https:\/\/primermomento.com\/?p=463975"},"modified":"2026-04-06T16:56:44","modified_gmt":"2026-04-06T20:56:44","slug":"presidente-trump-informa-rescate-de-piloto-de-eeuu-en-iran","status":"publish","type":"post","link":"https:\/\/primermomento.com\/?p=463975","title":{"rendered":"Presidente Trump informa rescate de piloto de EEUU en Ir\u00e1n"},"content":{"rendered":"<p><iframe loading=\"lazy\" title=\"El piloto estadounidense desaparecido ha sido rescatado en Ir\u00e1n &quot;sano y salvo&quot;\" width=\"696\" height=\"392\" src=\"https:\/\/www.youtube.com\/embed\/m_prr5JMjig?start=1&#038;feature=oembed\" frameborder=\"0\" allow=\"accelerometer; autoplay; clipboard-write; encrypted-media; gyroscope; picture-in-picture; web-share\" referrerpolicy=\"strict-origin-when-cross-origin\" allowfullscreen><\/iframe><\/p>\n<p><em><strong>Por <span style=\"color: #ff0000;\">Prensa Latina<\/span><\/strong><\/em><\/p>\n<p>Washington, EEUU.- El presidente Donald Trump inform\u00f3 hoy que fuerzas de Estados Unidos rescataron al piloto que se encontraba desaparecido en Ir\u00e1n tras ser derribado su avi\u00f3n de combate F-15E por las defensas de la Rep\u00fablica Isl\u00e1mica el viernes.<\/p>\n<p>Trump hizo el anuncio en su red Truth Social, calificando la operaci\u00f3n de b\u00fasqueda y rescate como una de las \u201cm\u00e1s audaces en la historia de Estados Unidos\u201d.<\/p>\n<p><img loading=\"lazy\" decoding=\"async\" class=\"size-medium wp-image-463976 alignleft\" src=\"https:\/\/primermomento.com\/wp-content\/uploads\/2026\/04\/trump-rescate-piloto-1-300x169.jpg\" alt=\"\" width=\"300\" height=\"169\" srcset=\"https:\/\/primermomento.com\/wp-content\/uploads\/2026\/04\/trump-rescate-piloto-1-300x169.jpg 300w, https:\/\/primermomento.com\/wp-content\/uploads\/2026\/04\/trump-rescate-piloto-1-768x432.jpg 768w, https:\/\/primermomento.com\/wp-content\/uploads\/2026\/04\/trump-rescate-piloto-1-696x392.jpg 696w, https:\/\/primermomento.com\/wp-content\/uploads\/2026\/04\/trump-rescate-piloto-1.jpg 1024w\" sizes=\"auto, (max-width: 300px) 100vw, 300px\" \/>Seg\u00fan el mandatario este segundo miembro de la tripulaci\u00f3n del caza \u201cya se encuentra SANO y SALVO\u201d, escribi\u00f3.<\/p>\n<p>El F-15E Strike Eagle, con dos miembros del servicio a bordo, fue derribado por fuerzas iran\u00edes sobre el espacio a\u00e9reo de ese pa\u00eds de Medio Oriente el 3 de abril y ese propio d\u00eda uno de ellos fue rescatado, mientras continuaban los intentos por encontrar al otro.<\/p>\n<p>La recuperaci\u00f3n del militar estadounidense este domingo se produce en un momento en que Trump intensifica sus amenazas sobre Ir\u00e1n para que regrese a la normalidad el paso por el estrecho de Ormuz, ruta por donde transita el 20 por ciento del comercio mundial de petr\u00f3leo.<\/p>\n<p>El presidente Trump sigue imponiendo ultim\u00e1tum. \u201c\u00bfRecuerdan cuando le di a Ir\u00e1n diez d\u00edas para CERRAR UN ACUERDO o ABRIR EL ESTRECHO DE ORMUZ?\u201d, public\u00f3 la v\u00edspera en su plataforma, donde seguidamente subray\u00f3: \u201cEl tiempo se agota: quedan 48 horas antes de que se desate el infierno sobre ellos\u201d.<\/p>\n<p>La ma\u00f1ana de este domingo, Trump volvi\u00f3 a arremeter contra Ir\u00e1n a prop\u00f3sito del estrecho de Ormuz, al parecer molesto. Dijo que atacar\u00e1 la infraestructura iran\u00ed.<\/p>\n<p>\u201cEl martes ser\u00e1 el D\u00eda de las Centrales El\u00e9ctricas, y el D\u00eda de los Puentes; todo en uno, en Ir\u00e1n. \u00a1\u00a1\u00a1No habr\u00e1 nada igual!!! Abran el maldito estrecho, bastardos locos, o vivir\u00e1n en el infierno\u201d, expres\u00f3.<\/p>\n<p>El presidente del Parlamento de Ir\u00e1n, Mohamad Baqer Qalibaf, ironiz\u00f3 en una publicaci\u00f3n en su cuenta en X, donde comparti\u00f3 im\u00e1genes de los restos de lo que parecen aviones estadounidenses destruidos cerca de Isfah\u00e1n durante la misi\u00f3n de rescate del piloto del caza derribado.<\/p>\n<p>Qalibaf afirm\u00f3 que, si Estados Unidos \u201cconsigue tres victorias m\u00e1s como esta, quedar\u00e1 completamente arruinado\u201d y en un hilo del mismo mensaje se\u00f1al\u00f3 que \u201cla \u00fanica soluci\u00f3n real es respetar los derechos del pueblo iran\u00ed y poner fin a este peligroso juego\u201d.<\/p>\n<p>Los informes que circularon el viernes dieron cuenta que dos helic\u00f3pteros UH-60 Black Hawk de la Fuerza A\u00e9rea de Estados Unidos fueron impactados por las defensas iran\u00edes mientras participaban en la operaci\u00f3n de b\u00fasqueda y rescate de la tripulaci\u00f3n del F-15E.<\/p>\n<p>\u201cEstamos en guerra\u201d dijo entonces Trump, dos d\u00edas despu\u00e9s de sus afirmaciones de que las capacidades militares de Ir\u00e1n hab\u00edan sido destruidas.<\/p>\n<p>El derribo disip\u00f3 la noci\u00f3n de que, como declar\u00f3 Trump, Estados Unidos controla totalmente el espacio a\u00e9reo iran\u00ed.<\/p>\n<p>Para el congresista dem\u00f3crata Seth Moulton, integrante de la Comisi\u00f3n de Servicios Armados de la C\u00e1mara de Representantes, es cuestionable el enfoque de Trump de esta guerra y advirti\u00f3 que el Gobierno federal no \u201csabe c\u00f3mo salir de este desastre\u201d.<\/p>\n","protected":false},"excerpt":{"rendered":"<p>Por Prensa Latina Washington, EEUU.- El presidente Donald Trump inform\u00f3 hoy que fuerzas de Estados Unidos rescataron al piloto que se encontraba desaparecido en Ir\u00e1n tras ser derribado su avi\u00f3n de combate F-15E por las defensas de la Rep\u00fablica Isl\u00e1mica el viernes. Trump hizo el anuncio en su red Truth Social, calificando la operaci\u00f3n de [&hellip;]<\/p>\n","protected":false},"author":1,"featured_media":463976,"comment_status":"open","ping_status":"open","sticky":false,"template":"","format":"video","meta":{"_bbp_topic_count":0,"_bbp_reply_count":0,"_bbp_total_topic_count":0,"_bbp_total_reply_count":0,"_bbp_voice_count":0,"_bbp_anonymous_reply_count":0,"_bbp_topic_count_hidden":0,"_bbp_reply_count_hidden":0,"_bbp_forum_subforum_count":0,"footnotes":""},"categories":[61,106],"tags":[],"class_list":{"0":"post-463975","1":"post","2":"type-post","3":"status-publish","4":"format-video","5":"has-post-thumbnail","7":"category-mundo","8":"category-video-news","9":"post_format-post-format-video"},"_links":{"self":[{"href":"https:\/\/primermomento.com\/index.php?rest_route=\/wp\/v2\/posts\/463975","targetHints":{"allow":["GET"]}}],"collection":[{"href":"https:\/\/primermomento.com\/index.php?rest_route=\/wp\/v2\/posts"}],"about":[{"href":"https:\/\/primermomento.com\/index.php?rest_route=\/wp\/v2\/types\/post"}],"author":[{"embeddable":true,"href":"https:\/\/primermomento.com\/index.php?rest_route=\/wp\/v2\/users\/1"}],"replies":[{"embeddable":true,"href":"https:\/\/primermomento.com\/index.php?rest_route=%2Fwp%2Fv2%2Fcomments&post=463975"}],"version-history":[{"count":2,"href":"https:\/\/primermomento.com\/index.php?rest_route=\/wp\/v2\/posts\/463975\/revisions"}],"predecessor-version":[{"id":464049,"href":"https:\/\/primermomento.com\/index.php?rest_route=\/wp\/v2\/posts\/463975\/revisions\/464049"}],"wp:featuredmedia":[{"embeddable":true,"href":"https:\/\/primermomento.com\/index.php?rest_route=\/wp\/v2\/media\/463976"}],"wp:attachment":[{"href":"https:\/\/primermomento.com\/index.php?rest_route=%2Fwp%2Fv2%2Fmedia&parent=463975"}],"wp:term":[{"taxonomy":"category","embeddable":true,"href":"https:\/\/primermomento.com\/index.php?rest_route=%2Fwp%2Fv2%2Fcategories&post=463975"},{"taxonomy":"post_tag","embeddable":true,"href":"https:\/\/primermomento.com\/index.php?rest_route=%2Fwp%2Fv2%2Ftags&post=463975"}],"curies":[{"name":"wp","href":"https:\/\/api.w.org\/{rel}","templated":true}]}}