{"id":464033,"date":"2026-04-06T09:30:16","date_gmt":"2026-04-06T13:30:16","guid":{"rendered":"https:\/\/primermomento.com\/?p=464033"},"modified":"2026-04-06T15:18:27","modified_gmt":"2026-04-06T19:18:27","slug":"como-influyen-los-factores-sociales-en-la-salud-mental","status":"publish","type":"post","link":"https:\/\/primermomento.com\/?p=464033","title":{"rendered":"\u00bfC\u00f3mo influyen los factores sociales en la salud mental?"},"content":{"rendered":"<div>\n<p><strong><em><span lang=\"ES-DO\">Por <span style=\"color: #ff0000;\">Ram\u00f3n Ceballo<\/span><\/span><\/em><\/strong><\/p>\n<p><span lang=\"ES-DO\">Hablar de salud mental ya no puede limitarse al \u00e1mbito individual. Las condiciones en las que nacemos, crecemos y vivimos tienen un impacto directo en nuestro bienestar psicol\u00f3gico. Comprender esta relaci\u00f3n es clave para abordar una de las crisis m\u00e1s silenciosas de nuestro tiempo.<\/span><\/p>\n<p><span lang=\"ES-DO\">Durante a\u00f1os, la salud mental fue abordada como un asunto estrictamente individual, reducido a diagn\u00f3sticos cl\u00ednicos y tratamientos farmacol\u00f3gicos. Sin embargo, la evidencia acumulada desde disciplinas como la\u00a0Psiquiatr\u00eda Social\u00a0y la\u00a0Salud P\u00fablica\u00a0ha desmontado esa visi\u00f3n limitada.\u00a0<\/span><\/p>\n<figure id=\"attachment_458434\" aria-describedby=\"caption-attachment-458434\" style=\"width: 231px\" class=\"wp-caption alignleft\"><img loading=\"lazy\" decoding=\"async\" class=\"size-full wp-image-458434\" src=\"https:\/\/primermomento.com\/wp-content\/uploads\/2025\/12\/Ramon-Ceballo1.jpg\" alt=\"\" width=\"231\" height=\"273\" \/><figcaption id=\"caption-attachment-458434\" class=\"wp-caption-text\">Ram\u00f3n Ceballo<br \/>sic\u00f3logo y psiquiatra.<\/figcaption><\/figure>\n<p><span lang=\"ES-DO\">Hoy resulta innegable que la mente humana no se desarrolla en el vac\u00edo: est\u00e1 profundamente condicionada por el entorno social, econ\u00f3mico y cultural en el que vivimos.<\/span><\/p>\n<p><span lang=\"ES-DO\">Uno de los factores m\u00e1s determinantes es la pobreza. La precariedad econ\u00f3mica no solo implica carencias materiales, sino tambi\u00e9n una carga constante de incertidumbre que se traduce en estr\u00e9s cr\u00f3nico.\u00a0<\/span><\/p>\n<p><span lang=\"ES-DO\">Este tipo de presi\u00f3n sostenida est\u00e1 estrechamente vinculado a trastornos como la\u00a0Depresi\u00f3n\u00a0y la\u00a0Ansiedad.<\/span><\/p>\n<p><span lang=\"ES-DO\">\u00a0A esto se suma la desigualdad social, que profundiza las brechas en el acceso a servicios de salud y apoyo psicol\u00f3gico, perpetuando ciclos de vulnerabilidad.<\/span><\/p>\n<p><span lang=\"ES-DO\">El desempleo y la inestabilidad laboral constituyen otro eje cr\u00edtico. No se trata \u00fanicamente de la falta de ingresos, sino del impacto que esto tiene en la autoestima, la identidad y el sentido de prop\u00f3sito.<\/span><\/p>\n<p><span lang=\"ES-DO\">\u00a0La incertidumbre laboral prolongada puede generar un deterioro emocional significativo, incrementando el riesgo de trastornos mentales y afectando la calidad de vida.<\/span><\/p>\n<p><span lang=\"ES-DO\">En paralelo, la violencia \u2014ya sea dom\u00e9stica, comunitaria o estructural\u2014 deja huellas profundas en la salud psicol\u00f3gica.\u00a0<\/span><\/p>\n<p><span lang=\"ES-DO\">La exposici\u00f3n a entornos violentos est\u00e1 directamente relacionada con el\u00a0Trastorno de Estr\u00e9s Postraum\u00e1tico, as\u00ed como con la depresi\u00f3n y el consumo problem\u00e1tico de sustancias.\u00a0<\/span><\/p>\n<p><span lang=\"ES-DO\">En contextos donde la violencia es cotidiana, el da\u00f1o emocional se normaliza, invisibilizando una crisis silenciosa.<\/span><\/p>\n<p><span lang=\"ES-DO\">Otro elemento clave es el aislamiento social. La ausencia de redes de apoyo, como la familia o la comunidad, incrementa significativamente el riesgo de padecer trastornos mentales.<\/span><\/p>\n<p><span lang=\"ES-DO\">\u00a0El ser humano es, por naturaleza, un ser social; cuando ese v\u00ednculo se rompe, la vulnerabilidad emocional aumenta.\u00a0<\/span><\/p>\n<p><span lang=\"ES-DO\">De hecho, el aislamiento es considerado uno de los factores m\u00e1s determinantes en el deterioro de la salud mental contempor\u00e1nea.<\/span><\/p>\n<p><span lang=\"ES-DO\">La discriminaci\u00f3n y la exclusi\u00f3n social tambi\u00e9n juegan un papel central. Personas que enfrentan rechazo por su g\u00e9nero, origen, orientaci\u00f3n sexual o condici\u00f3n migratoria experimentan niveles elevados de estr\u00e9s cr\u00f3nico, ansiedad y depresi\u00f3n.\u00a0<\/span><\/p>\n<p><span lang=\"ES-DO\">Este tipo de violencia simb\u00f3lica, aunque menos visible, tiene efectos profundos y duraderos.<\/span><\/p>\n<p><span lang=\"ES-DO\">A estos factores se suman el nivel educativo y las condiciones de vida. Un acceso limitado a la educaci\u00f3n reduce oportunidades laborales y dificulta la comprensi\u00f3n y atenci\u00f3n de los problemas de salud mental.\u00a0<\/span><\/p>\n<p><span lang=\"ES-DO\">Asimismo, vivir en entornos urbanos marcados por el hacinamiento, la contaminaci\u00f3n y la inseguridad incrementa el riesgo de trastornos como la\u00a0Esquizofrenia\u00a0y otros cuadros de ansiedad.<\/span><\/p>\n<p><span lang=\"ES-DO\">La\u00a0Organizaci\u00f3n Mundial de la Salud\u00a0ha reconocido que la salud mental est\u00e1 determinada por una compleja interacci\u00f3n de factores sociales, econ\u00f3micos y culturales.\u00a0<\/span><\/p>\n<p><span lang=\"ES-DO\">Estos act\u00faan a trav\u00e9s de mecanismos como el estr\u00e9s cr\u00f3nico, la exposici\u00f3n a eventos traum\u00e1ticos y la falta de oportunidades, impactando directamente en los procesos biol\u00f3gicos y psicol\u00f3gicos del individuo.<\/span><\/p>\n<p><span lang=\"ES-DO\">En definitiva, los trastornos mentales no pueden entenderse sin analizar el contexto en el que surgen.\u00a0<\/span><\/p>\n<p><span lang=\"ES-DO\">La salud mental no es solo una responsabilidad individual, sino un reflejo de las condiciones sociales. Ignorar esta realidad implica seguir tratando s\u00edntomas sin abordar las causas.<\/span><\/p>\n<p><span lang=\"ES-DO\">\u00a0En regiones como Am\u00e9rica Latina, marcadas por profundas desigualdades, comprender esta relaci\u00f3n no es solo un ejercicio acad\u00e9mico, sino una urgencia pol\u00edtica y social.<\/span><\/p>\n<\/div>\n<div class=\"yj6qo\"><\/div>\n<div class=\"adL\"><\/div>\n","protected":false},"excerpt":{"rendered":"<p>Por Ram\u00f3n Ceballo Hablar de salud mental ya no puede limitarse al \u00e1mbito individual. Las condiciones en las que nacemos, crecemos y vivimos tienen un impacto directo en nuestro bienestar psicol\u00f3gico. Comprender esta relaci\u00f3n es clave para abordar una de las crisis m\u00e1s silenciosas de nuestro tiempo. Durante a\u00f1os, la salud mental fue abordada como [&hellip;]<\/p>\n","protected":false},"author":1,"featured_media":443850,"comment_status":"open","ping_status":"open","sticky":false,"template":"","format":"standard","meta":{"_bbp_topic_count":0,"_bbp_reply_count":0,"_bbp_total_topic_count":0,"_bbp_total_reply_count":0,"_bbp_voice_count":0,"_bbp_anonymous_reply_count":0,"_bbp_topic_count_hidden":0,"_bbp_reply_count_hidden":0,"_bbp_forum_subforum_count":0,"footnotes":""},"categories":[33],"tags":[],"class_list":{"0":"post-464033","1":"post","2":"type-post","3":"status-publish","4":"format-standard","5":"has-post-thumbnail","7":"category-opinion"},"_links":{"self":[{"href":"https:\/\/primermomento.com\/index.php?rest_route=\/wp\/v2\/posts\/464033","targetHints":{"allow":["GET"]}}],"collection":[{"href":"https:\/\/primermomento.com\/index.php?rest_route=\/wp\/v2\/posts"}],"about":[{"href":"https:\/\/primermomento.com\/index.php?rest_route=\/wp\/v2\/types\/post"}],"author":[{"embeddable":true,"href":"https:\/\/primermomento.com\/index.php?rest_route=\/wp\/v2\/users\/1"}],"replies":[{"embeddable":true,"href":"https:\/\/primermomento.com\/index.php?rest_route=%2Fwp%2Fv2%2Fcomments&post=464033"}],"version-history":[{"count":1,"href":"https:\/\/primermomento.com\/index.php?rest_route=\/wp\/v2\/posts\/464033\/revisions"}],"predecessor-version":[{"id":464034,"href":"https:\/\/primermomento.com\/index.php?rest_route=\/wp\/v2\/posts\/464033\/revisions\/464034"}],"wp:featuredmedia":[{"embeddable":true,"href":"https:\/\/primermomento.com\/index.php?rest_route=\/wp\/v2\/media\/443850"}],"wp:attachment":[{"href":"https:\/\/primermomento.com\/index.php?rest_route=%2Fwp%2Fv2%2Fmedia&parent=464033"}],"wp:term":[{"taxonomy":"category","embeddable":true,"href":"https:\/\/primermomento.com\/index.php?rest_route=%2Fwp%2Fv2%2Fcategories&post=464033"},{"taxonomy":"post_tag","embeddable":true,"href":"https:\/\/primermomento.com\/index.php?rest_route=%2Fwp%2Fv2%2Ftags&post=464033"}],"curies":[{"name":"wp","href":"https:\/\/api.w.org\/{rel}","templated":true}]}}